{"id":1278,"date":"2015-12-06T15:20:24","date_gmt":"2015-12-06T14:20:24","guid":{"rendered":"http:\/\/www.slovenci-zagreb.hr\/si\/?p=1278"},"modified":"2015-12-11T10:20:53","modified_gmt":"2015-12-11T09:20:53","slug":"obisk-muzeja-avsenik-in-rojstne-hise-franceta-preserna","status":"publish","type":"post","link":"http:\/\/www.slovenci-zagreb.hr\/si\/obisk-muzeja-avsenik-in-rojstne-hise-franceta-preserna\/","title":{"rendered":"Obisk muzeja Avsenik in rojstne hi\u0161e Franceta Pre\u0161erna"},"content":{"rendered":"<p style=\"text-align: justify\">Begunje na Gorenjskem \u2013 5. december 2015 \u00a0 \u00a0 \u010clani SSNM MZ so v muzeju Avsenik spoznali zgodovino enega najuspe\u0161nej\u0161ih slovenskih ansamblov. Ogledali so si muzejske eksponate in in\u0161trumente, last \u010dlanov ansambla in \u0161tevilna priznanja, razstavo fotografij in nagrade, ki jih je skozi leta pridobil ne le Slavko Avsenik, ampak tudi ostali \u010dlani ansambla. V dokumentarnem filmu so se \u010dlani seznanili z za\u010detki glasbenega ustvarjanja in z razvojem fenomena glasbe Avsenik. Obiskali so tudi galerijo Avsenik.<br \/>\nV Vrbi na Gorenjskem so si ogledali rojstno hi\u0161o najve\u010djega slovenskega pesnika Franceta Pre\u0161erna in prisluhnili pripovedi o manj znanih zanimivostih iz \u017eivljenja velikega pesnika. (akm)<\/p>\n<p style=\"text-align: justify\">Ve\u010d v Novem odmevu 57.<\/p>\n<div id=\"attachment_1280\" style=\"width: 310px\" class=\"wp-caption aligncenter\"><a href=\"http:\/\/www.slovenci-zagreb.hr\/si\/wp-content\/uploads\/sites\/2\/2015\/12\/JURINIC2_AVSENIK_FOTO_C_PANDOL.jpg\"><img decoding=\"async\" aria-describedby=\"caption-attachment-1280\" class=\"wp-image-1280 size-medium\" src=\"http:\/\/www.slovenci-zagreb.hr\/si\/wp-content\/uploads\/sites\/2\/2015\/12\/JURINIC2_AVSENIK_FOTO_C_PANDOL-300x225.jpg\" alt=\"JURINIC2_AVSENIK_FOTO_C_PANDOL\" width=\"300\" height=\"225\" srcset=\"http:\/\/www.slovenci-zagreb.hr\/si\/wp-content\/uploads\/sites\/2\/2015\/12\/JURINIC2_AVSENIK_FOTO_C_PANDOL-300x225.jpg 300w, http:\/\/www.slovenci-zagreb.hr\/si\/wp-content\/uploads\/sites\/2\/2015\/12\/JURINIC2_AVSENIK_FOTO_C_PANDOL-1024x768.jpg 1024w\" sizes=\"(max-width: 300px) 100vw, 300px\" \/><\/a><p id=\"caption-attachment-1280\" class=\"wp-caption-text\">\u010clani Sveta pred muzejem Avsenik, oz. pred restavracijo <em>Pri Jo\u017eovcu<\/em>. Foto: CP<\/p><\/div>\n<div id=\"attachment_1281\" style=\"width: 310px\" class=\"wp-caption aligncenter\"><a href=\"http:\/\/www.slovenci-zagreb.hr\/si\/wp-content\/uploads\/sites\/2\/2015\/12\/JURINIC2_VRBA_FOTO_AKM.jpg\"><img decoding=\"async\" aria-describedby=\"caption-attachment-1281\" class=\"wp-image-1281 size-medium\" src=\"http:\/\/www.slovenci-zagreb.hr\/si\/wp-content\/uploads\/sites\/2\/2015\/12\/JURINIC2_VRBA_FOTO_AKM-300x225.jpg\" alt=\"JURINIC2_VRBA_FOTO_AKM\" width=\"300\" height=\"225\" srcset=\"http:\/\/www.slovenci-zagreb.hr\/si\/wp-content\/uploads\/sites\/2\/2015\/12\/JURINIC2_VRBA_FOTO_AKM-300x225.jpg 300w, http:\/\/www.slovenci-zagreb.hr\/si\/wp-content\/uploads\/sites\/2\/2015\/12\/JURINIC2_VRBA_FOTO_AKM-1024x768.jpg 1024w\" sizes=\"(max-width: 300px) 100vw, 300px\" \/><\/a><p id=\"caption-attachment-1281\" class=\"wp-caption-text\">\u010clani Sveta pred doprsnim kipom Franceta Pre\u0161erna. Foto: akm<\/p><\/div>\n","protected":false},"excerpt":{"rendered":"<p>Begunje na Gorenjskem \u2013 5. december 2015 \u00a0 \u00a0 \u010clani SSNM MZ so v muzeju Avsenik spoznali zgodovino enega najuspe\u0161nej\u0161ih slovenskih ansamblov. Ogledali so si muzejske eksponate in in\u0161trumente, last \u010dlanov ansambla in \u0161tevilna priznanja, razstavo fotografij in nagrade, ki jih je skozi leta pridobil ne le Slavko Avsenik, ampak tudi ostali \u010dlani ansambla. V [&hellip;]<\/p>\n","protected":false},"author":3,"featured_media":1279,"comment_status":"closed","ping_status":"open","sticky":false,"template":"","format":"standard","meta":{"footnotes":""},"categories":[5],"tags":[],"yoast_head":"<!-- This site is optimized with the Yoast SEO plugin v22.0 - https:\/\/yoast.com\/wordpress\/plugins\/seo\/ -->\n<title>Obisk muzeja Avsenik in rojstne hi\u0161e Franceta Pre\u0161erna | Slovenski dom in Svet slovenske nacionalne manj\u0161ine Mesta Zagreb<\/title>\n<meta name=\"robots\" content=\"index, follow, max-snippet:-1, max-image-preview:large, max-video-preview:-1\" \/>\n<link rel=\"canonical\" href=\"https:\/\/www.slovenci-zagreb.hr\/si\/obisk-muzeja-avsenik-in-rojstne-hise-franceta-preserna\/\" \/>\n<meta property=\"og:locale\" content=\"sl_SI\" \/>\n<meta property=\"og:type\" content=\"article\" \/>\n<meta property=\"og:title\" content=\"Obisk muzeja Avsenik in rojstne hi\u0161e Franceta Pre\u0161erna | Slovenski dom in Svet slovenske nacionalne manj\u0161ine Mesta Zagreb\" \/>\n<meta property=\"og:description\" content=\"Begunje na Gorenjskem \u2013 5. december 2015 \u00a0 \u00a0 \u010clani SSNM MZ so v muzeju Avsenik spoznali zgodovino enega najuspe\u0161nej\u0161ih slovenskih ansamblov. Ogledali so si muzejske eksponate in in\u0161trumente, last \u010dlanov ansambla in \u0161tevilna priznanja, razstavo fotografij in nagrade, ki jih je skozi leta pridobil ne le Slavko Avsenik, ampak tudi ostali \u010dlani ansambla. V [&hellip;]\" \/>\n<meta property=\"og:url\" content=\"https:\/\/www.slovenci-zagreb.hr\/si\/obisk-muzeja-avsenik-in-rojstne-hise-franceta-preserna\/\" \/>\n<meta property=\"og:site_name\" content=\"Slovenski dom in Svet slovenske nacionalne manj\u0161ine Mesta Zagreb\" \/>\n<meta property=\"article:published_time\" content=\"2015-12-06T14:20:24+00:00\" \/>\n<meta property=\"article:modified_time\" content=\"2015-12-11T09:20:53+00:00\" \/>\n<meta property=\"og:image\" content=\"https:\/\/www.slovenci-zagreb.hr\/si\/wp-content\/uploads\/sites\/2\/2015\/12\/slavkoavsenik.jpg\" \/>\n\t<meta property=\"og:image:width\" content=\"157\" \/>\n\t<meta property=\"og:image:height\" content=\"207\" \/>\n\t<meta property=\"og:image:type\" content=\"image\/jpeg\" \/>\n<meta name=\"author\" content=\"agata\" \/>\n<meta name=\"twitter:label1\" content=\"Written by\" \/>\n\t<meta name=\"twitter:data1\" content=\"agata\" \/>\n\t<meta name=\"twitter:label2\" content=\"Est. reading time\" \/>\n\t<meta name=\"twitter:data2\" content=\"1 minuta\" \/>\n<script type=\"application\/ld+json\" class=\"yoast-schema-graph\">{\"@context\":\"https:\/\/schema.org\",\"@graph\":[{\"@type\":\"WebPage\",\"@id\":\"https:\/\/www.slovenci-zagreb.hr\/si\/obisk-muzeja-avsenik-in-rojstne-hise-franceta-preserna\/\",\"url\":\"https:\/\/www.slovenci-zagreb.hr\/si\/obisk-muzeja-avsenik-in-rojstne-hise-franceta-preserna\/\",\"name\":\"Obisk muzeja Avsenik in rojstne hi\u0161e Franceta Pre\u0161erna | Slovenski dom in Svet slovenske nacionalne manj\u0161ine Mesta Zagreb\",\"isPartOf\":{\"@id\":\"http:\/\/www.slovenci-zagreb.hr\/si\/#website\"},\"datePublished\":\"2015-12-06T14:20:24+00:00\",\"dateModified\":\"2015-12-11T09:20:53+00:00\",\"author\":{\"@id\":\"http:\/\/www.slovenci-zagreb.hr\/si\/#\/schema\/person\/a34ecc40aa73e6dd78780facef777d32\"},\"breadcrumb\":{\"@id\":\"https:\/\/www.slovenci-zagreb.hr\/si\/obisk-muzeja-avsenik-in-rojstne-hise-franceta-preserna\/#breadcrumb\"},\"inLanguage\":\"sl-SI\",\"potentialAction\":[{\"@type\":\"ReadAction\",\"target\":[\"https:\/\/www.slovenci-zagreb.hr\/si\/obisk-muzeja-avsenik-in-rojstne-hise-franceta-preserna\/\"]}]},{\"@type\":\"BreadcrumbList\",\"@id\":\"https:\/\/www.slovenci-zagreb.hr\/si\/obisk-muzeja-avsenik-in-rojstne-hise-franceta-preserna\/#breadcrumb\",\"itemListElement\":[{\"@type\":\"ListItem\",\"position\":1,\"name\":\"Home\",\"item\":\"http:\/\/www.slovenci-zagreb.hr\/si\/\"},{\"@type\":\"ListItem\",\"position\":2,\"name\":\"Obisk muzeja Avsenik in rojstne hi\u0161e Franceta Pre\u0161erna\"}]},{\"@type\":\"WebSite\",\"@id\":\"http:\/\/www.slovenci-zagreb.hr\/si\/#website\",\"url\":\"http:\/\/www.slovenci-zagreb.hr\/si\/\",\"name\":\"Slovenski dom in Svet slovenske nacionalne manj\u0161ine Mesta Zagreb\",\"description\":\"\",\"potentialAction\":[{\"@type\":\"SearchAction\",\"target\":{\"@type\":\"EntryPoint\",\"urlTemplate\":\"http:\/\/www.slovenci-zagreb.hr\/si\/?s={search_term_string}\"},\"query-input\":\"required name=search_term_string\"}],\"inLanguage\":\"sl-SI\"},{\"@type\":\"Person\",\"@id\":\"http:\/\/www.slovenci-zagreb.hr\/si\/#\/schema\/person\/a34ecc40aa73e6dd78780facef777d32\",\"name\":\"agata\",\"image\":{\"@type\":\"ImageObject\",\"inLanguage\":\"sl-SI\",\"@id\":\"http:\/\/www.slovenci-zagreb.hr\/si\/#\/schema\/person\/image\/\",\"url\":\"http:\/\/1.gravatar.com\/avatar\/42c070b2dbf14a48e0639733f946c907?s=96&d=mm&r=g\",\"contentUrl\":\"http:\/\/1.gravatar.com\/avatar\/42c070b2dbf14a48e0639733f946c907?s=96&d=mm&r=g\",\"caption\":\"agata\"},\"url\":\"http:\/\/www.slovenci-zagreb.hr\/si\/author\/agata\/\"}]}<\/script>\n<!-- \/ Yoast SEO plugin. -->","yoast_head_json":{"title":"Obisk muzeja Avsenik in rojstne hi\u0161e Franceta Pre\u0161erna | Slovenski dom in Svet slovenske nacionalne manj\u0161ine Mesta Zagreb","robots":{"index":"index","follow":"follow","max-snippet":"max-snippet:-1","max-image-preview":"max-image-preview:large","max-video-preview":"max-video-preview:-1"},"canonical":"https:\/\/www.slovenci-zagreb.hr\/si\/obisk-muzeja-avsenik-in-rojstne-hise-franceta-preserna\/","og_locale":"sl_SI","og_type":"article","og_title":"Obisk muzeja Avsenik in rojstne hi\u0161e Franceta Pre\u0161erna | Slovenski dom in Svet slovenske nacionalne manj\u0161ine Mesta Zagreb","og_description":"Begunje na Gorenjskem \u2013 5. december 2015 \u00a0 \u00a0 \u010clani SSNM MZ so v muzeju Avsenik spoznali zgodovino enega najuspe\u0161nej\u0161ih slovenskih ansamblov. Ogledali so si muzejske eksponate in in\u0161trumente, last \u010dlanov ansambla in \u0161tevilna priznanja, razstavo fotografij in nagrade, ki jih je skozi leta pridobil ne le Slavko Avsenik, ampak tudi ostali \u010dlani ansambla. V [&hellip;]","og_url":"https:\/\/www.slovenci-zagreb.hr\/si\/obisk-muzeja-avsenik-in-rojstne-hise-franceta-preserna\/","og_site_name":"Slovenski dom in Svet slovenske nacionalne manj\u0161ine Mesta Zagreb","article_published_time":"2015-12-06T14:20:24+00:00","article_modified_time":"2015-12-11T09:20:53+00:00","og_image":[{"width":157,"height":207,"url":"https:\/\/www.slovenci-zagreb.hr\/si\/wp-content\/uploads\/sites\/2\/2015\/12\/slavkoavsenik.jpg","type":"image\/jpeg"}],"author":"agata","twitter_misc":{"Written by":"agata","Est. reading time":"1 minuta"},"schema":{"@context":"https:\/\/schema.org","@graph":[{"@type":"WebPage","@id":"https:\/\/www.slovenci-zagreb.hr\/si\/obisk-muzeja-avsenik-in-rojstne-hise-franceta-preserna\/","url":"https:\/\/www.slovenci-zagreb.hr\/si\/obisk-muzeja-avsenik-in-rojstne-hise-franceta-preserna\/","name":"Obisk muzeja Avsenik in rojstne hi\u0161e Franceta Pre\u0161erna | Slovenski dom in Svet slovenske nacionalne manj\u0161ine Mesta Zagreb","isPartOf":{"@id":"http:\/\/www.slovenci-zagreb.hr\/si\/#website"},"datePublished":"2015-12-06T14:20:24+00:00","dateModified":"2015-12-11T09:20:53+00:00","author":{"@id":"http:\/\/www.slovenci-zagreb.hr\/si\/#\/schema\/person\/a34ecc40aa73e6dd78780facef777d32"},"breadcrumb":{"@id":"https:\/\/www.slovenci-zagreb.hr\/si\/obisk-muzeja-avsenik-in-rojstne-hise-franceta-preserna\/#breadcrumb"},"inLanguage":"sl-SI","potentialAction":[{"@type":"ReadAction","target":["https:\/\/www.slovenci-zagreb.hr\/si\/obisk-muzeja-avsenik-in-rojstne-hise-franceta-preserna\/"]}]},{"@type":"BreadcrumbList","@id":"https:\/\/www.slovenci-zagreb.hr\/si\/obisk-muzeja-avsenik-in-rojstne-hise-franceta-preserna\/#breadcrumb","itemListElement":[{"@type":"ListItem","position":1,"name":"Home","item":"http:\/\/www.slovenci-zagreb.hr\/si\/"},{"@type":"ListItem","position":2,"name":"Obisk muzeja Avsenik in rojstne hi\u0161e Franceta Pre\u0161erna"}]},{"@type":"WebSite","@id":"http:\/\/www.slovenci-zagreb.hr\/si\/#website","url":"http:\/\/www.slovenci-zagreb.hr\/si\/","name":"Slovenski dom in Svet slovenske nacionalne manj\u0161ine Mesta Zagreb","description":"","potentialAction":[{"@type":"SearchAction","target":{"@type":"EntryPoint","urlTemplate":"http:\/\/www.slovenci-zagreb.hr\/si\/?s={search_term_string}"},"query-input":"required name=search_term_string"}],"inLanguage":"sl-SI"},{"@type":"Person","@id":"http:\/\/www.slovenci-zagreb.hr\/si\/#\/schema\/person\/a34ecc40aa73e6dd78780facef777d32","name":"agata","image":{"@type":"ImageObject","inLanguage":"sl-SI","@id":"http:\/\/www.slovenci-zagreb.hr\/si\/#\/schema\/person\/image\/","url":"http:\/\/1.gravatar.com\/avatar\/42c070b2dbf14a48e0639733f946c907?s=96&d=mm&r=g","contentUrl":"http:\/\/1.gravatar.com\/avatar\/42c070b2dbf14a48e0639733f946c907?s=96&d=mm&r=g","caption":"agata"},"url":"http:\/\/www.slovenci-zagreb.hr\/si\/author\/agata\/"}]}},"_links":{"self":[{"href":"http:\/\/www.slovenci-zagreb.hr\/si\/wp-json\/wp\/v2\/posts\/1278"}],"collection":[{"href":"http:\/\/www.slovenci-zagreb.hr\/si\/wp-json\/wp\/v2\/posts"}],"about":[{"href":"http:\/\/www.slovenci-zagreb.hr\/si\/wp-json\/wp\/v2\/types\/post"}],"author":[{"embeddable":true,"href":"http:\/\/www.slovenci-zagreb.hr\/si\/wp-json\/wp\/v2\/users\/3"}],"replies":[{"embeddable":true,"href":"http:\/\/www.slovenci-zagreb.hr\/si\/wp-json\/wp\/v2\/comments?post=1278"}],"version-history":[{"count":6,"href":"http:\/\/www.slovenci-zagreb.hr\/si\/wp-json\/wp\/v2\/posts\/1278\/revisions"}],"predecessor-version":[{"id":1305,"href":"http:\/\/www.slovenci-zagreb.hr\/si\/wp-json\/wp\/v2\/posts\/1278\/revisions\/1305"}],"wp:featuredmedia":[{"embeddable":true,"href":"http:\/\/www.slovenci-zagreb.hr\/si\/wp-json\/wp\/v2\/media\/1279"}],"wp:attachment":[{"href":"http:\/\/www.slovenci-zagreb.hr\/si\/wp-json\/wp\/v2\/media?parent=1278"}],"wp:term":[{"taxonomy":"category","embeddable":true,"href":"http:\/\/www.slovenci-zagreb.hr\/si\/wp-json\/wp\/v2\/categories?post=1278"},{"taxonomy":"post_tag","embeddable":true,"href":"http:\/\/www.slovenci-zagreb.hr\/si\/wp-json\/wp\/v2\/tags?post=1278"}],"curies":[{"name":"wp","href":"https:\/\/api.w.org\/{rel}","templated":true}]}}