{"id":1633,"date":"2016-10-27T13:00:52","date_gmt":"2016-10-27T11:00:52","guid":{"rendered":"http:\/\/www.slovenci-zagreb.hr\/si\/?p=1633"},"modified":"2016-12-01T11:58:54","modified_gmt":"2016-12-01T10:58:54","slug":"proslava-dneva-reformacije-s-filmom-rodoljub-ilirski","status":"publish","type":"post","link":"http:\/\/www.slovenci-zagreb.hr\/si\/proslava-dneva-reformacije-s-filmom-rodoljub-ilirski\/","title":{"rendered":"Proslava dneva reformacije s filmom \u00bbRodoljub Ilirski\u00ab"},"content":{"rendered":"<p>Zagreb &#8211; 26. oktober 2016<\/p>\n<p>V Slovenskem domu je ob slovenskem dr\u017eavnem prazniku dnevu reformacije 26. oktobra 2016 potekal filmski ve\u010der, na katerem so si \u0161tevilni obiskovalci, med njimi tudi veleposlanica Republike Slovenije na Hrva\u0161kem dr. <strong>Smiljana Knez<\/strong> in predsednik Slovenskega doma ter Sveta slovenske nacionalne manj\u0161ine Mesta Zagreb <strong>Darko \u0160onc<\/strong>, ogledali izjemen film \u00bbRodoljub Ilirski\u00ab. Film govori o utemeljitelju slovenskega knji\u017enega jezika in slovstva ter verskem reformatorju Primo\u017eu Trubarju.<\/p>\n<p>Dokumentarni film je nastal leta 2008 ob 500-letnici Trubarjevega rojstva na pobudo profesorice sloven\u0161\u010dine<strong> Sonje \u010cernela <\/strong>z\u00a0Ekonomske \u0161ole v Murski Soboti. Pri nastanku filma so sodelovali dijaki in profesorji Ekonomske \u0161ole, ki so v letu in pol obiskali kraje, kjer je Trubar \u017eivel in deloval. Po predvajanju filma, ki ga je ob\u010dinstvo nagradilo z navdu\u0161enim aplavzom, je snemalec <strong>Ludvik Rogan<\/strong> odgovarjal na \u0161tevilna vpra\u0161anja, veleposlanica pa izrazila pohvalo ustvarjalcem filma in slovenski skupnosti v Zagrebu za prizadevanja pri ohranjanju slovenske besede. (akm)<\/p>\n<p>Ve\u010d v Novem odmevu 60.<\/p>\n<div id=\"attachment_1639\" style=\"width: 235px\" class=\"wp-caption aligncenter\"><a href=\"http:\/\/www.slovenci-zagreb.hr\/si\/wp-content\/uploads\/sites\/2\/2016\/10\/Ludvik-Rogan2.jpg\"><img decoding=\"async\" aria-describedby=\"caption-attachment-1639\" class=\"wp-image-1639 size-medium\" src=\"http:\/\/www.slovenci-zagreb.hr\/si\/wp-content\/uploads\/sites\/2\/2016\/10\/Ludvik-Rogan2-225x300.jpg\" alt=\"ludvik-rogan\" width=\"225\" height=\"300\" srcset=\"http:\/\/www.slovenci-zagreb.hr\/si\/wp-content\/uploads\/sites\/2\/2016\/10\/Ludvik-Rogan2-225x300.jpg 225w, http:\/\/www.slovenci-zagreb.hr\/si\/wp-content\/uploads\/sites\/2\/2016\/10\/Ludvik-Rogan2-768x1024.jpg 768w\" sizes=\"(max-width: 225px) 100vw, 225px\" \/><\/a><p id=\"caption-attachment-1639\" class=\"wp-caption-text\">Snemalec filma o Primo\u017eu Trubarju Ludvik Rogan. Foto: akm<\/p><\/div>\n<div id=\"attachment_1641\" style=\"width: 310px\" class=\"wp-caption aligncenter\"><a href=\"http:\/\/www.slovenci-zagreb.hr\/si\/wp-content\/uploads\/sites\/2\/2016\/10\/prikazivanje_filma_2_.jpg\"><img decoding=\"async\" aria-describedby=\"caption-attachment-1641\" class=\"wp-image-1641 size-medium\" src=\"http:\/\/www.slovenci-zagreb.hr\/si\/wp-content\/uploads\/sites\/2\/2016\/10\/prikazivanje_filma_2_-300x160.jpg\" alt=\"prikazivanje_filma_2_\" width=\"300\" height=\"160\" srcset=\"http:\/\/www.slovenci-zagreb.hr\/si\/wp-content\/uploads\/sites\/2\/2016\/10\/prikazivanje_filma_2_-300x160.jpg 300w, http:\/\/www.slovenci-zagreb.hr\/si\/wp-content\/uploads\/sites\/2\/2016\/10\/prikazivanje_filma_2_.jpg 560w\" sizes=\"(max-width: 300px) 100vw, 300px\" \/><\/a><p id=\"caption-attachment-1641\" class=\"wp-caption-text\">Foto: Toni Hnoj\u010dik<\/p><\/div>\n<p>&nbsp;<\/p>\n<div id=\"attachment_1642\" style=\"width: 310px\" class=\"wp-caption aligncenter\"><a href=\"http:\/\/www.slovenci-zagreb.hr\/si\/wp-content\/uploads\/sites\/2\/2016\/10\/prikazivanje_filma_3_.jpg\"><img decoding=\"async\" aria-describedby=\"caption-attachment-1642\" class=\"wp-image-1642 size-medium\" src=\"http:\/\/www.slovenci-zagreb.hr\/si\/wp-content\/uploads\/sites\/2\/2016\/10\/prikazivanje_filma_3_-300x204.jpg\" alt=\"prikazivanje_filma_3_\" width=\"300\" height=\"204\" srcset=\"http:\/\/www.slovenci-zagreb.hr\/si\/wp-content\/uploads\/sites\/2\/2016\/10\/prikazivanje_filma_3_-300x204.jpg 300w, http:\/\/www.slovenci-zagreb.hr\/si\/wp-content\/uploads\/sites\/2\/2016\/10\/prikazivanje_filma_3_-1024x696.jpg 1024w, http:\/\/www.slovenci-zagreb.hr\/si\/wp-content\/uploads\/sites\/2\/2016\/10\/prikazivanje_filma_3_.jpg 1600w\" sizes=\"(max-width: 300px) 100vw, 300px\" \/><\/a><p id=\"caption-attachment-1642\" class=\"wp-caption-text\">Predsednik Slovenskega doma in Sveta slovenske nacionalne manj\u0161ine Mesta Zagreb Darko \u0160onc in veleposlanica Republike Slovenije na Hrva\u0161kem dr. Smiljana Knez (desno). Foto: Toni Hnoj\u010dik<\/p><\/div>\n<div id=\"attachment_1645\" style=\"width: 235px\" class=\"wp-caption aligncenter\"><a href=\"http:\/\/www.slovenci-zagreb.hr\/si\/wp-content\/uploads\/sites\/2\/2016\/10\/veleposlanica-na-dnevu-reformacije.jpg\"><img decoding=\"async\" aria-describedby=\"caption-attachment-1645\" class=\"wp-image-1645 size-medium\" src=\"http:\/\/www.slovenci-zagreb.hr\/si\/wp-content\/uploads\/sites\/2\/2016\/10\/veleposlanica-na-dnevu-reformacije-225x300.jpg\" alt=\"veleposlanica-na-dnevu-reformacije\" width=\"225\" height=\"300\" srcset=\"http:\/\/www.slovenci-zagreb.hr\/si\/wp-content\/uploads\/sites\/2\/2016\/10\/veleposlanica-na-dnevu-reformacije-225x300.jpg 225w, http:\/\/www.slovenci-zagreb.hr\/si\/wp-content\/uploads\/sites\/2\/2016\/10\/veleposlanica-na-dnevu-reformacije-768x1024.jpg 768w\" sizes=\"(max-width: 225px) 100vw, 225px\" \/><\/a><p id=\"caption-attachment-1645\" class=\"wp-caption-text\">Veleposlanica Republika Slovenije na Hrva\u0161kem dr. Smiljana Knez. Foto: akm<\/p><\/div>\n<p>&nbsp;<\/p>\n<div id=\"attachment_1644\" style=\"width: 310px\" class=\"wp-caption aligncenter\"><a href=\"http:\/\/www.slovenci-zagreb.hr\/si\/wp-content\/uploads\/sites\/2\/2016\/10\/prikazovanje_filma_1_.jpg\"><img decoding=\"async\" aria-describedby=\"caption-attachment-1644\" class=\"wp-image-1644 size-medium\" src=\"http:\/\/www.slovenci-zagreb.hr\/si\/wp-content\/uploads\/sites\/2\/2016\/10\/prikazovanje_filma_1_-300x166.jpg\" alt=\"prikazovanje_filma_1_\" width=\"300\" height=\"166\" srcset=\"http:\/\/www.slovenci-zagreb.hr\/si\/wp-content\/uploads\/sites\/2\/2016\/10\/prikazovanje_filma_1_-300x166.jpg 300w, http:\/\/www.slovenci-zagreb.hr\/si\/wp-content\/uploads\/sites\/2\/2016\/10\/prikazovanje_filma_1_.jpg 542w\" sizes=\"(max-width: 300px) 100vw, 300px\" \/><\/a><p id=\"caption-attachment-1644\" class=\"wp-caption-text\">Foto: Toni Hnoj\u010dik<\/p><\/div>\n","protected":false},"excerpt":{"rendered":"<p>Zagreb &#8211; 26. oktober 2016 V Slovenskem domu je ob slovenskem dr\u017eavnem prazniku dnevu reformacije 26. oktobra 2016 potekal filmski ve\u010der, na katerem so si \u0161tevilni obiskovalci, med njimi tudi veleposlanica Republike Slovenije na Hrva\u0161kem dr. Smiljana Knez in predsednik Slovenskega doma ter Sveta slovenske nacionalne manj\u0161ine Mesta Zagreb Darko \u0160onc, ogledali izjemen film \u00bbRodoljub [&hellip;]<\/p>\n","protected":false},"author":3,"featured_media":1637,"comment_status":"closed","ping_status":"open","sticky":false,"template":"","format":"standard","meta":{"footnotes":""},"categories":[5],"tags":[],"yoast_head":"<!-- This site is optimized with the Yoast SEO plugin v22.0 - https:\/\/yoast.com\/wordpress\/plugins\/seo\/ -->\n<title>Proslava dneva reformacije s filmom \u00bbRodoljub Ilirski\u00ab | Slovenski dom in Svet slovenske nacionalne manj\u0161ine Mesta Zagreb<\/title>\n<meta name=\"robots\" content=\"index, follow, max-snippet:-1, max-image-preview:large, max-video-preview:-1\" \/>\n<link rel=\"canonical\" href=\"https:\/\/www.slovenci-zagreb.hr\/si\/proslava-dneva-reformacije-s-filmom-rodoljub-ilirski\/\" \/>\n<meta property=\"og:locale\" content=\"sl_SI\" \/>\n<meta property=\"og:type\" content=\"article\" \/>\n<meta property=\"og:title\" content=\"Proslava dneva reformacije s filmom \u00bbRodoljub Ilirski\u00ab | Slovenski dom in Svet slovenske nacionalne manj\u0161ine Mesta Zagreb\" \/>\n<meta property=\"og:description\" content=\"Zagreb &#8211; 26. oktober 2016 V Slovenskem domu je ob slovenskem dr\u017eavnem prazniku dnevu reformacije 26. oktobra 2016 potekal filmski ve\u010der, na katerem so si \u0161tevilni obiskovalci, med njimi tudi veleposlanica Republike Slovenije na Hrva\u0161kem dr. Smiljana Knez in predsednik Slovenskega doma ter Sveta slovenske nacionalne manj\u0161ine Mesta Zagreb Darko \u0160onc, ogledali izjemen film \u00bbRodoljub [&hellip;]\" \/>\n<meta property=\"og:url\" content=\"https:\/\/www.slovenci-zagreb.hr\/si\/proslava-dneva-reformacije-s-filmom-rodoljub-ilirski\/\" \/>\n<meta property=\"og:site_name\" content=\"Slovenski dom in Svet slovenske nacionalne manj\u0161ine Mesta Zagreb\" \/>\n<meta property=\"article:published_time\" content=\"2016-10-27T11:00:52+00:00\" \/>\n<meta property=\"article:modified_time\" content=\"2016-12-01T10:58:54+00:00\" \/>\n<meta property=\"og:image\" content=\"https:\/\/www.slovenci-zagreb.hr\/si\/wp-content\/uploads\/sites\/2\/2016\/10\/Males_Miha_Primoz-Trubar.jpg\" \/>\n\t<meta property=\"og:image:width\" content=\"313\" \/>\n\t<meta property=\"og:image:height\" content=\"417\" \/>\n\t<meta property=\"og:image:type\" content=\"image\/jpeg\" \/>\n<meta name=\"author\" content=\"agata\" \/>\n<meta name=\"twitter:label1\" content=\"Written by\" \/>\n\t<meta name=\"twitter:data1\" content=\"agata\" \/>\n\t<meta name=\"twitter:label2\" content=\"Est. reading time\" \/>\n\t<meta name=\"twitter:data2\" content=\"1 minuta\" \/>\n<script type=\"application\/ld+json\" class=\"yoast-schema-graph\">{\"@context\":\"https:\/\/schema.org\",\"@graph\":[{\"@type\":\"WebPage\",\"@id\":\"https:\/\/www.slovenci-zagreb.hr\/si\/proslava-dneva-reformacije-s-filmom-rodoljub-ilirski\/\",\"url\":\"https:\/\/www.slovenci-zagreb.hr\/si\/proslava-dneva-reformacije-s-filmom-rodoljub-ilirski\/\",\"name\":\"Proslava dneva reformacije s filmom \u00bbRodoljub Ilirski\u00ab | Slovenski dom in Svet slovenske nacionalne manj\u0161ine Mesta Zagreb\",\"isPartOf\":{\"@id\":\"http:\/\/www.slovenci-zagreb.hr\/si\/#website\"},\"datePublished\":\"2016-10-27T11:00:52+00:00\",\"dateModified\":\"2016-12-01T10:58:54+00:00\",\"author\":{\"@id\":\"http:\/\/www.slovenci-zagreb.hr\/si\/#\/schema\/person\/a34ecc40aa73e6dd78780facef777d32\"},\"breadcrumb\":{\"@id\":\"https:\/\/www.slovenci-zagreb.hr\/si\/proslava-dneva-reformacije-s-filmom-rodoljub-ilirski\/#breadcrumb\"},\"inLanguage\":\"sl-SI\",\"potentialAction\":[{\"@type\":\"ReadAction\",\"target\":[\"https:\/\/www.slovenci-zagreb.hr\/si\/proslava-dneva-reformacije-s-filmom-rodoljub-ilirski\/\"]}]},{\"@type\":\"BreadcrumbList\",\"@id\":\"https:\/\/www.slovenci-zagreb.hr\/si\/proslava-dneva-reformacije-s-filmom-rodoljub-ilirski\/#breadcrumb\",\"itemListElement\":[{\"@type\":\"ListItem\",\"position\":1,\"name\":\"Home\",\"item\":\"http:\/\/www.slovenci-zagreb.hr\/si\/\"},{\"@type\":\"ListItem\",\"position\":2,\"name\":\"Proslava dneva reformacije s filmom \u00bbRodoljub Ilirski\u00ab\"}]},{\"@type\":\"WebSite\",\"@id\":\"http:\/\/www.slovenci-zagreb.hr\/si\/#website\",\"url\":\"http:\/\/www.slovenci-zagreb.hr\/si\/\",\"name\":\"Slovenski dom in Svet slovenske nacionalne manj\u0161ine Mesta Zagreb\",\"description\":\"\",\"potentialAction\":[{\"@type\":\"SearchAction\",\"target\":{\"@type\":\"EntryPoint\",\"urlTemplate\":\"http:\/\/www.slovenci-zagreb.hr\/si\/?s={search_term_string}\"},\"query-input\":\"required name=search_term_string\"}],\"inLanguage\":\"sl-SI\"},{\"@type\":\"Person\",\"@id\":\"http:\/\/www.slovenci-zagreb.hr\/si\/#\/schema\/person\/a34ecc40aa73e6dd78780facef777d32\",\"name\":\"agata\",\"image\":{\"@type\":\"ImageObject\",\"inLanguage\":\"sl-SI\",\"@id\":\"http:\/\/www.slovenci-zagreb.hr\/si\/#\/schema\/person\/image\/\",\"url\":\"http:\/\/1.gravatar.com\/avatar\/42c070b2dbf14a48e0639733f946c907?s=96&d=mm&r=g\",\"contentUrl\":\"http:\/\/1.gravatar.com\/avatar\/42c070b2dbf14a48e0639733f946c907?s=96&d=mm&r=g\",\"caption\":\"agata\"},\"url\":\"http:\/\/www.slovenci-zagreb.hr\/si\/author\/agata\/\"}]}<\/script>\n<!-- \/ Yoast SEO plugin. -->","yoast_head_json":{"title":"Proslava dneva reformacije s filmom \u00bbRodoljub Ilirski\u00ab | Slovenski dom in Svet slovenske nacionalne manj\u0161ine Mesta Zagreb","robots":{"index":"index","follow":"follow","max-snippet":"max-snippet:-1","max-image-preview":"max-image-preview:large","max-video-preview":"max-video-preview:-1"},"canonical":"https:\/\/www.slovenci-zagreb.hr\/si\/proslava-dneva-reformacije-s-filmom-rodoljub-ilirski\/","og_locale":"sl_SI","og_type":"article","og_title":"Proslava dneva reformacije s filmom \u00bbRodoljub Ilirski\u00ab | Slovenski dom in Svet slovenske nacionalne manj\u0161ine Mesta Zagreb","og_description":"Zagreb &#8211; 26. oktober 2016 V Slovenskem domu je ob slovenskem dr\u017eavnem prazniku dnevu reformacije 26. oktobra 2016 potekal filmski ve\u010der, na katerem so si \u0161tevilni obiskovalci, med njimi tudi veleposlanica Republike Slovenije na Hrva\u0161kem dr. Smiljana Knez in predsednik Slovenskega doma ter Sveta slovenske nacionalne manj\u0161ine Mesta Zagreb Darko \u0160onc, ogledali izjemen film \u00bbRodoljub [&hellip;]","og_url":"https:\/\/www.slovenci-zagreb.hr\/si\/proslava-dneva-reformacije-s-filmom-rodoljub-ilirski\/","og_site_name":"Slovenski dom in Svet slovenske nacionalne manj\u0161ine Mesta Zagreb","article_published_time":"2016-10-27T11:00:52+00:00","article_modified_time":"2016-12-01T10:58:54+00:00","og_image":[{"width":313,"height":417,"url":"https:\/\/www.slovenci-zagreb.hr\/si\/wp-content\/uploads\/sites\/2\/2016\/10\/Males_Miha_Primoz-Trubar.jpg","type":"image\/jpeg"}],"author":"agata","twitter_misc":{"Written by":"agata","Est. reading time":"1 minuta"},"schema":{"@context":"https:\/\/schema.org","@graph":[{"@type":"WebPage","@id":"https:\/\/www.slovenci-zagreb.hr\/si\/proslava-dneva-reformacije-s-filmom-rodoljub-ilirski\/","url":"https:\/\/www.slovenci-zagreb.hr\/si\/proslava-dneva-reformacije-s-filmom-rodoljub-ilirski\/","name":"Proslava dneva reformacije s filmom \u00bbRodoljub Ilirski\u00ab | Slovenski dom in Svet slovenske nacionalne manj\u0161ine Mesta Zagreb","isPartOf":{"@id":"http:\/\/www.slovenci-zagreb.hr\/si\/#website"},"datePublished":"2016-10-27T11:00:52+00:00","dateModified":"2016-12-01T10:58:54+00:00","author":{"@id":"http:\/\/www.slovenci-zagreb.hr\/si\/#\/schema\/person\/a34ecc40aa73e6dd78780facef777d32"},"breadcrumb":{"@id":"https:\/\/www.slovenci-zagreb.hr\/si\/proslava-dneva-reformacije-s-filmom-rodoljub-ilirski\/#breadcrumb"},"inLanguage":"sl-SI","potentialAction":[{"@type":"ReadAction","target":["https:\/\/www.slovenci-zagreb.hr\/si\/proslava-dneva-reformacije-s-filmom-rodoljub-ilirski\/"]}]},{"@type":"BreadcrumbList","@id":"https:\/\/www.slovenci-zagreb.hr\/si\/proslava-dneva-reformacije-s-filmom-rodoljub-ilirski\/#breadcrumb","itemListElement":[{"@type":"ListItem","position":1,"name":"Home","item":"http:\/\/www.slovenci-zagreb.hr\/si\/"},{"@type":"ListItem","position":2,"name":"Proslava dneva reformacije s filmom \u00bbRodoljub Ilirski\u00ab"}]},{"@type":"WebSite","@id":"http:\/\/www.slovenci-zagreb.hr\/si\/#website","url":"http:\/\/www.slovenci-zagreb.hr\/si\/","name":"Slovenski dom in Svet slovenske nacionalne manj\u0161ine Mesta Zagreb","description":"","potentialAction":[{"@type":"SearchAction","target":{"@type":"EntryPoint","urlTemplate":"http:\/\/www.slovenci-zagreb.hr\/si\/?s={search_term_string}"},"query-input":"required name=search_term_string"}],"inLanguage":"sl-SI"},{"@type":"Person","@id":"http:\/\/www.slovenci-zagreb.hr\/si\/#\/schema\/person\/a34ecc40aa73e6dd78780facef777d32","name":"agata","image":{"@type":"ImageObject","inLanguage":"sl-SI","@id":"http:\/\/www.slovenci-zagreb.hr\/si\/#\/schema\/person\/image\/","url":"http:\/\/1.gravatar.com\/avatar\/42c070b2dbf14a48e0639733f946c907?s=96&d=mm&r=g","contentUrl":"http:\/\/1.gravatar.com\/avatar\/42c070b2dbf14a48e0639733f946c907?s=96&d=mm&r=g","caption":"agata"},"url":"http:\/\/www.slovenci-zagreb.hr\/si\/author\/agata\/"}]}},"_links":{"self":[{"href":"http:\/\/www.slovenci-zagreb.hr\/si\/wp-json\/wp\/v2\/posts\/1633"}],"collection":[{"href":"http:\/\/www.slovenci-zagreb.hr\/si\/wp-json\/wp\/v2\/posts"}],"about":[{"href":"http:\/\/www.slovenci-zagreb.hr\/si\/wp-json\/wp\/v2\/types\/post"}],"author":[{"embeddable":true,"href":"http:\/\/www.slovenci-zagreb.hr\/si\/wp-json\/wp\/v2\/users\/3"}],"replies":[{"embeddable":true,"href":"http:\/\/www.slovenci-zagreb.hr\/si\/wp-json\/wp\/v2\/comments?post=1633"}],"version-history":[{"count":6,"href":"http:\/\/www.slovenci-zagreb.hr\/si\/wp-json\/wp\/v2\/posts\/1633\/revisions"}],"predecessor-version":[{"id":1705,"href":"http:\/\/www.slovenci-zagreb.hr\/si\/wp-json\/wp\/v2\/posts\/1633\/revisions\/1705"}],"wp:featuredmedia":[{"embeddable":true,"href":"http:\/\/www.slovenci-zagreb.hr\/si\/wp-json\/wp\/v2\/media\/1637"}],"wp:attachment":[{"href":"http:\/\/www.slovenci-zagreb.hr\/si\/wp-json\/wp\/v2\/media?parent=1633"}],"wp:term":[{"taxonomy":"category","embeddable":true,"href":"http:\/\/www.slovenci-zagreb.hr\/si\/wp-json\/wp\/v2\/categories?post=1633"},{"taxonomy":"post_tag","embeddable":true,"href":"http:\/\/www.slovenci-zagreb.hr\/si\/wp-json\/wp\/v2\/tags?post=1633"}],"curies":[{"name":"wp","href":"https:\/\/api.w.org\/{rel}","templated":true}]}}