{"id":1839,"date":"2010-09-14T13:10:19","date_gmt":"2010-09-14T11:10:19","guid":{"rendered":"http:\/\/www.slovenci-zagreb.hr\/si\/?p=1839"},"modified":"2017-04-06T22:05:18","modified_gmt":"2017-04-06T20:05:18","slug":"bilten-september-2010","status":"publish","type":"post","link":"http:\/\/www.slovenci-zagreb.hr\/si\/bilten-september-2010\/","title":{"rendered":"Bilten september 2010"},"content":{"rendered":"<p><strong>SPO\u0160TOVANI \u010cLANI IN PRIJATELJI!<\/strong><\/p>\n<p style=\"text-align: right;\">Zagreb, 14. september 2010<\/p>\n<p>Naj vas po poletnih po\u010ditnicah povabimo, da zopet obi\u0161\u010dete Slovenski dom in del\u010dek svojega prostega \u010dasa izpolnite z obiskom na\u0161ih prireditev.<\/p>\n<p><span style=\"text-decoration: underline;\">22. september (sreda) ob 18. uri<\/span><br \/>\n<strong>RAZSTAVA O SLOVENCIH V BIH: OD ZABRISA DO PRENOVE IDENTITETE<\/strong><\/p>\n<p>Avtor razstave <strong>Stanislav Koblar<\/strong>, ki je dolga leta \u017eivel v Sarajevu, ponuja pregled prihodov, bivanja, udejstvovanja in organiziranja Slovencev v Bosni in Hercegovini.<\/p>\n<p>Razstava je bila do sedaj na ogled v Cankarjevem domu v Ljubljani, v Sarajevu in v Banskem dvoru v Banjaluki. Avtor bo osebno predstavil to zanimivo razstavo.<\/p>\n<p><a href=\"\/wp-content\/uploads\/2010\/09\/RAZSTAVA_SLOVENCI_V_BiH.pdf\" target=\"_blank\">Vabilo razstava Od zabrisa do prenove identitete<\/a> (113.72 KB).<\/p>\n<p><span style=\"text-decoration: underline;\">13. oktober 2010 (sreda) ob 18. uri<\/span><br \/>\n<strong>VE\u010cER POEZIJE IN GLASBE Z NE\u017dO MAURER, VANJO STRLE, LADOM JAK\u0160O IN ENESOM KI\u0160EVI\u0106EM<\/strong><\/p>\n<p>Za pesnico in pisateljico <strong>Ne\u017eo Maurer<\/strong> slovenska literarna kritika pravi, da je poslednja vitalistka pesni\u0161ke literature. Njena poezija je v Sloveniji najbolj raz\u0161irjena med ljudmi, pi\u0161e za odrasle in otroke. Poezija je njena \u017eivljenjska nuja, pi\u0161e iz \u017eivljenja in za \u017eivljenje. Prevedena je v \u0161tevilne tuje jezike.<\/p>\n<p>Pesnica <strong>Vanja Strle<\/strong> je po besedah doma\u010dih kritikov razred zase v sodobni slovenski poeziji, tuja kritika pa jo ozna\u010duje kot nekak\u0161en most sredi Evrope med tradicijo in vznemirljivo inovacijo. Njeni verzi se razpirajo kot \u0161koljka, ka\u017eejo pot avtenti\u010dnega bivanja.<\/p>\n<p>Mednarodno uveljavljeni umetni\u0161ki fotograf, glasbenik in skladatelj <strong>Lado Jak\u0161a<\/strong> je avtor obse\u017enega opusa glasbe za film, televizijo, gledali\u0161\u010de in umetni\u0161ki ples ter \u0161tevilnih razstav in multimedijskih projektov. Na ve\u010deru poezije in glasbe bo izvajal svojo avtorsko glasbo na klaviature in pihala.<\/p>\n<p>Za vse romantike in ostale bo ve\u010der vodil <strong>Enes Ki\u0161evi\u0107<\/strong>.<\/p>\n<p>&nbsp;<\/p>\n<p><em><strong>TE\u010cAJ SLOVENSKEGA JEZIKA &#8211; ZA\u010cETEK 20. SEPTEMBRA OB 17.00<\/strong><\/em><\/p>\n<p>Odlo\u010dite se in preverite svoje znanje slovenskega jezika. \u010ce ste pozabili veliko slovenskih besed ali pa slovensko slovnico, se nam pridru\u017eite na te\u010daju slovenskega jezika.<\/p>\n<p>Te\u010daj se za\u010denja 20. septembra ob 17. uri.<\/p>\n<p>V prijetnem in delovnem vzdu\u0161ju se imate mo\u017enost vsak ponedeljek veliko nau\u010diti o svoji materin\u0161\u010dini. Dobrodo\u0161li tudi vsi, ki vam sloven\u0161\u010dina ni materni jezik, a se je \u017eelite nau\u010diti.<\/p>\n<p>Veseli bomo, \u010de bodo z vami pri\u0161li tudi otroci ali vnuki.<\/p>\n<p>Slovenski dom dopolnilni pouk slovenskega jezika organizira in izvaja \u017ee od leta 1993.<\/p>\n<p>&nbsp;<\/p>\n<p><em><strong>PEVSKI ZBOR<\/strong><\/em><\/p>\n<p><strong>Pevski zbor<\/strong> vabi k sodelovanju vse z lepim glasom, dobro voljo<\/p>\n<p>in \u017eeljo za dru\u017eenjem in petjem.<\/p>\n<p style=\"text-align: center;\">VSE INFORMACIJE SO NA VOLJO V TAJNI\u0160TVU VSAK DELAVNIK OD 10. DO 13. URE!<\/p>\n<p><strong>KNJIGA JE \u010cLOVEKOV NAJBOLJ\u0160I PRIJATELJ &#8211; \u010cE JO PREBERE!<\/strong><\/p>\n<p>Polep\u0161ajte si dan s knjigo v roki.<\/p>\n<p>Vabljeni v knji\u017enico Slovenskega doma, ki je odprta vsak \u010detrtek od 17. do 19. ure.<\/p>\n<p style=\"text-align: center;\"><strong>SLOVENSKI DOM &#8211; NA\u0160 DRUGI DOM<\/strong><\/p>\n","protected":false},"excerpt":{"rendered":"<p>SPO\u0160TOVANI \u010cLANI IN PRIJATELJI! Zagreb, 14. september 2010 Naj vas po poletnih po\u010ditnicah povabimo, da zopet obi\u0161\u010dete Slovenski dom in del\u010dek svojega prostega \u010dasa izpolnite z obiskom na\u0161ih prireditev. 22. september (sreda) ob 18. uri RAZSTAVA O SLOVENCIH V BIH: OD ZABRISA DO PRENOVE IDENTITETE Avtor razstave Stanislav Koblar, ki je dolga leta \u017eivel v [&hellip;]<\/p>\n","protected":false},"author":1,"featured_media":0,"comment_status":"closed","ping_status":"open","sticky":false,"template":"","format":"standard","meta":{"footnotes":""},"categories":[3],"tags":[],"yoast_head":"<!-- This site is optimized with the Yoast SEO plugin v22.0 - https:\/\/yoast.com\/wordpress\/plugins\/seo\/ -->\n<title>Bilten september 2010 | Slovenski dom in Svet slovenske nacionalne manj\u0161ine Mesta Zagreb<\/title>\n<meta name=\"robots\" content=\"index, follow, max-snippet:-1, max-image-preview:large, max-video-preview:-1\" \/>\n<link rel=\"canonical\" href=\"http:\/\/www.slovenci-zagreb.hr\/si\/bilten-september-2010\/\" \/>\n<meta property=\"og:locale\" content=\"sl_SI\" \/>\n<meta property=\"og:type\" content=\"article\" \/>\n<meta property=\"og:title\" content=\"Bilten september 2010 | Slovenski dom in Svet slovenske nacionalne manj\u0161ine Mesta Zagreb\" \/>\n<meta property=\"og:description\" content=\"SPO\u0160TOVANI \u010cLANI IN PRIJATELJI! Zagreb, 14. september 2010 Naj vas po poletnih po\u010ditnicah povabimo, da zopet obi\u0161\u010dete Slovenski dom in del\u010dek svojega prostega \u010dasa izpolnite z obiskom na\u0161ih prireditev. 22. september (sreda) ob 18. uri RAZSTAVA O SLOVENCIH V BIH: OD ZABRISA DO PRENOVE IDENTITETE Avtor razstave Stanislav Koblar, ki je dolga leta \u017eivel v [&hellip;]\" \/>\n<meta property=\"og:url\" content=\"http:\/\/www.slovenci-zagreb.hr\/si\/bilten-september-2010\/\" \/>\n<meta property=\"og:site_name\" content=\"Slovenski dom in Svet slovenske nacionalne manj\u0161ine Mesta Zagreb\" \/>\n<meta property=\"article:published_time\" content=\"2010-09-14T11:10:19+00:00\" \/>\n<meta property=\"article:modified_time\" content=\"2017-04-06T20:05:18+00:00\" \/>\n<meta name=\"author\" content=\"edin.dji\" \/>\n<meta name=\"twitter:label1\" content=\"Written by\" \/>\n\t<meta name=\"twitter:data1\" content=\"edin.dji\" \/>\n\t<meta name=\"twitter:label2\" content=\"Est. reading time\" \/>\n\t<meta name=\"twitter:data2\" content=\"2 minuti\" \/>\n<script type=\"application\/ld+json\" class=\"yoast-schema-graph\">{\"@context\":\"https:\/\/schema.org\",\"@graph\":[{\"@type\":\"WebPage\",\"@id\":\"http:\/\/www.slovenci-zagreb.hr\/si\/bilten-september-2010\/\",\"url\":\"http:\/\/www.slovenci-zagreb.hr\/si\/bilten-september-2010\/\",\"name\":\"Bilten september 2010 | Slovenski dom in Svet slovenske nacionalne manj\u0161ine Mesta Zagreb\",\"isPartOf\":{\"@id\":\"http:\/\/www.slovenci-zagreb.hr\/si\/#website\"},\"datePublished\":\"2010-09-14T11:10:19+00:00\",\"dateModified\":\"2017-04-06T20:05:18+00:00\",\"author\":{\"@id\":\"http:\/\/www.slovenci-zagreb.hr\/si\/#\/schema\/person\/6676f710a91979474558fea82bc41a0a\"},\"breadcrumb\":{\"@id\":\"http:\/\/www.slovenci-zagreb.hr\/si\/bilten-september-2010\/#breadcrumb\"},\"inLanguage\":\"sl-SI\",\"potentialAction\":[{\"@type\":\"ReadAction\",\"target\":[\"http:\/\/www.slovenci-zagreb.hr\/si\/bilten-september-2010\/\"]}]},{\"@type\":\"BreadcrumbList\",\"@id\":\"http:\/\/www.slovenci-zagreb.hr\/si\/bilten-september-2010\/#breadcrumb\",\"itemListElement\":[{\"@type\":\"ListItem\",\"position\":1,\"name\":\"Home\",\"item\":\"http:\/\/www.slovenci-zagreb.hr\/si\/\"},{\"@type\":\"ListItem\",\"position\":2,\"name\":\"Bilten september 2010\"}]},{\"@type\":\"WebSite\",\"@id\":\"http:\/\/www.slovenci-zagreb.hr\/si\/#website\",\"url\":\"http:\/\/www.slovenci-zagreb.hr\/si\/\",\"name\":\"Slovenski dom in Svet slovenske nacionalne manj\u0161ine Mesta Zagreb\",\"description\":\"\",\"potentialAction\":[{\"@type\":\"SearchAction\",\"target\":{\"@type\":\"EntryPoint\",\"urlTemplate\":\"http:\/\/www.slovenci-zagreb.hr\/si\/?s={search_term_string}\"},\"query-input\":\"required name=search_term_string\"}],\"inLanguage\":\"sl-SI\"},{\"@type\":\"Person\",\"@id\":\"http:\/\/www.slovenci-zagreb.hr\/si\/#\/schema\/person\/6676f710a91979474558fea82bc41a0a\",\"name\":\"edin.dji\",\"image\":{\"@type\":\"ImageObject\",\"inLanguage\":\"sl-SI\",\"@id\":\"http:\/\/www.slovenci-zagreb.hr\/si\/#\/schema\/person\/image\/\",\"url\":\"http:\/\/0.gravatar.com\/avatar\/6136fa88afb87b83090822617871c230?s=96&d=mm&r=g\",\"contentUrl\":\"http:\/\/0.gravatar.com\/avatar\/6136fa88afb87b83090822617871c230?s=96&d=mm&r=g\",\"caption\":\"edin.dji\"},\"url\":\"http:\/\/www.slovenci-zagreb.hr\/si\/author\/edin-dji\/\"}]}<\/script>\n<!-- \/ Yoast SEO plugin. -->","yoast_head_json":{"title":"Bilten september 2010 | Slovenski dom in Svet slovenske nacionalne manj\u0161ine Mesta Zagreb","robots":{"index":"index","follow":"follow","max-snippet":"max-snippet:-1","max-image-preview":"max-image-preview:large","max-video-preview":"max-video-preview:-1"},"canonical":"http:\/\/www.slovenci-zagreb.hr\/si\/bilten-september-2010\/","og_locale":"sl_SI","og_type":"article","og_title":"Bilten september 2010 | Slovenski dom in Svet slovenske nacionalne manj\u0161ine Mesta Zagreb","og_description":"SPO\u0160TOVANI \u010cLANI IN PRIJATELJI! Zagreb, 14. september 2010 Naj vas po poletnih po\u010ditnicah povabimo, da zopet obi\u0161\u010dete Slovenski dom in del\u010dek svojega prostega \u010dasa izpolnite z obiskom na\u0161ih prireditev. 22. september (sreda) ob 18. uri RAZSTAVA O SLOVENCIH V BIH: OD ZABRISA DO PRENOVE IDENTITETE Avtor razstave Stanislav Koblar, ki je dolga leta \u017eivel v [&hellip;]","og_url":"http:\/\/www.slovenci-zagreb.hr\/si\/bilten-september-2010\/","og_site_name":"Slovenski dom in Svet slovenske nacionalne manj\u0161ine Mesta Zagreb","article_published_time":"2010-09-14T11:10:19+00:00","article_modified_time":"2017-04-06T20:05:18+00:00","author":"edin.dji","twitter_misc":{"Written by":"edin.dji","Est. reading time":"2 minuti"},"schema":{"@context":"https:\/\/schema.org","@graph":[{"@type":"WebPage","@id":"http:\/\/www.slovenci-zagreb.hr\/si\/bilten-september-2010\/","url":"http:\/\/www.slovenci-zagreb.hr\/si\/bilten-september-2010\/","name":"Bilten september 2010 | Slovenski dom in Svet slovenske nacionalne manj\u0161ine Mesta Zagreb","isPartOf":{"@id":"http:\/\/www.slovenci-zagreb.hr\/si\/#website"},"datePublished":"2010-09-14T11:10:19+00:00","dateModified":"2017-04-06T20:05:18+00:00","author":{"@id":"http:\/\/www.slovenci-zagreb.hr\/si\/#\/schema\/person\/6676f710a91979474558fea82bc41a0a"},"breadcrumb":{"@id":"http:\/\/www.slovenci-zagreb.hr\/si\/bilten-september-2010\/#breadcrumb"},"inLanguage":"sl-SI","potentialAction":[{"@type":"ReadAction","target":["http:\/\/www.slovenci-zagreb.hr\/si\/bilten-september-2010\/"]}]},{"@type":"BreadcrumbList","@id":"http:\/\/www.slovenci-zagreb.hr\/si\/bilten-september-2010\/#breadcrumb","itemListElement":[{"@type":"ListItem","position":1,"name":"Home","item":"http:\/\/www.slovenci-zagreb.hr\/si\/"},{"@type":"ListItem","position":2,"name":"Bilten september 2010"}]},{"@type":"WebSite","@id":"http:\/\/www.slovenci-zagreb.hr\/si\/#website","url":"http:\/\/www.slovenci-zagreb.hr\/si\/","name":"Slovenski dom in Svet slovenske nacionalne manj\u0161ine Mesta Zagreb","description":"","potentialAction":[{"@type":"SearchAction","target":{"@type":"EntryPoint","urlTemplate":"http:\/\/www.slovenci-zagreb.hr\/si\/?s={search_term_string}"},"query-input":"required name=search_term_string"}],"inLanguage":"sl-SI"},{"@type":"Person","@id":"http:\/\/www.slovenci-zagreb.hr\/si\/#\/schema\/person\/6676f710a91979474558fea82bc41a0a","name":"edin.dji","image":{"@type":"ImageObject","inLanguage":"sl-SI","@id":"http:\/\/www.slovenci-zagreb.hr\/si\/#\/schema\/person\/image\/","url":"http:\/\/0.gravatar.com\/avatar\/6136fa88afb87b83090822617871c230?s=96&d=mm&r=g","contentUrl":"http:\/\/0.gravatar.com\/avatar\/6136fa88afb87b83090822617871c230?s=96&d=mm&r=g","caption":"edin.dji"},"url":"http:\/\/www.slovenci-zagreb.hr\/si\/author\/edin-dji\/"}]}},"_links":{"self":[{"href":"http:\/\/www.slovenci-zagreb.hr\/si\/wp-json\/wp\/v2\/posts\/1839"}],"collection":[{"href":"http:\/\/www.slovenci-zagreb.hr\/si\/wp-json\/wp\/v2\/posts"}],"about":[{"href":"http:\/\/www.slovenci-zagreb.hr\/si\/wp-json\/wp\/v2\/types\/post"}],"author":[{"embeddable":true,"href":"http:\/\/www.slovenci-zagreb.hr\/si\/wp-json\/wp\/v2\/users\/1"}],"replies":[{"embeddable":true,"href":"http:\/\/www.slovenci-zagreb.hr\/si\/wp-json\/wp\/v2\/comments?post=1839"}],"version-history":[{"count":1,"href":"http:\/\/www.slovenci-zagreb.hr\/si\/wp-json\/wp\/v2\/posts\/1839\/revisions"}],"predecessor-version":[{"id":1840,"href":"http:\/\/www.slovenci-zagreb.hr\/si\/wp-json\/wp\/v2\/posts\/1839\/revisions\/1840"}],"wp:attachment":[{"href":"http:\/\/www.slovenci-zagreb.hr\/si\/wp-json\/wp\/v2\/media?parent=1839"}],"wp:term":[{"taxonomy":"category","embeddable":true,"href":"http:\/\/www.slovenci-zagreb.hr\/si\/wp-json\/wp\/v2\/categories?post=1839"},{"taxonomy":"post_tag","embeddable":true,"href":"http:\/\/www.slovenci-zagreb.hr\/si\/wp-json\/wp\/v2\/tags?post=1839"}],"curies":[{"name":"wp","href":"https:\/\/api.w.org\/{rel}","templated":true}]}}