{"id":1843,"date":"2010-12-01T13:05:22","date_gmt":"2010-12-01T12:05:22","guid":{"rendered":"http:\/\/www.slovenci-zagreb.hr\/si\/?p=1843"},"modified":"2017-04-06T22:10:31","modified_gmt":"2017-04-06T20:10:31","slug":"bilten-december-2010","status":"publish","type":"post","link":"http:\/\/www.slovenci-zagreb.hr\/si\/bilten-december-2010\/","title":{"rendered":"Bilten december 2010"},"content":{"rendered":"<p>SPO\u0160TOVANI \u010cLANI IN PRIJATELJI!<\/p>\n<p style=\"text-align: right;\">Zagreb, 1. december 2010<\/p>\n<p>&nbsp;<\/p>\n<p><em>Kako hitro \u010das be\u017ei. \u0160e nekaj dogodkov,<\/em><br \/>\n<em> slovo od starega leta in spet bomo leto dni starej\u0161i.<\/em><br \/>\n<em> Ali so se nam \u017eelje uresni\u010dile,<\/em><br \/>\n<em> to pa najbolje ve vsak zase.<\/em><\/p>\n<p>&nbsp;<\/p>\n<p>8. december 2010 ob 19. uri (sreda)<\/p>\n<p>ETNOLO\u0160KI ZAKLADI SLOVENIJE IN HRVA\u0160KE<\/p>\n<p>V \u010dude\u017enem svetu umetni\u0161kega ljudskega ustvarjanja imajo narodne no\u0161e, narodni plesi in stare obrti posebno mesto. KUD Antun Mihanovi\u0107 iz Klanjca in folklorna skupina Duplo iz Pi\u0161ec bosta v hrva\u0161kih in slovenskih narodnih no\u0161ah, ki govorijo zgodbo o dedi\u0161\u010dini in kulturi kraja iz katerega prihajajo, zapela in zaplesala. Na originalnih lesenih statvah vam bomo prikazali del\u010dek ro\u010dne izdelave blaga in tradicijske umetnostne obrti &#8211; umetnost tkanja narodne no\u0161e. Dru\u017eina Klju\u010dev\u0161ek iz Rade\u010d bo posebej za nas pokazala \u017ee skoraj izumrlo obrt &#8211; kako se iz \u0161ib izdeluje ko\u0161. Mogo\u010de nas bo kan\u010dek preteklosti obeh narodov opomnil, da bomo znova za\u010deli ceniti zaklad, ki ga je zmo\u017ena ustvariti \u010dlove\u0161ka roka.<\/p>\n<p>&nbsp;<\/p>\n<p>15. december 2010 ob 19. uri (sreda)<\/p>\n<p>RAZSTAVA KREATIVNE DELAVNICE \u0160OPEK<\/p>\n<p>Tudi letos nas bodo \u017ee tradicionalno razveselile pridne in spretne \u010dlanice kreativne delavnice \u0160opek. Obljubile so, da nas bodo presenetile z druga\u010dnimi, \u0161e bolj atraktivnimi adventnimi ven\u010dki in \u0161opki. Na razstavi bodo na ogled tudi poslikane steklenice, ki jih lahko uporabite v razli\u010dne namene. Vsako stvaritev boste lahko tudi kupili in jo za prihajajo\u010de bo\u017ei\u010dne in novoletne praznike podarili osebam, ki so vam ljube. \u0160e lep\u0161e pa bo, \u010de boste ob iztekajo\u010dem se letu obdarovali sami sebe ali pa okrasili svoj priljubljeni koti\u010dek doma.<\/p>\n<p>&nbsp;<\/p>\n<p>29. december 2010 ob 19. uri (sreda)<\/p>\n<p>SLOVO OD STAREGA LETA<\/p>\n<p>\u010ce \u017eelite sre\u010dno do\u010dakati novo leto \u2013 in pri\u0161lo bo samo, pa naj ga \u010dakamo ali ne \u2013 se morate najprej posloviti od starega. To nam zapoveduje \u017ee olikanost. Pridite, da se bomo naplesali, da bomo skupaj prepevali, se veselili in okrep\u010dali. Za prigrizek in pija\u010do bo poskrbljeno. Branko pa bo tudi letos igral in vas zabaval, dokler boste \u017eeleli.<\/p>\n<p style=\"text-align: center;\">VO\u0160\u010cIMO VAM VESELE BO\u017dI\u010cNE PRAZNIKE IN SRE\u010cNO NOVO LETO!<\/p>\n<p style=\"text-align: center;\">SLOVENSKI DOM \u2013 NA\u0160 DRUGI DOM<\/p>\n","protected":false},"excerpt":{"rendered":"<p>SPO\u0160TOVANI \u010cLANI IN PRIJATELJI! Zagreb, 1. december 2010 &nbsp; Kako hitro \u010das be\u017ei. \u0160e nekaj dogodkov, slovo od starega leta in spet bomo leto dni starej\u0161i. Ali so se nam \u017eelje uresni\u010dile, to pa najbolje ve vsak zase. &nbsp; 8. december 2010 ob 19. uri (sreda) ETNOLO\u0160KI ZAKLADI SLOVENIJE IN HRVA\u0160KE V \u010dude\u017enem svetu umetni\u0161kega [&hellip;]<\/p>\n","protected":false},"author":1,"featured_media":0,"comment_status":"closed","ping_status":"open","sticky":false,"template":"","format":"standard","meta":{"footnotes":""},"categories":[3],"tags":[],"yoast_head":"<!-- This site is optimized with the Yoast SEO plugin v22.0 - https:\/\/yoast.com\/wordpress\/plugins\/seo\/ -->\n<title>Bilten december 2010 | Slovenski dom in Svet slovenske nacionalne manj\u0161ine Mesta Zagreb<\/title>\n<meta name=\"robots\" content=\"index, follow, max-snippet:-1, max-image-preview:large, max-video-preview:-1\" \/>\n<link rel=\"canonical\" href=\"http:\/\/www.slovenci-zagreb.hr\/si\/bilten-december-2010\/\" \/>\n<meta property=\"og:locale\" content=\"sl_SI\" \/>\n<meta property=\"og:type\" content=\"article\" \/>\n<meta property=\"og:title\" content=\"Bilten december 2010 | Slovenski dom in Svet slovenske nacionalne manj\u0161ine Mesta Zagreb\" \/>\n<meta property=\"og:description\" content=\"SPO\u0160TOVANI \u010cLANI IN PRIJATELJI! Zagreb, 1. december 2010 &nbsp; Kako hitro \u010das be\u017ei. \u0160e nekaj dogodkov, slovo od starega leta in spet bomo leto dni starej\u0161i. Ali so se nam \u017eelje uresni\u010dile, to pa najbolje ve vsak zase. &nbsp; 8. december 2010 ob 19. uri (sreda) ETNOLO\u0160KI ZAKLADI SLOVENIJE IN HRVA\u0160KE V \u010dude\u017enem svetu umetni\u0161kega [&hellip;]\" \/>\n<meta property=\"og:url\" content=\"http:\/\/www.slovenci-zagreb.hr\/si\/bilten-december-2010\/\" \/>\n<meta property=\"og:site_name\" content=\"Slovenski dom in Svet slovenske nacionalne manj\u0161ine Mesta Zagreb\" \/>\n<meta property=\"article:published_time\" content=\"2010-12-01T12:05:22+00:00\" \/>\n<meta property=\"article:modified_time\" content=\"2017-04-06T20:10:31+00:00\" \/>\n<meta name=\"author\" content=\"edin.dji\" \/>\n<meta name=\"twitter:label1\" content=\"Written by\" \/>\n\t<meta name=\"twitter:data1\" content=\"edin.dji\" \/>\n\t<meta name=\"twitter:label2\" content=\"Est. reading time\" \/>\n\t<meta name=\"twitter:data2\" content=\"2 minuti\" \/>\n<script type=\"application\/ld+json\" class=\"yoast-schema-graph\">{\"@context\":\"https:\/\/schema.org\",\"@graph\":[{\"@type\":\"WebPage\",\"@id\":\"http:\/\/www.slovenci-zagreb.hr\/si\/bilten-december-2010\/\",\"url\":\"http:\/\/www.slovenci-zagreb.hr\/si\/bilten-december-2010\/\",\"name\":\"Bilten december 2010 | Slovenski dom in Svet slovenske nacionalne manj\u0161ine Mesta Zagreb\",\"isPartOf\":{\"@id\":\"http:\/\/www.slovenci-zagreb.hr\/si\/#website\"},\"datePublished\":\"2010-12-01T12:05:22+00:00\",\"dateModified\":\"2017-04-06T20:10:31+00:00\",\"author\":{\"@id\":\"http:\/\/www.slovenci-zagreb.hr\/si\/#\/schema\/person\/6676f710a91979474558fea82bc41a0a\"},\"breadcrumb\":{\"@id\":\"http:\/\/www.slovenci-zagreb.hr\/si\/bilten-december-2010\/#breadcrumb\"},\"inLanguage\":\"sl-SI\",\"potentialAction\":[{\"@type\":\"ReadAction\",\"target\":[\"http:\/\/www.slovenci-zagreb.hr\/si\/bilten-december-2010\/\"]}]},{\"@type\":\"BreadcrumbList\",\"@id\":\"http:\/\/www.slovenci-zagreb.hr\/si\/bilten-december-2010\/#breadcrumb\",\"itemListElement\":[{\"@type\":\"ListItem\",\"position\":1,\"name\":\"Home\",\"item\":\"http:\/\/www.slovenci-zagreb.hr\/si\/\"},{\"@type\":\"ListItem\",\"position\":2,\"name\":\"Bilten december 2010\"}]},{\"@type\":\"WebSite\",\"@id\":\"http:\/\/www.slovenci-zagreb.hr\/si\/#website\",\"url\":\"http:\/\/www.slovenci-zagreb.hr\/si\/\",\"name\":\"Slovenski dom in Svet slovenske nacionalne manj\u0161ine Mesta Zagreb\",\"description\":\"\",\"potentialAction\":[{\"@type\":\"SearchAction\",\"target\":{\"@type\":\"EntryPoint\",\"urlTemplate\":\"http:\/\/www.slovenci-zagreb.hr\/si\/?s={search_term_string}\"},\"query-input\":\"required name=search_term_string\"}],\"inLanguage\":\"sl-SI\"},{\"@type\":\"Person\",\"@id\":\"http:\/\/www.slovenci-zagreb.hr\/si\/#\/schema\/person\/6676f710a91979474558fea82bc41a0a\",\"name\":\"edin.dji\",\"image\":{\"@type\":\"ImageObject\",\"inLanguage\":\"sl-SI\",\"@id\":\"http:\/\/www.slovenci-zagreb.hr\/si\/#\/schema\/person\/image\/\",\"url\":\"http:\/\/0.gravatar.com\/avatar\/6136fa88afb87b83090822617871c230?s=96&d=mm&r=g\",\"contentUrl\":\"http:\/\/0.gravatar.com\/avatar\/6136fa88afb87b83090822617871c230?s=96&d=mm&r=g\",\"caption\":\"edin.dji\"},\"url\":\"http:\/\/www.slovenci-zagreb.hr\/si\/author\/edin-dji\/\"}]}<\/script>\n<!-- \/ Yoast SEO plugin. -->","yoast_head_json":{"title":"Bilten december 2010 | Slovenski dom in Svet slovenske nacionalne manj\u0161ine Mesta Zagreb","robots":{"index":"index","follow":"follow","max-snippet":"max-snippet:-1","max-image-preview":"max-image-preview:large","max-video-preview":"max-video-preview:-1"},"canonical":"http:\/\/www.slovenci-zagreb.hr\/si\/bilten-december-2010\/","og_locale":"sl_SI","og_type":"article","og_title":"Bilten december 2010 | Slovenski dom in Svet slovenske nacionalne manj\u0161ine Mesta Zagreb","og_description":"SPO\u0160TOVANI \u010cLANI IN PRIJATELJI! Zagreb, 1. december 2010 &nbsp; Kako hitro \u010das be\u017ei. \u0160e nekaj dogodkov, slovo od starega leta in spet bomo leto dni starej\u0161i. Ali so se nam \u017eelje uresni\u010dile, to pa najbolje ve vsak zase. &nbsp; 8. december 2010 ob 19. uri (sreda) ETNOLO\u0160KI ZAKLADI SLOVENIJE IN HRVA\u0160KE V \u010dude\u017enem svetu umetni\u0161kega [&hellip;]","og_url":"http:\/\/www.slovenci-zagreb.hr\/si\/bilten-december-2010\/","og_site_name":"Slovenski dom in Svet slovenske nacionalne manj\u0161ine Mesta Zagreb","article_published_time":"2010-12-01T12:05:22+00:00","article_modified_time":"2017-04-06T20:10:31+00:00","author":"edin.dji","twitter_misc":{"Written by":"edin.dji","Est. reading time":"2 minuti"},"schema":{"@context":"https:\/\/schema.org","@graph":[{"@type":"WebPage","@id":"http:\/\/www.slovenci-zagreb.hr\/si\/bilten-december-2010\/","url":"http:\/\/www.slovenci-zagreb.hr\/si\/bilten-december-2010\/","name":"Bilten december 2010 | Slovenski dom in Svet slovenske nacionalne manj\u0161ine Mesta Zagreb","isPartOf":{"@id":"http:\/\/www.slovenci-zagreb.hr\/si\/#website"},"datePublished":"2010-12-01T12:05:22+00:00","dateModified":"2017-04-06T20:10:31+00:00","author":{"@id":"http:\/\/www.slovenci-zagreb.hr\/si\/#\/schema\/person\/6676f710a91979474558fea82bc41a0a"},"breadcrumb":{"@id":"http:\/\/www.slovenci-zagreb.hr\/si\/bilten-december-2010\/#breadcrumb"},"inLanguage":"sl-SI","potentialAction":[{"@type":"ReadAction","target":["http:\/\/www.slovenci-zagreb.hr\/si\/bilten-december-2010\/"]}]},{"@type":"BreadcrumbList","@id":"http:\/\/www.slovenci-zagreb.hr\/si\/bilten-december-2010\/#breadcrumb","itemListElement":[{"@type":"ListItem","position":1,"name":"Home","item":"http:\/\/www.slovenci-zagreb.hr\/si\/"},{"@type":"ListItem","position":2,"name":"Bilten december 2010"}]},{"@type":"WebSite","@id":"http:\/\/www.slovenci-zagreb.hr\/si\/#website","url":"http:\/\/www.slovenci-zagreb.hr\/si\/","name":"Slovenski dom in Svet slovenske nacionalne manj\u0161ine Mesta Zagreb","description":"","potentialAction":[{"@type":"SearchAction","target":{"@type":"EntryPoint","urlTemplate":"http:\/\/www.slovenci-zagreb.hr\/si\/?s={search_term_string}"},"query-input":"required name=search_term_string"}],"inLanguage":"sl-SI"},{"@type":"Person","@id":"http:\/\/www.slovenci-zagreb.hr\/si\/#\/schema\/person\/6676f710a91979474558fea82bc41a0a","name":"edin.dji","image":{"@type":"ImageObject","inLanguage":"sl-SI","@id":"http:\/\/www.slovenci-zagreb.hr\/si\/#\/schema\/person\/image\/","url":"http:\/\/0.gravatar.com\/avatar\/6136fa88afb87b83090822617871c230?s=96&d=mm&r=g","contentUrl":"http:\/\/0.gravatar.com\/avatar\/6136fa88afb87b83090822617871c230?s=96&d=mm&r=g","caption":"edin.dji"},"url":"http:\/\/www.slovenci-zagreb.hr\/si\/author\/edin-dji\/"}]}},"_links":{"self":[{"href":"http:\/\/www.slovenci-zagreb.hr\/si\/wp-json\/wp\/v2\/posts\/1843"}],"collection":[{"href":"http:\/\/www.slovenci-zagreb.hr\/si\/wp-json\/wp\/v2\/posts"}],"about":[{"href":"http:\/\/www.slovenci-zagreb.hr\/si\/wp-json\/wp\/v2\/types\/post"}],"author":[{"embeddable":true,"href":"http:\/\/www.slovenci-zagreb.hr\/si\/wp-json\/wp\/v2\/users\/1"}],"replies":[{"embeddable":true,"href":"http:\/\/www.slovenci-zagreb.hr\/si\/wp-json\/wp\/v2\/comments?post=1843"}],"version-history":[{"count":1,"href":"http:\/\/www.slovenci-zagreb.hr\/si\/wp-json\/wp\/v2\/posts\/1843\/revisions"}],"predecessor-version":[{"id":1844,"href":"http:\/\/www.slovenci-zagreb.hr\/si\/wp-json\/wp\/v2\/posts\/1843\/revisions\/1844"}],"wp:attachment":[{"href":"http:\/\/www.slovenci-zagreb.hr\/si\/wp-json\/wp\/v2\/media?parent=1843"}],"wp:term":[{"taxonomy":"category","embeddable":true,"href":"http:\/\/www.slovenci-zagreb.hr\/si\/wp-json\/wp\/v2\/categories?post=1843"},{"taxonomy":"post_tag","embeddable":true,"href":"http:\/\/www.slovenci-zagreb.hr\/si\/wp-json\/wp\/v2\/tags?post=1843"}],"curies":[{"name":"wp","href":"https:\/\/api.w.org\/{rel}","templated":true}]}}