{"id":1853,"date":"2011-03-30T14:05:14","date_gmt":"2011-03-30T12:05:14","guid":{"rendered":"http:\/\/www.slovenci-zagreb.hr\/si\/?p=1853"},"modified":"2017-04-06T22:31:01","modified_gmt":"2017-04-06T20:31:01","slug":"bilten-april-2011","status":"publish","type":"post","link":"http:\/\/www.slovenci-zagreb.hr\/si\/bilten-april-2011\/","title":{"rendered":"Bilten april 2011"},"content":{"rendered":"<p><strong>SPO\u0160TOVANI \u010cLANI IN PRIJATELJI!<\/strong><\/p>\n<p style=\"text-align: right;\">Zagreb, 30. marec 2011<\/p>\n<p><em><strong>Od 1. do 28. aprila 2011 bo popis prebivalstva. V upanju, da bomo vsi pripomogli k bolj\u0161i pripravi na\u0161ih sonarodnjakov za popis prebivalstva, Vas prosimo, da v svoji sredini in med svojimi prijatelji \u0161irite idejo slovenstva kot na\u0161o edino nacionalno opredelitev. Poudarjamo, da je nacionalna opredelitev zasebna stvar vsakega posameznika in na ta na\u010din ne \u017eelimo ustvarjati nikakr\u0161nega pritiska, temve\u010d \u017eelimo seznaniti na\u0161e sonarodnjake o pomembnosti in prednostih, ki nam jih nudi Republika Hrva\u0161ka, \u010de se izre\u010demo za Slovence.<\/strong><\/em><\/p>\n<p><span style=\"text-decoration: underline;\">5. april 2011 ob 17.30 uri (torek)<\/span><\/p>\n<p><strong>LETNI ZBOR DRU\u0160TVA IZGNANCEV, KRAJEVNE ORGANIZACIJE DIS ZAGREB<\/strong><\/p>\n<p>Vse \u010dlane krajevne organizacije DIS, Zagreb vabimo na letni zbor.<br \/>\nDnevni red: otvoritev in pozdrav, kulturni program, ki bo glasbeno-recitatorsko obarvan, izvolitev delovnega predsedstva, poro\u010dilo predsednika KO DIS Zagreb in blagajni\u010darke, razprava o poro\u010dilih in pozdravi gostov, sprejetje programa za leto 2011. Vabljeni!<\/p>\n<p><span style=\"text-decoration: underline;\">13. april 2011 ob 19. uri (sreda)<\/span><\/p>\n<p><strong>SRE\u010cANJE S PRERADOM DETI\u010cKOM IN KONCERT NA ROGU<\/strong><\/p>\n<p>Ob 80. letnici \u017eivljenja <strong>profesorja emeritusa Prerada Deti\u010dka<\/strong>, ki je po star\u0161ih slovenskega rodu, bo sre\u010danje s svetovno znanim hornistom in prvim diplomantom roga v zgodovini Glasbene akademije v Zagrebu. Ta komorni in orkestralni umetnik ter pedagog, ki je koncentriral skoraj po celem svetu, je bil pionir na mnogih glasbenih podro\u010djih. Pogovor bo tekel o njegovem bogatem glasbenem delu v katerem je nenehno prisoten \u017ee ve\u010d kot petdeset let. Utrinke iz njegovega \u017eivljenja pa tudi iz otro\u0161tva in mladosti v Mariboru bo popestril koncert na rogu. Sre\u010danje bo prilo\u017enost, da tudi Vi s kozarcem v roki veselo nazdravite dolgoletnemu \u010dlanu Slovenskega doma in njegovem \u010dastitljivem jubileju. Vabljeni!<\/p>\n<p><span style=\"text-decoration: underline;\">20. april 2011 ob 19. uri (sreda)<\/span><\/p>\n<p><strong>VELIKONO\u010cNA RAZSTAVA KREATIVNE DELAVNICE \u0160OPEK<\/strong><\/p>\n<p>Tokrat bo v ospredju <strong>velikono\u010dna razstava slik<\/strong>, olje na platnu, ki so jih <strong>\u010dlanice \u0160opka<\/strong> potrpe\u017eljivo ustvarjale v preteklih dveh letih. Motivi na slikah so: cvetje, Donava in narava, ki praznuje prva znamenja pomladi. Slike si boste lahko privo\u0161\u010dili, saj se bodo prodajale po sprejemljivih cenah. Umetnice iz \u0160opka bodo velikono\u010dno vzdu\u0161je pri\u010darale tudi s pirhi, simbolom \u017eivljenja, upanja, miru in ljubezni. Samo za Vas so se potrudile in pripravile nenavadne pirhe, ki vam jih bodo podarile iz srca. Vabljeni!<\/p>\n<p><span style=\"text-decoration: underline;\"><a href=\"\/wp-content\/uploads\/2011\/03\/vabilo_sopek.pdf\" target=\"_blank\">Vabilo velikono\u010dna razstava<\/a> (1,66 MB)<\/span>.<\/p>\n<p><strong>Po\u0161iljamo Vam polo\u017enico za pla\u010dilo \u010dlanarine za leto 2011. Naj vam bo pla\u010dilo \u010dlanarine v \u010dast in zadovoljstvo. \u010ce ste \u010dlanarino \u017ee pla\u010dali v tajni\u0161tvu, pozabite na polo\u017enico.<\/strong><\/p>\n<p style=\"text-align: center;\"><strong>VO\u0160\u010cIMO VAM VESELE VELIKONO\u010cNE PRAZNIKE!<\/strong><\/p>\n<p style=\"text-align: center;\"><strong>SLOVENSKI DOM &#8211; NA\u0160 DRUGI DOM<\/strong><\/p>\n","protected":false},"excerpt":{"rendered":"<p>SPO\u0160TOVANI \u010cLANI IN PRIJATELJI! Zagreb, 30. marec 2011 Od 1. do 28. aprila 2011 bo popis prebivalstva. V upanju, da bomo vsi pripomogli k bolj\u0161i pripravi na\u0161ih sonarodnjakov za popis prebivalstva, Vas prosimo, da v svoji sredini in med svojimi prijatelji \u0161irite idejo slovenstva kot na\u0161o edino nacionalno opredelitev. Poudarjamo, da je nacionalna opredelitev zasebna [&hellip;]<\/p>\n","protected":false},"author":1,"featured_media":0,"comment_status":"closed","ping_status":"open","sticky":false,"template":"","format":"standard","meta":{"footnotes":""},"categories":[3],"tags":[],"yoast_head":"<!-- This site is optimized with the Yoast SEO plugin v22.0 - https:\/\/yoast.com\/wordpress\/plugins\/seo\/ -->\n<title>Bilten april 2011 | Slovenski dom in Svet slovenske nacionalne manj\u0161ine Mesta Zagreb<\/title>\n<meta name=\"robots\" content=\"index, follow, max-snippet:-1, max-image-preview:large, max-video-preview:-1\" \/>\n<link rel=\"canonical\" href=\"http:\/\/www.slovenci-zagreb.hr\/si\/bilten-april-2011\/\" \/>\n<meta property=\"og:locale\" content=\"sl_SI\" \/>\n<meta property=\"og:type\" content=\"article\" \/>\n<meta property=\"og:title\" content=\"Bilten april 2011 | Slovenski dom in Svet slovenske nacionalne manj\u0161ine Mesta Zagreb\" \/>\n<meta property=\"og:description\" content=\"SPO\u0160TOVANI \u010cLANI IN PRIJATELJI! Zagreb, 30. marec 2011 Od 1. do 28. aprila 2011 bo popis prebivalstva. V upanju, da bomo vsi pripomogli k bolj\u0161i pripravi na\u0161ih sonarodnjakov za popis prebivalstva, Vas prosimo, da v svoji sredini in med svojimi prijatelji \u0161irite idejo slovenstva kot na\u0161o edino nacionalno opredelitev. Poudarjamo, da je nacionalna opredelitev zasebna [&hellip;]\" \/>\n<meta property=\"og:url\" content=\"http:\/\/www.slovenci-zagreb.hr\/si\/bilten-april-2011\/\" \/>\n<meta property=\"og:site_name\" content=\"Slovenski dom in Svet slovenske nacionalne manj\u0161ine Mesta Zagreb\" \/>\n<meta property=\"article:published_time\" content=\"2011-03-30T12:05:14+00:00\" \/>\n<meta property=\"article:modified_time\" content=\"2017-04-06T20:31:01+00:00\" \/>\n<meta name=\"author\" content=\"edin.dji\" \/>\n<meta name=\"twitter:label1\" content=\"Written by\" \/>\n\t<meta name=\"twitter:data1\" content=\"edin.dji\" \/>\n\t<meta name=\"twitter:label2\" content=\"Est. reading time\" \/>\n\t<meta name=\"twitter:data2\" content=\"2 minuti\" \/>\n<script type=\"application\/ld+json\" class=\"yoast-schema-graph\">{\"@context\":\"https:\/\/schema.org\",\"@graph\":[{\"@type\":\"WebPage\",\"@id\":\"http:\/\/www.slovenci-zagreb.hr\/si\/bilten-april-2011\/\",\"url\":\"http:\/\/www.slovenci-zagreb.hr\/si\/bilten-april-2011\/\",\"name\":\"Bilten april 2011 | Slovenski dom in Svet slovenske nacionalne manj\u0161ine Mesta Zagreb\",\"isPartOf\":{\"@id\":\"http:\/\/www.slovenci-zagreb.hr\/si\/#website\"},\"datePublished\":\"2011-03-30T12:05:14+00:00\",\"dateModified\":\"2017-04-06T20:31:01+00:00\",\"author\":{\"@id\":\"http:\/\/www.slovenci-zagreb.hr\/si\/#\/schema\/person\/6676f710a91979474558fea82bc41a0a\"},\"breadcrumb\":{\"@id\":\"http:\/\/www.slovenci-zagreb.hr\/si\/bilten-april-2011\/#breadcrumb\"},\"inLanguage\":\"sl-SI\",\"potentialAction\":[{\"@type\":\"ReadAction\",\"target\":[\"http:\/\/www.slovenci-zagreb.hr\/si\/bilten-april-2011\/\"]}]},{\"@type\":\"BreadcrumbList\",\"@id\":\"http:\/\/www.slovenci-zagreb.hr\/si\/bilten-april-2011\/#breadcrumb\",\"itemListElement\":[{\"@type\":\"ListItem\",\"position\":1,\"name\":\"Home\",\"item\":\"http:\/\/www.slovenci-zagreb.hr\/si\/\"},{\"@type\":\"ListItem\",\"position\":2,\"name\":\"Bilten april 2011\"}]},{\"@type\":\"WebSite\",\"@id\":\"http:\/\/www.slovenci-zagreb.hr\/si\/#website\",\"url\":\"http:\/\/www.slovenci-zagreb.hr\/si\/\",\"name\":\"Slovenski dom in Svet slovenske nacionalne manj\u0161ine Mesta Zagreb\",\"description\":\"\",\"potentialAction\":[{\"@type\":\"SearchAction\",\"target\":{\"@type\":\"EntryPoint\",\"urlTemplate\":\"http:\/\/www.slovenci-zagreb.hr\/si\/?s={search_term_string}\"},\"query-input\":\"required name=search_term_string\"}],\"inLanguage\":\"sl-SI\"},{\"@type\":\"Person\",\"@id\":\"http:\/\/www.slovenci-zagreb.hr\/si\/#\/schema\/person\/6676f710a91979474558fea82bc41a0a\",\"name\":\"edin.dji\",\"image\":{\"@type\":\"ImageObject\",\"inLanguage\":\"sl-SI\",\"@id\":\"http:\/\/www.slovenci-zagreb.hr\/si\/#\/schema\/person\/image\/\",\"url\":\"http:\/\/0.gravatar.com\/avatar\/6136fa88afb87b83090822617871c230?s=96&d=mm&r=g\",\"contentUrl\":\"http:\/\/0.gravatar.com\/avatar\/6136fa88afb87b83090822617871c230?s=96&d=mm&r=g\",\"caption\":\"edin.dji\"},\"url\":\"http:\/\/www.slovenci-zagreb.hr\/si\/author\/edin-dji\/\"}]}<\/script>\n<!-- \/ Yoast SEO plugin. -->","yoast_head_json":{"title":"Bilten april 2011 | Slovenski dom in Svet slovenske nacionalne manj\u0161ine Mesta Zagreb","robots":{"index":"index","follow":"follow","max-snippet":"max-snippet:-1","max-image-preview":"max-image-preview:large","max-video-preview":"max-video-preview:-1"},"canonical":"http:\/\/www.slovenci-zagreb.hr\/si\/bilten-april-2011\/","og_locale":"sl_SI","og_type":"article","og_title":"Bilten april 2011 | Slovenski dom in Svet slovenske nacionalne manj\u0161ine Mesta Zagreb","og_description":"SPO\u0160TOVANI \u010cLANI IN PRIJATELJI! Zagreb, 30. marec 2011 Od 1. do 28. aprila 2011 bo popis prebivalstva. V upanju, da bomo vsi pripomogli k bolj\u0161i pripravi na\u0161ih sonarodnjakov za popis prebivalstva, Vas prosimo, da v svoji sredini in med svojimi prijatelji \u0161irite idejo slovenstva kot na\u0161o edino nacionalno opredelitev. Poudarjamo, da je nacionalna opredelitev zasebna [&hellip;]","og_url":"http:\/\/www.slovenci-zagreb.hr\/si\/bilten-april-2011\/","og_site_name":"Slovenski dom in Svet slovenske nacionalne manj\u0161ine Mesta Zagreb","article_published_time":"2011-03-30T12:05:14+00:00","article_modified_time":"2017-04-06T20:31:01+00:00","author":"edin.dji","twitter_misc":{"Written by":"edin.dji","Est. reading time":"2 minuti"},"schema":{"@context":"https:\/\/schema.org","@graph":[{"@type":"WebPage","@id":"http:\/\/www.slovenci-zagreb.hr\/si\/bilten-april-2011\/","url":"http:\/\/www.slovenci-zagreb.hr\/si\/bilten-april-2011\/","name":"Bilten april 2011 | Slovenski dom in Svet slovenske nacionalne manj\u0161ine Mesta Zagreb","isPartOf":{"@id":"http:\/\/www.slovenci-zagreb.hr\/si\/#website"},"datePublished":"2011-03-30T12:05:14+00:00","dateModified":"2017-04-06T20:31:01+00:00","author":{"@id":"http:\/\/www.slovenci-zagreb.hr\/si\/#\/schema\/person\/6676f710a91979474558fea82bc41a0a"},"breadcrumb":{"@id":"http:\/\/www.slovenci-zagreb.hr\/si\/bilten-april-2011\/#breadcrumb"},"inLanguage":"sl-SI","potentialAction":[{"@type":"ReadAction","target":["http:\/\/www.slovenci-zagreb.hr\/si\/bilten-april-2011\/"]}]},{"@type":"BreadcrumbList","@id":"http:\/\/www.slovenci-zagreb.hr\/si\/bilten-april-2011\/#breadcrumb","itemListElement":[{"@type":"ListItem","position":1,"name":"Home","item":"http:\/\/www.slovenci-zagreb.hr\/si\/"},{"@type":"ListItem","position":2,"name":"Bilten april 2011"}]},{"@type":"WebSite","@id":"http:\/\/www.slovenci-zagreb.hr\/si\/#website","url":"http:\/\/www.slovenci-zagreb.hr\/si\/","name":"Slovenski dom in Svet slovenske nacionalne manj\u0161ine Mesta Zagreb","description":"","potentialAction":[{"@type":"SearchAction","target":{"@type":"EntryPoint","urlTemplate":"http:\/\/www.slovenci-zagreb.hr\/si\/?s={search_term_string}"},"query-input":"required name=search_term_string"}],"inLanguage":"sl-SI"},{"@type":"Person","@id":"http:\/\/www.slovenci-zagreb.hr\/si\/#\/schema\/person\/6676f710a91979474558fea82bc41a0a","name":"edin.dji","image":{"@type":"ImageObject","inLanguage":"sl-SI","@id":"http:\/\/www.slovenci-zagreb.hr\/si\/#\/schema\/person\/image\/","url":"http:\/\/0.gravatar.com\/avatar\/6136fa88afb87b83090822617871c230?s=96&d=mm&r=g","contentUrl":"http:\/\/0.gravatar.com\/avatar\/6136fa88afb87b83090822617871c230?s=96&d=mm&r=g","caption":"edin.dji"},"url":"http:\/\/www.slovenci-zagreb.hr\/si\/author\/edin-dji\/"}]}},"_links":{"self":[{"href":"http:\/\/www.slovenci-zagreb.hr\/si\/wp-json\/wp\/v2\/posts\/1853"}],"collection":[{"href":"http:\/\/www.slovenci-zagreb.hr\/si\/wp-json\/wp\/v2\/posts"}],"about":[{"href":"http:\/\/www.slovenci-zagreb.hr\/si\/wp-json\/wp\/v2\/types\/post"}],"author":[{"embeddable":true,"href":"http:\/\/www.slovenci-zagreb.hr\/si\/wp-json\/wp\/v2\/users\/1"}],"replies":[{"embeddable":true,"href":"http:\/\/www.slovenci-zagreb.hr\/si\/wp-json\/wp\/v2\/comments?post=1853"}],"version-history":[{"count":1,"href":"http:\/\/www.slovenci-zagreb.hr\/si\/wp-json\/wp\/v2\/posts\/1853\/revisions"}],"predecessor-version":[{"id":1854,"href":"http:\/\/www.slovenci-zagreb.hr\/si\/wp-json\/wp\/v2\/posts\/1853\/revisions\/1854"}],"wp:attachment":[{"href":"http:\/\/www.slovenci-zagreb.hr\/si\/wp-json\/wp\/v2\/media?parent=1853"}],"wp:term":[{"taxonomy":"category","embeddable":true,"href":"http:\/\/www.slovenci-zagreb.hr\/si\/wp-json\/wp\/v2\/categories?post=1853"},{"taxonomy":"post_tag","embeddable":true,"href":"http:\/\/www.slovenci-zagreb.hr\/si\/wp-json\/wp\/v2\/tags?post=1853"}],"curies":[{"name":"wp","href":"https:\/\/api.w.org\/{rel}","templated":true}]}}