{"id":1859,"date":"2011-06-06T14:45:56","date_gmt":"2011-06-06T12:45:56","guid":{"rendered":"http:\/\/www.slovenci-zagreb.hr\/si\/?p=1859"},"modified":"2017-04-06T23:06:34","modified_gmt":"2017-04-06T21:06:34","slug":"bilten-junij-2011","status":"publish","type":"post","link":"http:\/\/www.slovenci-zagreb.hr\/si\/bilten-junij-2011\/","title":{"rendered":"Bilten junij 2011"},"content":{"rendered":"<p>Spo\u0161tovani \u010dlani in prijatelji!<\/p>\n<p style=\"text-align: right;\">Zagreb, 6. junij 2011<\/p>\n<p style=\"text-align: center;\">Pred 20. leti smo se odlo\u010dili o prihodnosti, o tem,<br \/>\nda bomo imeli svojo dr\u017eavo. Stoletja dolgo smo \u010dakali<br \/>\nna to zgodovinsko odlo\u010ditev. Stoletno dolgo \u010dakanje, se je<br \/>\nobrestovalo, Slovenci na Hrva\u0161kem smo dobili obenem kar<br \/>\ndve dr\u017eavi. Zgodovinske okoli\u0161\u010dine so hotele, da sta Slovenija in<br \/>\nHrva\u0161ka samostojnost razglasili na isti dan, 25. junija 1991 in<br \/>\nna ta dan obe praznujeta Dan dr\u017eavnosti.<br \/>\nVabimo vas na sve\u010dani koncert ob praznovanju Dneva dr\u017eavnosti Hrva\u0161ke in<br \/>\nSlovenije, ki bo <strong>15. junija 2011 ob 20. uri<\/strong>, na Cvetnem trgu v Zagrebu.<\/p>\n<p style=\"text-align: center;\">Nastopila bo znana slovenska pevska skupina <strong>Perpetuum jazzile<\/strong>.<br \/>\nOb zvokih dobre in lepe glasbe bo to izredna prilo\u017enost za premislek o<br \/>\npreteklosti in na\u010drtovanje prihodnosti. Naj nam bo to navdih tudi<br \/>\nvnaprej, da bomo svojo dr\u017eavo spo\u0161tovali in razvijali in v njej<br \/>\nznali strpno in lepo \u017eiveti.<\/p>\n<p style=\"text-align: center;\">Perpetuum jazzile:<br \/>\nNekdo je neko\u010d po na\u0161em koncertu izjavil: &#8220;Perpetuum Jazzile je vokalna skupina, kjer pevci jemljejo edino glasbo zares.&#8221; No, tu je kar nekaj resnice o nas &#8230; mo\u010dni ritmi, bogate harmonije in energi\u010dni zvoki so tisto, kar neizmerno radi proizvajamo in dajemo publiki skozi (obi\u010dajno) a cappella skladbe. Prijateljstvo nas povezuje, za <strong>glasbo \u017eivimo<\/strong>. Zakaj instrumenti, ko pa <strong>imamo glasove<\/strong>, se spra\u0161ujemo nenehno. <strong>Nasmehi na obrazih ljudi<\/strong> pa so tisto, k \u010demur stremimo. Hvala, da ste postali del na\u0161ega \u017eivljenja!<\/p>\n<p style=\"text-align: center;\"><strong>SLOVENSKI DOM \u2013 NA\u0160 DRUGI DOM<\/strong><\/p>\n","protected":false},"excerpt":{"rendered":"<p>Spo\u0161tovani \u010dlani in prijatelji! Zagreb, 6. junij 2011 Pred 20. leti smo se odlo\u010dili o prihodnosti, o tem, da bomo imeli svojo dr\u017eavo. Stoletja dolgo smo \u010dakali na to zgodovinsko odlo\u010ditev. Stoletno dolgo \u010dakanje, se je obrestovalo, Slovenci na Hrva\u0161kem smo dobili obenem kar dve dr\u017eavi. Zgodovinske okoli\u0161\u010dine so hotele, da sta Slovenija in Hrva\u0161ka [&hellip;]<\/p>\n","protected":false},"author":1,"featured_media":0,"comment_status":"closed","ping_status":"open","sticky":false,"template":"","format":"standard","meta":{"footnotes":""},"categories":[3],"tags":[],"yoast_head":"<!-- This site is optimized with the Yoast SEO plugin v22.0 - https:\/\/yoast.com\/wordpress\/plugins\/seo\/ -->\n<title>Bilten junij 2011 | Slovenski dom in Svet slovenske nacionalne manj\u0161ine Mesta Zagreb<\/title>\n<meta name=\"robots\" content=\"index, follow, max-snippet:-1, max-image-preview:large, max-video-preview:-1\" \/>\n<link rel=\"canonical\" href=\"http:\/\/www.slovenci-zagreb.hr\/si\/bilten-junij-2011\/\" \/>\n<meta property=\"og:locale\" content=\"sl_SI\" \/>\n<meta property=\"og:type\" content=\"article\" \/>\n<meta property=\"og:title\" content=\"Bilten junij 2011 | Slovenski dom in Svet slovenske nacionalne manj\u0161ine Mesta Zagreb\" \/>\n<meta property=\"og:description\" content=\"Spo\u0161tovani \u010dlani in prijatelji! Zagreb, 6. junij 2011 Pred 20. leti smo se odlo\u010dili o prihodnosti, o tem, da bomo imeli svojo dr\u017eavo. Stoletja dolgo smo \u010dakali na to zgodovinsko odlo\u010ditev. Stoletno dolgo \u010dakanje, se je obrestovalo, Slovenci na Hrva\u0161kem smo dobili obenem kar dve dr\u017eavi. Zgodovinske okoli\u0161\u010dine so hotele, da sta Slovenija in Hrva\u0161ka [&hellip;]\" \/>\n<meta property=\"og:url\" content=\"http:\/\/www.slovenci-zagreb.hr\/si\/bilten-junij-2011\/\" \/>\n<meta property=\"og:site_name\" content=\"Slovenski dom in Svet slovenske nacionalne manj\u0161ine Mesta Zagreb\" \/>\n<meta property=\"article:published_time\" content=\"2011-06-06T12:45:56+00:00\" \/>\n<meta property=\"article:modified_time\" content=\"2017-04-06T21:06:34+00:00\" \/>\n<meta name=\"author\" content=\"edin.dji\" \/>\n<meta name=\"twitter:label1\" content=\"Written by\" \/>\n\t<meta name=\"twitter:data1\" content=\"edin.dji\" \/>\n\t<meta name=\"twitter:label2\" content=\"Est. reading time\" \/>\n\t<meta name=\"twitter:data2\" content=\"1 minuta\" \/>\n<script type=\"application\/ld+json\" class=\"yoast-schema-graph\">{\"@context\":\"https:\/\/schema.org\",\"@graph\":[{\"@type\":\"WebPage\",\"@id\":\"http:\/\/www.slovenci-zagreb.hr\/si\/bilten-junij-2011\/\",\"url\":\"http:\/\/www.slovenci-zagreb.hr\/si\/bilten-junij-2011\/\",\"name\":\"Bilten junij 2011 | Slovenski dom in Svet slovenske nacionalne manj\u0161ine Mesta Zagreb\",\"isPartOf\":{\"@id\":\"http:\/\/www.slovenci-zagreb.hr\/si\/#website\"},\"datePublished\":\"2011-06-06T12:45:56+00:00\",\"dateModified\":\"2017-04-06T21:06:34+00:00\",\"author\":{\"@id\":\"http:\/\/www.slovenci-zagreb.hr\/si\/#\/schema\/person\/6676f710a91979474558fea82bc41a0a\"},\"breadcrumb\":{\"@id\":\"http:\/\/www.slovenci-zagreb.hr\/si\/bilten-junij-2011\/#breadcrumb\"},\"inLanguage\":\"sl-SI\",\"potentialAction\":[{\"@type\":\"ReadAction\",\"target\":[\"http:\/\/www.slovenci-zagreb.hr\/si\/bilten-junij-2011\/\"]}]},{\"@type\":\"BreadcrumbList\",\"@id\":\"http:\/\/www.slovenci-zagreb.hr\/si\/bilten-junij-2011\/#breadcrumb\",\"itemListElement\":[{\"@type\":\"ListItem\",\"position\":1,\"name\":\"Home\",\"item\":\"http:\/\/www.slovenci-zagreb.hr\/si\/\"},{\"@type\":\"ListItem\",\"position\":2,\"name\":\"Bilten junij 2011\"}]},{\"@type\":\"WebSite\",\"@id\":\"http:\/\/www.slovenci-zagreb.hr\/si\/#website\",\"url\":\"http:\/\/www.slovenci-zagreb.hr\/si\/\",\"name\":\"Slovenski dom in Svet slovenske nacionalne manj\u0161ine Mesta Zagreb\",\"description\":\"\",\"potentialAction\":[{\"@type\":\"SearchAction\",\"target\":{\"@type\":\"EntryPoint\",\"urlTemplate\":\"http:\/\/www.slovenci-zagreb.hr\/si\/?s={search_term_string}\"},\"query-input\":\"required name=search_term_string\"}],\"inLanguage\":\"sl-SI\"},{\"@type\":\"Person\",\"@id\":\"http:\/\/www.slovenci-zagreb.hr\/si\/#\/schema\/person\/6676f710a91979474558fea82bc41a0a\",\"name\":\"edin.dji\",\"image\":{\"@type\":\"ImageObject\",\"inLanguage\":\"sl-SI\",\"@id\":\"http:\/\/www.slovenci-zagreb.hr\/si\/#\/schema\/person\/image\/\",\"url\":\"http:\/\/0.gravatar.com\/avatar\/6136fa88afb87b83090822617871c230?s=96&d=mm&r=g\",\"contentUrl\":\"http:\/\/0.gravatar.com\/avatar\/6136fa88afb87b83090822617871c230?s=96&d=mm&r=g\",\"caption\":\"edin.dji\"},\"url\":\"http:\/\/www.slovenci-zagreb.hr\/si\/author\/edin-dji\/\"}]}<\/script>\n<!-- \/ Yoast SEO plugin. -->","yoast_head_json":{"title":"Bilten junij 2011 | Slovenski dom in Svet slovenske nacionalne manj\u0161ine Mesta Zagreb","robots":{"index":"index","follow":"follow","max-snippet":"max-snippet:-1","max-image-preview":"max-image-preview:large","max-video-preview":"max-video-preview:-1"},"canonical":"http:\/\/www.slovenci-zagreb.hr\/si\/bilten-junij-2011\/","og_locale":"sl_SI","og_type":"article","og_title":"Bilten junij 2011 | Slovenski dom in Svet slovenske nacionalne manj\u0161ine Mesta Zagreb","og_description":"Spo\u0161tovani \u010dlani in prijatelji! Zagreb, 6. junij 2011 Pred 20. leti smo se odlo\u010dili o prihodnosti, o tem, da bomo imeli svojo dr\u017eavo. Stoletja dolgo smo \u010dakali na to zgodovinsko odlo\u010ditev. Stoletno dolgo \u010dakanje, se je obrestovalo, Slovenci na Hrva\u0161kem smo dobili obenem kar dve dr\u017eavi. Zgodovinske okoli\u0161\u010dine so hotele, da sta Slovenija in Hrva\u0161ka [&hellip;]","og_url":"http:\/\/www.slovenci-zagreb.hr\/si\/bilten-junij-2011\/","og_site_name":"Slovenski dom in Svet slovenske nacionalne manj\u0161ine Mesta Zagreb","article_published_time":"2011-06-06T12:45:56+00:00","article_modified_time":"2017-04-06T21:06:34+00:00","author":"edin.dji","twitter_misc":{"Written by":"edin.dji","Est. reading time":"1 minuta"},"schema":{"@context":"https:\/\/schema.org","@graph":[{"@type":"WebPage","@id":"http:\/\/www.slovenci-zagreb.hr\/si\/bilten-junij-2011\/","url":"http:\/\/www.slovenci-zagreb.hr\/si\/bilten-junij-2011\/","name":"Bilten junij 2011 | Slovenski dom in Svet slovenske nacionalne manj\u0161ine Mesta Zagreb","isPartOf":{"@id":"http:\/\/www.slovenci-zagreb.hr\/si\/#website"},"datePublished":"2011-06-06T12:45:56+00:00","dateModified":"2017-04-06T21:06:34+00:00","author":{"@id":"http:\/\/www.slovenci-zagreb.hr\/si\/#\/schema\/person\/6676f710a91979474558fea82bc41a0a"},"breadcrumb":{"@id":"http:\/\/www.slovenci-zagreb.hr\/si\/bilten-junij-2011\/#breadcrumb"},"inLanguage":"sl-SI","potentialAction":[{"@type":"ReadAction","target":["http:\/\/www.slovenci-zagreb.hr\/si\/bilten-junij-2011\/"]}]},{"@type":"BreadcrumbList","@id":"http:\/\/www.slovenci-zagreb.hr\/si\/bilten-junij-2011\/#breadcrumb","itemListElement":[{"@type":"ListItem","position":1,"name":"Home","item":"http:\/\/www.slovenci-zagreb.hr\/si\/"},{"@type":"ListItem","position":2,"name":"Bilten junij 2011"}]},{"@type":"WebSite","@id":"http:\/\/www.slovenci-zagreb.hr\/si\/#website","url":"http:\/\/www.slovenci-zagreb.hr\/si\/","name":"Slovenski dom in Svet slovenske nacionalne manj\u0161ine Mesta Zagreb","description":"","potentialAction":[{"@type":"SearchAction","target":{"@type":"EntryPoint","urlTemplate":"http:\/\/www.slovenci-zagreb.hr\/si\/?s={search_term_string}"},"query-input":"required name=search_term_string"}],"inLanguage":"sl-SI"},{"@type":"Person","@id":"http:\/\/www.slovenci-zagreb.hr\/si\/#\/schema\/person\/6676f710a91979474558fea82bc41a0a","name":"edin.dji","image":{"@type":"ImageObject","inLanguage":"sl-SI","@id":"http:\/\/www.slovenci-zagreb.hr\/si\/#\/schema\/person\/image\/","url":"http:\/\/0.gravatar.com\/avatar\/6136fa88afb87b83090822617871c230?s=96&d=mm&r=g","contentUrl":"http:\/\/0.gravatar.com\/avatar\/6136fa88afb87b83090822617871c230?s=96&d=mm&r=g","caption":"edin.dji"},"url":"http:\/\/www.slovenci-zagreb.hr\/si\/author\/edin-dji\/"}]}},"_links":{"self":[{"href":"http:\/\/www.slovenci-zagreb.hr\/si\/wp-json\/wp\/v2\/posts\/1859"}],"collection":[{"href":"http:\/\/www.slovenci-zagreb.hr\/si\/wp-json\/wp\/v2\/posts"}],"about":[{"href":"http:\/\/www.slovenci-zagreb.hr\/si\/wp-json\/wp\/v2\/types\/post"}],"author":[{"embeddable":true,"href":"http:\/\/www.slovenci-zagreb.hr\/si\/wp-json\/wp\/v2\/users\/1"}],"replies":[{"embeddable":true,"href":"http:\/\/www.slovenci-zagreb.hr\/si\/wp-json\/wp\/v2\/comments?post=1859"}],"version-history":[{"count":1,"href":"http:\/\/www.slovenci-zagreb.hr\/si\/wp-json\/wp\/v2\/posts\/1859\/revisions"}],"predecessor-version":[{"id":1860,"href":"http:\/\/www.slovenci-zagreb.hr\/si\/wp-json\/wp\/v2\/posts\/1859\/revisions\/1860"}],"wp:attachment":[{"href":"http:\/\/www.slovenci-zagreb.hr\/si\/wp-json\/wp\/v2\/media?parent=1859"}],"wp:term":[{"taxonomy":"category","embeddable":true,"href":"http:\/\/www.slovenci-zagreb.hr\/si\/wp-json\/wp\/v2\/categories?post=1859"},{"taxonomy":"post_tag","embeddable":true,"href":"http:\/\/www.slovenci-zagreb.hr\/si\/wp-json\/wp\/v2\/tags?post=1859"}],"curies":[{"name":"wp","href":"https:\/\/api.w.org\/{rel}","templated":true}]}}