{"id":1898,"date":"2013-08-08T13:35:24","date_gmt":"2013-08-08T11:35:24","guid":{"rendered":"http:\/\/www.slovenci-zagreb.hr\/si\/?p=1898"},"modified":"2017-04-06T23:38:09","modified_gmt":"2017-04-06T21:38:09","slug":"bilten-marec-april-2013","status":"publish","type":"post","link":"http:\/\/www.slovenci-zagreb.hr\/si\/bilten-marec-april-2013\/","title":{"rendered":"Bilten marec, april 2013"},"content":{"rendered":"<p><strong>SPO\u0160TOVANI \u010cLANI IN PRIJATELJI!<\/strong><\/p>\n<p style=\"text-align: right;\">Zagreb, 8. marec 2013<\/p>\n<p><strong>19. marec 2013 ob 20.00 uri (torek), HISTRIONSKI DOM, ILICA 90, ZAGREB<\/strong><br \/>\n<strong> KOMEDIJA: ZA TUJE TURISTE &#8211; JURE IVANU\u0160I\u010c<\/strong><br \/>\nS predstavo <strong>Za tuje turiste<\/strong> bo nastopil mladi slovenski dramski igralec <strong>Jure Ivanu\u0161i\u010d<\/strong>. Spoznali bomo \u0161ege in navade majhnih, pridnih Slovencev in njihovo prikupno, po tradiciji \u017ealostno kulturo ter pisano zgodovino, v kateri so menjali kar pet dr\u017eav, preden so osamosvojeni postali del Evropske unije. \u017dal prekrasna narava sama po sebi ne more ubla\u017eiti stisk ljudi, katerim je \u017eivljenje na nekonfliktnem obmo\u010dju zadalo neizbrisane sledi. Ob izku\u0161enem krmarju je tu \u0161e preverjena posadka: Luka Vehar (kitara), Robert Juki\u010d (kontrabas) in Ga\u0161per Per\u0161l (bobni).<\/p>\n<p><em><strong>Za \u010dlane Slovenskega doma smo poskrbeli za brezpla\u010dne vstopnice. Pravo\u010dasno pokli\u010dite in rezervirajte vstopnice na \u0161tevilko telefona 01-6525 973.<\/strong><\/em><\/p>\n<p><strong>9. april 2013 ob 18. uri (torek), SLOVENSKI DOM<\/strong><br \/>\n<strong> LETNI ZBOR DRU\u0160TVA IZGNANCEV SLOVENIJE \u2013 KO DIS ZAGREB<\/strong><br \/>\nKrajevna organizacija DIS Zagreb vabi vse \u010dlane na <strong>letni zbor<\/strong>. V kulturnem programu bo nastopil <strong>me\u0161ani pevski zbor Slovenski dom<\/strong>. Po kulturnem programu bo sledilo: poro\u010dilo o delu KO v letu 2012, na\u010drt dela za teko\u010de leto in volitve novega odbora KO. Na zboru bodo sodelovali predstavniki DIS-a in predsedniki sosednih organizacij DIS-a iz: Dobove, \u010cate\u017ea ob Savi in Arti\u010d.<\/p>\n<p><strong>19. april 2013 ob 19.30. uri (petek), KD VATROSLAV LISINSKI<\/strong><br \/>\n<strong> PRIMORSKA POJE V LISINSKEM<\/strong><br \/>\n\u017de \u010detrto leto Slovenski dom pripravlja zagreb\u0161ki koncert v okviru znane in dolgoletne revije pevskih zborov <strong>Primorska poje<\/strong>. <strong>V mali dvorani koncertne dvorane Vatroslav Lisinski<\/strong> bodo nastopali pevski zbori: <strong>KD Kra\u0161ki \u0161opek Se\u017eana, \u017dePZ Kalina, MoPZ Kromber\u0161ki Vodopivci, \u017dupnijski MePZ \u0160empeter, MoPZ Izola, MoPZ Franc Zgonik, Primorski akademski zbor Vinko Vodopivec<\/strong>. Prisluhnili bomo ve\u010d kot stotim pevcem, ki nas bodo s slovensko pesmijo spomnili na na\u0161e korenine in na lepo slovensko pesem. Obeta se nam lep ve\u010der slovenske zborovske glasbe.<\/p>\n<p><strong>Pokli\u010dite tajni\u0161tvo na \u0161tevilko telefona 01-6525 973, zagotovite si brezpla\u010dno vstopnico in sede\u017e v dvorani.<\/strong><\/p>\n<p><strong>26. april 2013 ob 19. uri (petek), SLOVENSKI DOM<\/strong><br \/>\n<strong> KONCERT PEVSKEGA ZBORA LISCA IZ SEVNICE IN PEVSKEGA ZBORA SLOVENSKI DOM<\/strong><br \/>\nZ veseljem bomo prisluhnili <strong>pevskemu zboru Lisca iz Sevnice<\/strong>, ki bo zapel nekaj ljudskih in umetnih pesmi iz svojega obse\u017enega repertoarja. Nastopil bo tudi <strong>zbor Slovenskega doma<\/strong>. Pred nami je \u0161e eno lepo do\u017eivetje. Tudi ob tem gostovanju se obeta prijetno dru\u017eenje, saj bomo po koncertu z na\u0161imi gosti zapeli in zaigrali \u0161e kak\u0161no doma\u010do. <strong>Vabljeni<\/strong>!<\/p>\n<p><em><strong>Po\u0161iljamo Vam polo\u017enico za pla\u010dilo \u010dlanarine za leto 2013. Naj vam bo pla\u010dilo \u010dlanarine v \u010dast in zadovoljstvo. \u010ce ste \u010dlanarino \u017ee pla\u010dali v tajni\u0161tvu, pozabite na polo\u017enico.<\/strong><\/em><\/p>\n<p style=\"text-align: center;\"><strong>SLOVENSKI DOM \u2013 NA\u0160 DRUGI DOM<\/strong><\/p>\n","protected":false},"excerpt":{"rendered":"<p>SPO\u0160TOVANI \u010cLANI IN PRIJATELJI! Zagreb, 8. marec 2013 19. marec 2013 ob 20.00 uri (torek), HISTRIONSKI DOM, ILICA 90, ZAGREB KOMEDIJA: ZA TUJE TURISTE &#8211; JURE IVANU\u0160I\u010c S predstavo Za tuje turiste bo nastopil mladi slovenski dramski igralec Jure Ivanu\u0161i\u010d. Spoznali bomo \u0161ege in navade majhnih, pridnih Slovencev in njihovo prikupno, po tradiciji \u017ealostno kulturo [&hellip;]<\/p>\n","protected":false},"author":1,"featured_media":0,"comment_status":"closed","ping_status":"open","sticky":false,"template":"","format":"standard","meta":{"footnotes":""},"categories":[3],"tags":[],"yoast_head":"<!-- This site is optimized with the Yoast SEO plugin v22.0 - https:\/\/yoast.com\/wordpress\/plugins\/seo\/ -->\n<title>Bilten marec, april 2013 | Slovenski dom in Svet slovenske nacionalne manj\u0161ine Mesta Zagreb<\/title>\n<meta name=\"robots\" content=\"index, follow, max-snippet:-1, max-image-preview:large, max-video-preview:-1\" \/>\n<link rel=\"canonical\" href=\"http:\/\/www.slovenci-zagreb.hr\/si\/bilten-marec-april-2013\/\" \/>\n<meta property=\"og:locale\" content=\"sl_SI\" \/>\n<meta property=\"og:type\" content=\"article\" \/>\n<meta property=\"og:title\" content=\"Bilten marec, april 2013 | Slovenski dom in Svet slovenske nacionalne manj\u0161ine Mesta Zagreb\" \/>\n<meta property=\"og:description\" content=\"SPO\u0160TOVANI \u010cLANI IN PRIJATELJI! Zagreb, 8. marec 2013 19. marec 2013 ob 20.00 uri (torek), HISTRIONSKI DOM, ILICA 90, ZAGREB KOMEDIJA: ZA TUJE TURISTE &#8211; JURE IVANU\u0160I\u010c S predstavo Za tuje turiste bo nastopil mladi slovenski dramski igralec Jure Ivanu\u0161i\u010d. Spoznali bomo \u0161ege in navade majhnih, pridnih Slovencev in njihovo prikupno, po tradiciji \u017ealostno kulturo [&hellip;]\" \/>\n<meta property=\"og:url\" content=\"http:\/\/www.slovenci-zagreb.hr\/si\/bilten-marec-april-2013\/\" \/>\n<meta property=\"og:site_name\" content=\"Slovenski dom in Svet slovenske nacionalne manj\u0161ine Mesta Zagreb\" \/>\n<meta property=\"article:published_time\" content=\"2013-08-08T11:35:24+00:00\" \/>\n<meta property=\"article:modified_time\" content=\"2017-04-06T21:38:09+00:00\" \/>\n<meta name=\"author\" content=\"edin.dji\" \/>\n<meta name=\"twitter:label1\" content=\"Written by\" \/>\n\t<meta name=\"twitter:data1\" content=\"edin.dji\" \/>\n\t<meta name=\"twitter:label2\" content=\"Est. reading time\" \/>\n\t<meta name=\"twitter:data2\" content=\"2 minuti\" \/>\n<script type=\"application\/ld+json\" class=\"yoast-schema-graph\">{\"@context\":\"https:\/\/schema.org\",\"@graph\":[{\"@type\":\"WebPage\",\"@id\":\"http:\/\/www.slovenci-zagreb.hr\/si\/bilten-marec-april-2013\/\",\"url\":\"http:\/\/www.slovenci-zagreb.hr\/si\/bilten-marec-april-2013\/\",\"name\":\"Bilten marec, april 2013 | Slovenski dom in Svet slovenske nacionalne manj\u0161ine Mesta Zagreb\",\"isPartOf\":{\"@id\":\"http:\/\/www.slovenci-zagreb.hr\/si\/#website\"},\"datePublished\":\"2013-08-08T11:35:24+00:00\",\"dateModified\":\"2017-04-06T21:38:09+00:00\",\"author\":{\"@id\":\"http:\/\/www.slovenci-zagreb.hr\/si\/#\/schema\/person\/6676f710a91979474558fea82bc41a0a\"},\"breadcrumb\":{\"@id\":\"http:\/\/www.slovenci-zagreb.hr\/si\/bilten-marec-april-2013\/#breadcrumb\"},\"inLanguage\":\"sl-SI\",\"potentialAction\":[{\"@type\":\"ReadAction\",\"target\":[\"http:\/\/www.slovenci-zagreb.hr\/si\/bilten-marec-april-2013\/\"]}]},{\"@type\":\"BreadcrumbList\",\"@id\":\"http:\/\/www.slovenci-zagreb.hr\/si\/bilten-marec-april-2013\/#breadcrumb\",\"itemListElement\":[{\"@type\":\"ListItem\",\"position\":1,\"name\":\"Home\",\"item\":\"http:\/\/www.slovenci-zagreb.hr\/si\/\"},{\"@type\":\"ListItem\",\"position\":2,\"name\":\"Bilten marec, april 2013\"}]},{\"@type\":\"WebSite\",\"@id\":\"http:\/\/www.slovenci-zagreb.hr\/si\/#website\",\"url\":\"http:\/\/www.slovenci-zagreb.hr\/si\/\",\"name\":\"Slovenski dom in Svet slovenske nacionalne manj\u0161ine Mesta Zagreb\",\"description\":\"\",\"potentialAction\":[{\"@type\":\"SearchAction\",\"target\":{\"@type\":\"EntryPoint\",\"urlTemplate\":\"http:\/\/www.slovenci-zagreb.hr\/si\/?s={search_term_string}\"},\"query-input\":\"required name=search_term_string\"}],\"inLanguage\":\"sl-SI\"},{\"@type\":\"Person\",\"@id\":\"http:\/\/www.slovenci-zagreb.hr\/si\/#\/schema\/person\/6676f710a91979474558fea82bc41a0a\",\"name\":\"edin.dji\",\"image\":{\"@type\":\"ImageObject\",\"inLanguage\":\"sl-SI\",\"@id\":\"http:\/\/www.slovenci-zagreb.hr\/si\/#\/schema\/person\/image\/\",\"url\":\"http:\/\/0.gravatar.com\/avatar\/6136fa88afb87b83090822617871c230?s=96&d=mm&r=g\",\"contentUrl\":\"http:\/\/0.gravatar.com\/avatar\/6136fa88afb87b83090822617871c230?s=96&d=mm&r=g\",\"caption\":\"edin.dji\"},\"url\":\"http:\/\/www.slovenci-zagreb.hr\/si\/author\/edin-dji\/\"}]}<\/script>\n<!-- \/ Yoast SEO plugin. -->","yoast_head_json":{"title":"Bilten marec, april 2013 | Slovenski dom in Svet slovenske nacionalne manj\u0161ine Mesta Zagreb","robots":{"index":"index","follow":"follow","max-snippet":"max-snippet:-1","max-image-preview":"max-image-preview:large","max-video-preview":"max-video-preview:-1"},"canonical":"http:\/\/www.slovenci-zagreb.hr\/si\/bilten-marec-april-2013\/","og_locale":"sl_SI","og_type":"article","og_title":"Bilten marec, april 2013 | Slovenski dom in Svet slovenske nacionalne manj\u0161ine Mesta Zagreb","og_description":"SPO\u0160TOVANI \u010cLANI IN PRIJATELJI! Zagreb, 8. marec 2013 19. marec 2013 ob 20.00 uri (torek), HISTRIONSKI DOM, ILICA 90, ZAGREB KOMEDIJA: ZA TUJE TURISTE &#8211; JURE IVANU\u0160I\u010c S predstavo Za tuje turiste bo nastopil mladi slovenski dramski igralec Jure Ivanu\u0161i\u010d. Spoznali bomo \u0161ege in navade majhnih, pridnih Slovencev in njihovo prikupno, po tradiciji \u017ealostno kulturo [&hellip;]","og_url":"http:\/\/www.slovenci-zagreb.hr\/si\/bilten-marec-april-2013\/","og_site_name":"Slovenski dom in Svet slovenske nacionalne manj\u0161ine Mesta Zagreb","article_published_time":"2013-08-08T11:35:24+00:00","article_modified_time":"2017-04-06T21:38:09+00:00","author":"edin.dji","twitter_misc":{"Written by":"edin.dji","Est. reading time":"2 minuti"},"schema":{"@context":"https:\/\/schema.org","@graph":[{"@type":"WebPage","@id":"http:\/\/www.slovenci-zagreb.hr\/si\/bilten-marec-april-2013\/","url":"http:\/\/www.slovenci-zagreb.hr\/si\/bilten-marec-april-2013\/","name":"Bilten marec, april 2013 | Slovenski dom in Svet slovenske nacionalne manj\u0161ine Mesta Zagreb","isPartOf":{"@id":"http:\/\/www.slovenci-zagreb.hr\/si\/#website"},"datePublished":"2013-08-08T11:35:24+00:00","dateModified":"2017-04-06T21:38:09+00:00","author":{"@id":"http:\/\/www.slovenci-zagreb.hr\/si\/#\/schema\/person\/6676f710a91979474558fea82bc41a0a"},"breadcrumb":{"@id":"http:\/\/www.slovenci-zagreb.hr\/si\/bilten-marec-april-2013\/#breadcrumb"},"inLanguage":"sl-SI","potentialAction":[{"@type":"ReadAction","target":["http:\/\/www.slovenci-zagreb.hr\/si\/bilten-marec-april-2013\/"]}]},{"@type":"BreadcrumbList","@id":"http:\/\/www.slovenci-zagreb.hr\/si\/bilten-marec-april-2013\/#breadcrumb","itemListElement":[{"@type":"ListItem","position":1,"name":"Home","item":"http:\/\/www.slovenci-zagreb.hr\/si\/"},{"@type":"ListItem","position":2,"name":"Bilten marec, april 2013"}]},{"@type":"WebSite","@id":"http:\/\/www.slovenci-zagreb.hr\/si\/#website","url":"http:\/\/www.slovenci-zagreb.hr\/si\/","name":"Slovenski dom in Svet slovenske nacionalne manj\u0161ine Mesta Zagreb","description":"","potentialAction":[{"@type":"SearchAction","target":{"@type":"EntryPoint","urlTemplate":"http:\/\/www.slovenci-zagreb.hr\/si\/?s={search_term_string}"},"query-input":"required name=search_term_string"}],"inLanguage":"sl-SI"},{"@type":"Person","@id":"http:\/\/www.slovenci-zagreb.hr\/si\/#\/schema\/person\/6676f710a91979474558fea82bc41a0a","name":"edin.dji","image":{"@type":"ImageObject","inLanguage":"sl-SI","@id":"http:\/\/www.slovenci-zagreb.hr\/si\/#\/schema\/person\/image\/","url":"http:\/\/0.gravatar.com\/avatar\/6136fa88afb87b83090822617871c230?s=96&d=mm&r=g","contentUrl":"http:\/\/0.gravatar.com\/avatar\/6136fa88afb87b83090822617871c230?s=96&d=mm&r=g","caption":"edin.dji"},"url":"http:\/\/www.slovenci-zagreb.hr\/si\/author\/edin-dji\/"}]}},"_links":{"self":[{"href":"http:\/\/www.slovenci-zagreb.hr\/si\/wp-json\/wp\/v2\/posts\/1898"}],"collection":[{"href":"http:\/\/www.slovenci-zagreb.hr\/si\/wp-json\/wp\/v2\/posts"}],"about":[{"href":"http:\/\/www.slovenci-zagreb.hr\/si\/wp-json\/wp\/v2\/types\/post"}],"author":[{"embeddable":true,"href":"http:\/\/www.slovenci-zagreb.hr\/si\/wp-json\/wp\/v2\/users\/1"}],"replies":[{"embeddable":true,"href":"http:\/\/www.slovenci-zagreb.hr\/si\/wp-json\/wp\/v2\/comments?post=1898"}],"version-history":[{"count":1,"href":"http:\/\/www.slovenci-zagreb.hr\/si\/wp-json\/wp\/v2\/posts\/1898\/revisions"}],"predecessor-version":[{"id":1899,"href":"http:\/\/www.slovenci-zagreb.hr\/si\/wp-json\/wp\/v2\/posts\/1898\/revisions\/1899"}],"wp:attachment":[{"href":"http:\/\/www.slovenci-zagreb.hr\/si\/wp-json\/wp\/v2\/media?parent=1898"}],"wp:term":[{"taxonomy":"category","embeddable":true,"href":"http:\/\/www.slovenci-zagreb.hr\/si\/wp-json\/wp\/v2\/categories?post=1898"},{"taxonomy":"post_tag","embeddable":true,"href":"http:\/\/www.slovenci-zagreb.hr\/si\/wp-json\/wp\/v2\/tags?post=1898"}],"curies":[{"name":"wp","href":"https:\/\/api.w.org\/{rel}","templated":true}]}}