{"id":1908,"date":"2013-11-28T13:50:56","date_gmt":"2013-11-28T12:50:56","guid":{"rendered":"http:\/\/www.slovenci-zagreb.hr\/si\/?p=1908"},"modified":"2017-04-06T23:46:35","modified_gmt":"2017-04-06T21:46:35","slug":"bilten-december-2013","status":"publish","type":"post","link":"http:\/\/www.slovenci-zagreb.hr\/si\/bilten-december-2013\/","title":{"rendered":"Bilten december 2013"},"content":{"rendered":"<p><strong>SPO\u0160TOVANI \u010cLANI IN PRIJATELJI!<\/strong><\/p>\n<p style=\"text-align: right;\">Zagreb, 28. november 2013<\/p>\n<p style=\"text-align: center;\"><strong>O bo\u017ei\u010du zeleno, o veliki no\u010di sne\u017eeno.<\/strong><\/p>\n<p><strong>7. december 2013 ob 19. uri (sobota)<\/strong><br \/>\n<strong> PREDSTAVA ZAIGRANI KISHON<\/strong><br \/>\nS predstavo Zaigrani Kishon nas bodo obiskali rojaki iz <strong>Slovenskega doma KPD Bazovica<\/strong> z Reke. \u010clani dramske skupine so v re\u017eiji <strong>Renate Fugo\u0161i\u0107<\/strong> pripravili Kishonove zanimive \u017eivljenjske zgodbe s \u0161aljivim prikazom dana\u0161njice in umestitvijo v vsakdanjik slovenske vasice. An\u010dka in Micka sta stari prijateljici, ki na poti domov radi posedata na stari klopci pred cerkvijo in druga drugo seznanjata z va\u0161kimi novicami. Osrednja tema so seveda sosedje in njihove te\u017eave. Tako spoznamo zgodbo o norem umetniku, ki se skriva v trgovini s kravatami, starem prodajalcu likalnikov, ki iz svoje trgovine odganja kupce, in morebitnem teroristi\u010dnem napadu na Slovenski dom. Po predstavi se nam obeta veselo dru\u017eenje z rojaki. <strong>Vabljeni!<\/strong><\/p>\n<p><strong>11. december 2013 ob 19. uri (sreda)<\/strong><br \/>\n<strong> BO\u017dI\u010cNA RAZSTAVA USTVARJALNE DELAVNICE \u0160OPEK<\/strong><br \/>\nBo\u017ei\u010dni in novoletni prazniki so tik pred vrati, z njimi pa prihaja tudi \u010das obdarovanj. Marljive \u010dlanice <strong>\u0160opka<\/strong> bodo pokazale sadove svojega dela in nas popeljale v prazni\u010dno vzdu\u0161je. Na ogled bodo <strong>bo\u017ei\u010dni, novoletni in cvetli\u010dni aran\u017emaji, poslikane stvaritve na steklu, servietna tehnika na razli\u010dnih predmetih in miniature slik &#8211; olje na platnu<\/strong>. S \u0160opkovkami boste lahko neobvezno poklepetali in si od razstavljenega tudi kaj privo\u0161\u010dili.<\/p>\n<p><strong>18. december 2013 ob 19. uri (sreda)<\/strong><br \/>\n<strong> RAZSTAVA SLIK JANKO TESTEN, FRA AMBROZ 1897-1984<\/strong><br \/>\nFran\u010di\u0161kana <strong>Janka Testna, fra Ambroza<\/strong>, ki se je rodil v Loki pri Meng\u0161u se uvr\u0161\u010da med vodilne ekspresioniste hrva\u0161kega slikarstva. Leta 1980 ga je &#8220;odkril&#8221; umetnostni zgodovinar dr. <strong>Tonko Maroevi\u0107<\/strong>. Janko Testen, fra Ambroz je vrsto let ustvarjal v fran\u010di\u0161kanskih samostanih po Dalmaciji. <strong>Razstavo<\/strong> smo pripravili ob slikarjevi <strong>30. obletnici smrti<\/strong>. O njegovem opusu in prispevku hrva\u0161ki likovni umetnosti bo spregovoril akademik Tonko Maroevi\u0107.<\/p>\n<p><strong>27. december 2013 ob 19. uri (petek)<\/strong><br \/>\n<strong> SLOVO OD STAREGA LETA<\/strong><br \/>\nTe\u017eko pri\u010dakovani mesec se pribli\u017euje in piko na i mu bo kot vedno postavilo slovo od starega leta. Izbor pesmi in melodij, ki jih bo igral <strong>Branko Soto\u0161ek<\/strong>, je tako \u0161irok in pester, da bo razveselil in na plesi\u0161\u010de privabil tako staro kot mlado. Z dobro kapljico in prigrizkom bomo v nepozabnem ve\u010deru nazdravili prihajajo\u010demu letu 2014.<\/p>\n<p style=\"text-align: center;\"><em><strong>VO\u0160\u010cIMO VAM VESELE BO\u017dI\u010cNE PRAZNIKE IN SRE\u010cNO NOVO LETO!<\/strong><\/em><\/p>\n<p style=\"text-align: center;\"><strong>SLOVENSKI DOM \u2013 NA\u0160 DRUGI DOM<\/strong><\/p>\n","protected":false},"excerpt":{"rendered":"<p>SPO\u0160TOVANI \u010cLANI IN PRIJATELJI! Zagreb, 28. november 2013 O bo\u017ei\u010du zeleno, o veliki no\u010di sne\u017eeno. 7. december 2013 ob 19. uri (sobota) PREDSTAVA ZAIGRANI KISHON S predstavo Zaigrani Kishon nas bodo obiskali rojaki iz Slovenskega doma KPD Bazovica z Reke. \u010clani dramske skupine so v re\u017eiji Renate Fugo\u0161i\u0107 pripravili Kishonove zanimive \u017eivljenjske zgodbe s \u0161aljivim [&hellip;]<\/p>\n","protected":false},"author":1,"featured_media":0,"comment_status":"closed","ping_status":"open","sticky":false,"template":"","format":"standard","meta":{"footnotes":""},"categories":[3],"tags":[],"yoast_head":"<!-- This site is optimized with the Yoast SEO plugin v22.0 - https:\/\/yoast.com\/wordpress\/plugins\/seo\/ -->\n<title>Bilten december 2013 | Slovenski dom in Svet slovenske nacionalne manj\u0161ine Mesta Zagreb<\/title>\n<meta name=\"robots\" content=\"index, follow, max-snippet:-1, max-image-preview:large, max-video-preview:-1\" \/>\n<link rel=\"canonical\" href=\"http:\/\/www.slovenci-zagreb.hr\/si\/bilten-december-2013\/\" \/>\n<meta property=\"og:locale\" content=\"sl_SI\" \/>\n<meta property=\"og:type\" content=\"article\" \/>\n<meta property=\"og:title\" content=\"Bilten december 2013 | Slovenski dom in Svet slovenske nacionalne manj\u0161ine Mesta Zagreb\" \/>\n<meta property=\"og:description\" content=\"SPO\u0160TOVANI \u010cLANI IN PRIJATELJI! Zagreb, 28. november 2013 O bo\u017ei\u010du zeleno, o veliki no\u010di sne\u017eeno. 7. december 2013 ob 19. uri (sobota) PREDSTAVA ZAIGRANI KISHON S predstavo Zaigrani Kishon nas bodo obiskali rojaki iz Slovenskega doma KPD Bazovica z Reke. \u010clani dramske skupine so v re\u017eiji Renate Fugo\u0161i\u0107 pripravili Kishonove zanimive \u017eivljenjske zgodbe s \u0161aljivim [&hellip;]\" \/>\n<meta property=\"og:url\" content=\"http:\/\/www.slovenci-zagreb.hr\/si\/bilten-december-2013\/\" \/>\n<meta property=\"og:site_name\" content=\"Slovenski dom in Svet slovenske nacionalne manj\u0161ine Mesta Zagreb\" \/>\n<meta property=\"article:published_time\" content=\"2013-11-28T12:50:56+00:00\" \/>\n<meta property=\"article:modified_time\" content=\"2017-04-06T21:46:35+00:00\" \/>\n<meta name=\"author\" content=\"edin.dji\" \/>\n<meta name=\"twitter:label1\" content=\"Written by\" \/>\n\t<meta name=\"twitter:data1\" content=\"edin.dji\" \/>\n\t<meta name=\"twitter:label2\" content=\"Est. reading time\" \/>\n\t<meta name=\"twitter:data2\" content=\"2 minuti\" \/>\n<script type=\"application\/ld+json\" class=\"yoast-schema-graph\">{\"@context\":\"https:\/\/schema.org\",\"@graph\":[{\"@type\":\"WebPage\",\"@id\":\"http:\/\/www.slovenci-zagreb.hr\/si\/bilten-december-2013\/\",\"url\":\"http:\/\/www.slovenci-zagreb.hr\/si\/bilten-december-2013\/\",\"name\":\"Bilten december 2013 | Slovenski dom in Svet slovenske nacionalne manj\u0161ine Mesta Zagreb\",\"isPartOf\":{\"@id\":\"http:\/\/www.slovenci-zagreb.hr\/si\/#website\"},\"datePublished\":\"2013-11-28T12:50:56+00:00\",\"dateModified\":\"2017-04-06T21:46:35+00:00\",\"author\":{\"@id\":\"http:\/\/www.slovenci-zagreb.hr\/si\/#\/schema\/person\/6676f710a91979474558fea82bc41a0a\"},\"breadcrumb\":{\"@id\":\"http:\/\/www.slovenci-zagreb.hr\/si\/bilten-december-2013\/#breadcrumb\"},\"inLanguage\":\"sl-SI\",\"potentialAction\":[{\"@type\":\"ReadAction\",\"target\":[\"http:\/\/www.slovenci-zagreb.hr\/si\/bilten-december-2013\/\"]}]},{\"@type\":\"BreadcrumbList\",\"@id\":\"http:\/\/www.slovenci-zagreb.hr\/si\/bilten-december-2013\/#breadcrumb\",\"itemListElement\":[{\"@type\":\"ListItem\",\"position\":1,\"name\":\"Home\",\"item\":\"http:\/\/www.slovenci-zagreb.hr\/si\/\"},{\"@type\":\"ListItem\",\"position\":2,\"name\":\"Bilten december 2013\"}]},{\"@type\":\"WebSite\",\"@id\":\"http:\/\/www.slovenci-zagreb.hr\/si\/#website\",\"url\":\"http:\/\/www.slovenci-zagreb.hr\/si\/\",\"name\":\"Slovenski dom in Svet slovenske nacionalne manj\u0161ine Mesta Zagreb\",\"description\":\"\",\"potentialAction\":[{\"@type\":\"SearchAction\",\"target\":{\"@type\":\"EntryPoint\",\"urlTemplate\":\"http:\/\/www.slovenci-zagreb.hr\/si\/?s={search_term_string}\"},\"query-input\":\"required name=search_term_string\"}],\"inLanguage\":\"sl-SI\"},{\"@type\":\"Person\",\"@id\":\"http:\/\/www.slovenci-zagreb.hr\/si\/#\/schema\/person\/6676f710a91979474558fea82bc41a0a\",\"name\":\"edin.dji\",\"image\":{\"@type\":\"ImageObject\",\"inLanguage\":\"sl-SI\",\"@id\":\"http:\/\/www.slovenci-zagreb.hr\/si\/#\/schema\/person\/image\/\",\"url\":\"http:\/\/0.gravatar.com\/avatar\/6136fa88afb87b83090822617871c230?s=96&d=mm&r=g\",\"contentUrl\":\"http:\/\/0.gravatar.com\/avatar\/6136fa88afb87b83090822617871c230?s=96&d=mm&r=g\",\"caption\":\"edin.dji\"},\"url\":\"http:\/\/www.slovenci-zagreb.hr\/si\/author\/edin-dji\/\"}]}<\/script>\n<!-- \/ Yoast SEO plugin. -->","yoast_head_json":{"title":"Bilten december 2013 | Slovenski dom in Svet slovenske nacionalne manj\u0161ine Mesta Zagreb","robots":{"index":"index","follow":"follow","max-snippet":"max-snippet:-1","max-image-preview":"max-image-preview:large","max-video-preview":"max-video-preview:-1"},"canonical":"http:\/\/www.slovenci-zagreb.hr\/si\/bilten-december-2013\/","og_locale":"sl_SI","og_type":"article","og_title":"Bilten december 2013 | Slovenski dom in Svet slovenske nacionalne manj\u0161ine Mesta Zagreb","og_description":"SPO\u0160TOVANI \u010cLANI IN PRIJATELJI! Zagreb, 28. november 2013 O bo\u017ei\u010du zeleno, o veliki no\u010di sne\u017eeno. 7. december 2013 ob 19. uri (sobota) PREDSTAVA ZAIGRANI KISHON S predstavo Zaigrani Kishon nas bodo obiskali rojaki iz Slovenskega doma KPD Bazovica z Reke. \u010clani dramske skupine so v re\u017eiji Renate Fugo\u0161i\u0107 pripravili Kishonove zanimive \u017eivljenjske zgodbe s \u0161aljivim [&hellip;]","og_url":"http:\/\/www.slovenci-zagreb.hr\/si\/bilten-december-2013\/","og_site_name":"Slovenski dom in Svet slovenske nacionalne manj\u0161ine Mesta Zagreb","article_published_time":"2013-11-28T12:50:56+00:00","article_modified_time":"2017-04-06T21:46:35+00:00","author":"edin.dji","twitter_misc":{"Written by":"edin.dji","Est. reading time":"2 minuti"},"schema":{"@context":"https:\/\/schema.org","@graph":[{"@type":"WebPage","@id":"http:\/\/www.slovenci-zagreb.hr\/si\/bilten-december-2013\/","url":"http:\/\/www.slovenci-zagreb.hr\/si\/bilten-december-2013\/","name":"Bilten december 2013 | Slovenski dom in Svet slovenske nacionalne manj\u0161ine Mesta Zagreb","isPartOf":{"@id":"http:\/\/www.slovenci-zagreb.hr\/si\/#website"},"datePublished":"2013-11-28T12:50:56+00:00","dateModified":"2017-04-06T21:46:35+00:00","author":{"@id":"http:\/\/www.slovenci-zagreb.hr\/si\/#\/schema\/person\/6676f710a91979474558fea82bc41a0a"},"breadcrumb":{"@id":"http:\/\/www.slovenci-zagreb.hr\/si\/bilten-december-2013\/#breadcrumb"},"inLanguage":"sl-SI","potentialAction":[{"@type":"ReadAction","target":["http:\/\/www.slovenci-zagreb.hr\/si\/bilten-december-2013\/"]}]},{"@type":"BreadcrumbList","@id":"http:\/\/www.slovenci-zagreb.hr\/si\/bilten-december-2013\/#breadcrumb","itemListElement":[{"@type":"ListItem","position":1,"name":"Home","item":"http:\/\/www.slovenci-zagreb.hr\/si\/"},{"@type":"ListItem","position":2,"name":"Bilten december 2013"}]},{"@type":"WebSite","@id":"http:\/\/www.slovenci-zagreb.hr\/si\/#website","url":"http:\/\/www.slovenci-zagreb.hr\/si\/","name":"Slovenski dom in Svet slovenske nacionalne manj\u0161ine Mesta Zagreb","description":"","potentialAction":[{"@type":"SearchAction","target":{"@type":"EntryPoint","urlTemplate":"http:\/\/www.slovenci-zagreb.hr\/si\/?s={search_term_string}"},"query-input":"required name=search_term_string"}],"inLanguage":"sl-SI"},{"@type":"Person","@id":"http:\/\/www.slovenci-zagreb.hr\/si\/#\/schema\/person\/6676f710a91979474558fea82bc41a0a","name":"edin.dji","image":{"@type":"ImageObject","inLanguage":"sl-SI","@id":"http:\/\/www.slovenci-zagreb.hr\/si\/#\/schema\/person\/image\/","url":"http:\/\/0.gravatar.com\/avatar\/6136fa88afb87b83090822617871c230?s=96&d=mm&r=g","contentUrl":"http:\/\/0.gravatar.com\/avatar\/6136fa88afb87b83090822617871c230?s=96&d=mm&r=g","caption":"edin.dji"},"url":"http:\/\/www.slovenci-zagreb.hr\/si\/author\/edin-dji\/"}]}},"_links":{"self":[{"href":"http:\/\/www.slovenci-zagreb.hr\/si\/wp-json\/wp\/v2\/posts\/1908"}],"collection":[{"href":"http:\/\/www.slovenci-zagreb.hr\/si\/wp-json\/wp\/v2\/posts"}],"about":[{"href":"http:\/\/www.slovenci-zagreb.hr\/si\/wp-json\/wp\/v2\/types\/post"}],"author":[{"embeddable":true,"href":"http:\/\/www.slovenci-zagreb.hr\/si\/wp-json\/wp\/v2\/users\/1"}],"replies":[{"embeddable":true,"href":"http:\/\/www.slovenci-zagreb.hr\/si\/wp-json\/wp\/v2\/comments?post=1908"}],"version-history":[{"count":1,"href":"http:\/\/www.slovenci-zagreb.hr\/si\/wp-json\/wp\/v2\/posts\/1908\/revisions"}],"predecessor-version":[{"id":1909,"href":"http:\/\/www.slovenci-zagreb.hr\/si\/wp-json\/wp\/v2\/posts\/1908\/revisions\/1909"}],"wp:attachment":[{"href":"http:\/\/www.slovenci-zagreb.hr\/si\/wp-json\/wp\/v2\/media?parent=1908"}],"wp:term":[{"taxonomy":"category","embeddable":true,"href":"http:\/\/www.slovenci-zagreb.hr\/si\/wp-json\/wp\/v2\/categories?post=1908"},{"taxonomy":"post_tag","embeddable":true,"href":"http:\/\/www.slovenci-zagreb.hr\/si\/wp-json\/wp\/v2\/tags?post=1908"}],"curies":[{"name":"wp","href":"https:\/\/api.w.org\/{rel}","templated":true}]}}