{"id":2047,"date":"2017-03-26T12:05:45","date_gmt":"2017-03-26T10:05:45","guid":{"rendered":"http:\/\/www.slovenci-zagreb.hr\/si\/?p=2047"},"modified":"2017-04-12T23:15:57","modified_gmt":"2017-04-12T21:15:57","slug":"obisk-skofa-lipovska-v-slovenskem-domu","status":"publish","type":"post","link":"http:\/\/www.slovenci-zagreb.hr\/si\/obisk-skofa-lipovska-v-slovenskem-domu\/","title":{"rendered":"Obisk \u0161kofa Lipov\u0161ka v Slovenskem domu"},"content":{"rendered":"<p>Zagreb &#8211; 26. marca 2017 nas je obiskal celjski \u0161kof msgr. dr. <strong>Stanislav Lipov\u0161ek<\/strong>, ki je imel ma\u0161o v cerkvi Ranjenega Jezusa. Z njim je pri\u0161el njegov tajnik <strong>Tadej Strehovec<\/strong> in dva duhovnika: <strong>Franc Rataj<\/strong> in <strong>Robert Smodi\u0161<\/strong> (duhovnik, ki nam hodi ma\u0161evat preko celega leta). V cerkvi Ranjenega Jezusa se nas je zbralo kar veliko, na\u0161e \u0161tevil\u010dnosti je bil vesel tudi sam \u0161kof. Njegov mo\u010dan glas se je razlegal po cerkvi in vsakemu je do u\u0161es pri\u0161la beseda, namenjena ravno njemu. Na koncu nam je za\u017eelel vesele velikono\u010dne praznike. Tudi pevski zbor Antona Martina Slom\u0161ka je obogatil to ma\u0161o s svojim petjem, tako zborovskim kot solisti\u010dnim. Po kon\u010dani ma\u0161i smo vsi pri\u0161li v Masarykovo ulico, v Slovenski dom, kjer so nas \u010dakale doma\u010de dobrote in predsednik dru\u0161tva, gospod <strong>Darko \u0160onc<\/strong>. Pozdravil je msgr. dr. Stanislava Lipov\u0161ka, izmenjali so mnenja o kulturi, \u0161portu in dobro sosedskih odnosih. Darko \u0160onc je podaril \u0161kofu knjigo Slovenci v hrva\u0161kem \u0161portu, ki je \u0161kofa navdu\u0161ila, <strong>Katarina Furjan<\/strong> pa mu je podarila knjigo Hrva\u0161ki z ljubeznijo. Nekaj \u010dasa smo se \u0161e skupaj spro\u0161\u010deno pogovarjali, za\u017eeleli drug drugemu lepo prihodnost in se pozdravili. (mb)<\/p>\n<div id=\"attachment_2940\" style=\"width: 310px\" class=\"wp-caption alignleft\"><img decoding=\"async\" aria-describedby=\"caption-attachment-2940\" class=\"wp-image-2940 size-medium\" src=\"http:\/\/www.slovenci-zagreb.hr\/wp-content\/uploads\/2017\/04\/Lipovsek_z-300x223.jpg\" alt=\"\" width=\"300\" height=\"223\" \/><p id=\"caption-attachment-2940\" class=\"wp-caption-text\">\u0160kof msgr. dr. Stanislav Lipov\u0161ek v Slovenskem domu (prvi z leve). Foto: PJ<\/p><\/div>\n<div id=\"attachment_2924\" style=\"width: 310px\" class=\"wp-caption alignright\"><img decoding=\"async\" aria-describedby=\"caption-attachment-2924\" class=\"size-medium wp-image-2924\" src=\"http:\/\/www.slovenci-zagreb.hr\/wp-content\/uploads\/2017\/04\/Lipovsek2_w-300x203.jpg\" alt=\"\" width=\"300\" height=\"203\" \/><p id=\"caption-attachment-2924\" class=\"wp-caption-text\">Slovenska ma\u0161a v zagreb\u0161ki cerkvi Ranjenega Jezusa. Foto: PJ<\/p><\/div>\n","protected":false},"excerpt":{"rendered":"<p>Zagreb &#8211; 26. marca 2017 nas je obiskal celjski \u0161kof msgr. dr. Stanislav Lipov\u0161ek, ki je imel ma\u0161o v cerkvi Ranjenega Jezusa. Z njim je pri\u0161el njegov tajnik Tadej Strehovec in dva duhovnika: Franc Rataj in Robert Smodi\u0161 (duhovnik, ki nam hodi ma\u0161evat preko celega leta). V cerkvi Ranjenega Jezusa se nas je zbralo kar [&hellip;]<\/p>\n","protected":false},"author":1,"featured_media":2048,"comment_status":"closed","ping_status":"open","sticky":false,"template":"","format":"standard","meta":{"footnotes":""},"categories":[5],"tags":[],"yoast_head":"<!-- This site is optimized with the Yoast SEO plugin v22.0 - https:\/\/yoast.com\/wordpress\/plugins\/seo\/ -->\n<title>Obisk \u0161kofa Lipov\u0161ka v Slovenskem domu | Slovenski dom in Svet slovenske nacionalne manj\u0161ine Mesta Zagreb<\/title>\n<meta name=\"robots\" content=\"index, follow, max-snippet:-1, max-image-preview:large, max-video-preview:-1\" \/>\n<link rel=\"canonical\" href=\"http:\/\/www.slovenci-zagreb.hr\/si\/obisk-skofa-lipovska-v-slovenskem-domu\/\" \/>\n<meta property=\"og:locale\" content=\"sl_SI\" \/>\n<meta property=\"og:type\" content=\"article\" \/>\n<meta property=\"og:title\" content=\"Obisk \u0161kofa Lipov\u0161ka v Slovenskem domu | Slovenski dom in Svet slovenske nacionalne manj\u0161ine Mesta Zagreb\" \/>\n<meta property=\"og:description\" content=\"Zagreb &#8211; 26. marca 2017 nas je obiskal celjski \u0161kof msgr. dr. Stanislav Lipov\u0161ek, ki je imel ma\u0161o v cerkvi Ranjenega Jezusa. Z njim je pri\u0161el njegov tajnik Tadej Strehovec in dva duhovnika: Franc Rataj in Robert Smodi\u0161 (duhovnik, ki nam hodi ma\u0161evat preko celega leta). V cerkvi Ranjenega Jezusa se nas je zbralo kar [&hellip;]\" \/>\n<meta property=\"og:url\" content=\"http:\/\/www.slovenci-zagreb.hr\/si\/obisk-skofa-lipovska-v-slovenskem-domu\/\" \/>\n<meta property=\"og:site_name\" content=\"Slovenski dom in Svet slovenske nacionalne manj\u0161ine Mesta Zagreb\" \/>\n<meta property=\"article:published_time\" content=\"2017-03-26T10:05:45+00:00\" \/>\n<meta property=\"article:modified_time\" content=\"2017-04-12T21:15:57+00:00\" \/>\n<meta property=\"og:image\" content=\"http:\/\/www.slovenci-zagreb.hr\/si\/wp-content\/uploads\/sites\/2\/2017\/04\/Lipovsek_z.png\" \/>\n\t<meta property=\"og:image:width\" content=\"767\" \/>\n\t<meta property=\"og:image:height\" content=\"512\" \/>\n\t<meta property=\"og:image:type\" content=\"image\/png\" \/>\n<meta name=\"author\" content=\"edin.dji\" \/>\n<meta name=\"twitter:label1\" content=\"Written by\" \/>\n\t<meta name=\"twitter:data1\" content=\"edin.dji\" \/>\n\t<meta name=\"twitter:label2\" content=\"Est. reading time\" \/>\n\t<meta name=\"twitter:data2\" content=\"1 minuta\" \/>\n<script type=\"application\/ld+json\" class=\"yoast-schema-graph\">{\"@context\":\"https:\/\/schema.org\",\"@graph\":[{\"@type\":\"WebPage\",\"@id\":\"http:\/\/www.slovenci-zagreb.hr\/si\/obisk-skofa-lipovska-v-slovenskem-domu\/\",\"url\":\"http:\/\/www.slovenci-zagreb.hr\/si\/obisk-skofa-lipovska-v-slovenskem-domu\/\",\"name\":\"Obisk \u0161kofa Lipov\u0161ka v Slovenskem domu | Slovenski dom in Svet slovenske nacionalne manj\u0161ine Mesta Zagreb\",\"isPartOf\":{\"@id\":\"http:\/\/www.slovenci-zagreb.hr\/si\/#website\"},\"datePublished\":\"2017-03-26T10:05:45+00:00\",\"dateModified\":\"2017-04-12T21:15:57+00:00\",\"author\":{\"@id\":\"http:\/\/www.slovenci-zagreb.hr\/si\/#\/schema\/person\/6676f710a91979474558fea82bc41a0a\"},\"breadcrumb\":{\"@id\":\"http:\/\/www.slovenci-zagreb.hr\/si\/obisk-skofa-lipovska-v-slovenskem-domu\/#breadcrumb\"},\"inLanguage\":\"sl-SI\",\"potentialAction\":[{\"@type\":\"ReadAction\",\"target\":[\"http:\/\/www.slovenci-zagreb.hr\/si\/obisk-skofa-lipovska-v-slovenskem-domu\/\"]}]},{\"@type\":\"BreadcrumbList\",\"@id\":\"http:\/\/www.slovenci-zagreb.hr\/si\/obisk-skofa-lipovska-v-slovenskem-domu\/#breadcrumb\",\"itemListElement\":[{\"@type\":\"ListItem\",\"position\":1,\"name\":\"Home\",\"item\":\"http:\/\/www.slovenci-zagreb.hr\/si\/\"},{\"@type\":\"ListItem\",\"position\":2,\"name\":\"Obisk \u0161kofa Lipov\u0161ka v Slovenskem domu\"}]},{\"@type\":\"WebSite\",\"@id\":\"http:\/\/www.slovenci-zagreb.hr\/si\/#website\",\"url\":\"http:\/\/www.slovenci-zagreb.hr\/si\/\",\"name\":\"Slovenski dom in Svet slovenske nacionalne manj\u0161ine Mesta Zagreb\",\"description\":\"\",\"potentialAction\":[{\"@type\":\"SearchAction\",\"target\":{\"@type\":\"EntryPoint\",\"urlTemplate\":\"http:\/\/www.slovenci-zagreb.hr\/si\/?s={search_term_string}\"},\"query-input\":\"required name=search_term_string\"}],\"inLanguage\":\"sl-SI\"},{\"@type\":\"Person\",\"@id\":\"http:\/\/www.slovenci-zagreb.hr\/si\/#\/schema\/person\/6676f710a91979474558fea82bc41a0a\",\"name\":\"edin.dji\",\"image\":{\"@type\":\"ImageObject\",\"inLanguage\":\"sl-SI\",\"@id\":\"http:\/\/www.slovenci-zagreb.hr\/si\/#\/schema\/person\/image\/\",\"url\":\"http:\/\/0.gravatar.com\/avatar\/6136fa88afb87b83090822617871c230?s=96&d=mm&r=g\",\"contentUrl\":\"http:\/\/0.gravatar.com\/avatar\/6136fa88afb87b83090822617871c230?s=96&d=mm&r=g\",\"caption\":\"edin.dji\"},\"url\":\"http:\/\/www.slovenci-zagreb.hr\/si\/author\/edin-dji\/\"}]}<\/script>\n<!-- \/ Yoast SEO plugin. -->","yoast_head_json":{"title":"Obisk \u0161kofa Lipov\u0161ka v Slovenskem domu | Slovenski dom in Svet slovenske nacionalne manj\u0161ine Mesta Zagreb","robots":{"index":"index","follow":"follow","max-snippet":"max-snippet:-1","max-image-preview":"max-image-preview:large","max-video-preview":"max-video-preview:-1"},"canonical":"http:\/\/www.slovenci-zagreb.hr\/si\/obisk-skofa-lipovska-v-slovenskem-domu\/","og_locale":"sl_SI","og_type":"article","og_title":"Obisk \u0161kofa Lipov\u0161ka v Slovenskem domu | Slovenski dom in Svet slovenske nacionalne manj\u0161ine Mesta Zagreb","og_description":"Zagreb &#8211; 26. marca 2017 nas je obiskal celjski \u0161kof msgr. dr. Stanislav Lipov\u0161ek, ki je imel ma\u0161o v cerkvi Ranjenega Jezusa. Z njim je pri\u0161el njegov tajnik Tadej Strehovec in dva duhovnika: Franc Rataj in Robert Smodi\u0161 (duhovnik, ki nam hodi ma\u0161evat preko celega leta). V cerkvi Ranjenega Jezusa se nas je zbralo kar [&hellip;]","og_url":"http:\/\/www.slovenci-zagreb.hr\/si\/obisk-skofa-lipovska-v-slovenskem-domu\/","og_site_name":"Slovenski dom in Svet slovenske nacionalne manj\u0161ine Mesta Zagreb","article_published_time":"2017-03-26T10:05:45+00:00","article_modified_time":"2017-04-12T21:15:57+00:00","og_image":[{"width":767,"height":512,"url":"http:\/\/www.slovenci-zagreb.hr\/si\/wp-content\/uploads\/sites\/2\/2017\/04\/Lipovsek_z.png","type":"image\/png"}],"author":"edin.dji","twitter_misc":{"Written by":"edin.dji","Est. reading time":"1 minuta"},"schema":{"@context":"https:\/\/schema.org","@graph":[{"@type":"WebPage","@id":"http:\/\/www.slovenci-zagreb.hr\/si\/obisk-skofa-lipovska-v-slovenskem-domu\/","url":"http:\/\/www.slovenci-zagreb.hr\/si\/obisk-skofa-lipovska-v-slovenskem-domu\/","name":"Obisk \u0161kofa Lipov\u0161ka v Slovenskem domu | Slovenski dom in Svet slovenske nacionalne manj\u0161ine Mesta Zagreb","isPartOf":{"@id":"http:\/\/www.slovenci-zagreb.hr\/si\/#website"},"datePublished":"2017-03-26T10:05:45+00:00","dateModified":"2017-04-12T21:15:57+00:00","author":{"@id":"http:\/\/www.slovenci-zagreb.hr\/si\/#\/schema\/person\/6676f710a91979474558fea82bc41a0a"},"breadcrumb":{"@id":"http:\/\/www.slovenci-zagreb.hr\/si\/obisk-skofa-lipovska-v-slovenskem-domu\/#breadcrumb"},"inLanguage":"sl-SI","potentialAction":[{"@type":"ReadAction","target":["http:\/\/www.slovenci-zagreb.hr\/si\/obisk-skofa-lipovska-v-slovenskem-domu\/"]}]},{"@type":"BreadcrumbList","@id":"http:\/\/www.slovenci-zagreb.hr\/si\/obisk-skofa-lipovska-v-slovenskem-domu\/#breadcrumb","itemListElement":[{"@type":"ListItem","position":1,"name":"Home","item":"http:\/\/www.slovenci-zagreb.hr\/si\/"},{"@type":"ListItem","position":2,"name":"Obisk \u0161kofa Lipov\u0161ka v Slovenskem domu"}]},{"@type":"WebSite","@id":"http:\/\/www.slovenci-zagreb.hr\/si\/#website","url":"http:\/\/www.slovenci-zagreb.hr\/si\/","name":"Slovenski dom in Svet slovenske nacionalne manj\u0161ine Mesta Zagreb","description":"","potentialAction":[{"@type":"SearchAction","target":{"@type":"EntryPoint","urlTemplate":"http:\/\/www.slovenci-zagreb.hr\/si\/?s={search_term_string}"},"query-input":"required name=search_term_string"}],"inLanguage":"sl-SI"},{"@type":"Person","@id":"http:\/\/www.slovenci-zagreb.hr\/si\/#\/schema\/person\/6676f710a91979474558fea82bc41a0a","name":"edin.dji","image":{"@type":"ImageObject","inLanguage":"sl-SI","@id":"http:\/\/www.slovenci-zagreb.hr\/si\/#\/schema\/person\/image\/","url":"http:\/\/0.gravatar.com\/avatar\/6136fa88afb87b83090822617871c230?s=96&d=mm&r=g","contentUrl":"http:\/\/0.gravatar.com\/avatar\/6136fa88afb87b83090822617871c230?s=96&d=mm&r=g","caption":"edin.dji"},"url":"http:\/\/www.slovenci-zagreb.hr\/si\/author\/edin-dji\/"}]}},"_links":{"self":[{"href":"http:\/\/www.slovenci-zagreb.hr\/si\/wp-json\/wp\/v2\/posts\/2047"}],"collection":[{"href":"http:\/\/www.slovenci-zagreb.hr\/si\/wp-json\/wp\/v2\/posts"}],"about":[{"href":"http:\/\/www.slovenci-zagreb.hr\/si\/wp-json\/wp\/v2\/types\/post"}],"author":[{"embeddable":true,"href":"http:\/\/www.slovenci-zagreb.hr\/si\/wp-json\/wp\/v2\/users\/1"}],"replies":[{"embeddable":true,"href":"http:\/\/www.slovenci-zagreb.hr\/si\/wp-json\/wp\/v2\/comments?post=2047"}],"version-history":[{"count":2,"href":"http:\/\/www.slovenci-zagreb.hr\/si\/wp-json\/wp\/v2\/posts\/2047\/revisions"}],"predecessor-version":[{"id":2057,"href":"http:\/\/www.slovenci-zagreb.hr\/si\/wp-json\/wp\/v2\/posts\/2047\/revisions\/2057"}],"wp:featuredmedia":[{"embeddable":true,"href":"http:\/\/www.slovenci-zagreb.hr\/si\/wp-json\/wp\/v2\/media\/2048"}],"wp:attachment":[{"href":"http:\/\/www.slovenci-zagreb.hr\/si\/wp-json\/wp\/v2\/media?parent=2047"}],"wp:term":[{"taxonomy":"category","embeddable":true,"href":"http:\/\/www.slovenci-zagreb.hr\/si\/wp-json\/wp\/v2\/categories?post=2047"},{"taxonomy":"post_tag","embeddable":true,"href":"http:\/\/www.slovenci-zagreb.hr\/si\/wp-json\/wp\/v2\/tags?post=2047"}],"curies":[{"name":"wp","href":"https:\/\/api.w.org\/{rel}","templated":true}]}}