{"id":2050,"date":"2017-03-29T13:45:22","date_gmt":"2017-03-29T11:45:22","guid":{"rendered":"http:\/\/www.slovenci-zagreb.hr\/si\/?p=2050"},"modified":"2017-04-12T23:14:48","modified_gmt":"2017-04-12T21:14:48","slug":"razstava-zorana-loncarja-les-morje","status":"publish","type":"post","link":"http:\/\/www.slovenci-zagreb.hr\/si\/razstava-zorana-loncarja-les-morje\/","title":{"rendered":"Razstava Zorana Lon\u010darja: Les in morje"},"content":{"rendered":"<p>Zagreb &#8211; V Slovenskem domu otvoritev morsko obarvane razstave <strong>Zorana Lon\u010darja<\/strong>. Zbralo se je veliko \u0161tevilo obiskovalcev, med drugim tudi slovenska veleposlanica na Hrva\u0161kem, dr. <strong>Smiljana Knez<\/strong>. Na ogled so lesene skulpture rib, \u010dolnov in primorskih hi\u0161, pa tudi slike, vezane za morje in nekaj pejsa\u017eev. Razstava je odprta \u0161e do 1. aprila 2017. (tekst in foto: nr)<\/p>\n\n\t\t<style type=\"text\/css\">\n\t\t\t#gallery-1 {\n\t\t\t\tmargin: auto;\n\t\t\t}\n\t\t\t#gallery-1 .gallery-item {\n\t\t\t\tfloat: left;\n\t\t\t\tmargin-top: 10px;\n\t\t\t\ttext-align: center;\n\t\t\t\twidth: 50%;\n\t\t\t}\n\t\t\t#gallery-1 img {\n\t\t\t\tborder: 2px solid #cfcfcf;\n\t\t\t}\n\t\t\t#gallery-1 .gallery-caption {\n\t\t\t\tmargin-left: 0;\n\t\t\t}\n\t\t\t\/* see gallery_shortcode() in wp-includes\/media.php *\/\n\t\t<\/style>\n\t\t<div id='gallery-1' class='gallery galleryid-2050 gallery-columns-2 gallery-size-medium'><dl class='gallery-item'>\n\t\t\t<dt class='gallery-icon landscape'>\n\t\t\t\t<a href='http:\/\/www.slovenci-zagreb.hr\/si\/razstava-zorana-loncarja-les-morje\/loncar_les-in-morje-1\/'><img decoding=\"async\" width=\"300\" height=\"225\" src=\"http:\/\/www.slovenci-zagreb.hr\/si\/wp-content\/uploads\/sites\/2\/2017\/04\/LONCAR_LES-IN-MORJE-1-300x225.jpg\" class=\"attachment-medium size-medium\" alt=\"\" srcset=\"http:\/\/www.slovenci-zagreb.hr\/si\/wp-content\/uploads\/sites\/2\/2017\/04\/LONCAR_LES-IN-MORJE-1-200x150.jpg 200w, http:\/\/www.slovenci-zagreb.hr\/si\/wp-content\/uploads\/sites\/2\/2017\/04\/LONCAR_LES-IN-MORJE-1-300x225.jpg 300w, http:\/\/www.slovenci-zagreb.hr\/si\/wp-content\/uploads\/sites\/2\/2017\/04\/LONCAR_LES-IN-MORJE-1-400x300.jpg 400w, http:\/\/www.slovenci-zagreb.hr\/si\/wp-content\/uploads\/sites\/2\/2017\/04\/LONCAR_LES-IN-MORJE-1-600x450.jpg 600w, http:\/\/www.slovenci-zagreb.hr\/si\/wp-content\/uploads\/sites\/2\/2017\/04\/LONCAR_LES-IN-MORJE-1-768x576.jpg 768w, http:\/\/www.slovenci-zagreb.hr\/si\/wp-content\/uploads\/sites\/2\/2017\/04\/LONCAR_LES-IN-MORJE-1-800x600.jpg 800w, http:\/\/www.slovenci-zagreb.hr\/si\/wp-content\/uploads\/sites\/2\/2017\/04\/LONCAR_LES-IN-MORJE-1.jpg 1000w\" sizes=\"(max-width: 300px) 100vw, 300px\" \/><\/a>\n\t\t\t<\/dt><\/dl><dl class='gallery-item'>\n\t\t\t<dt class='gallery-icon landscape'>\n\t\t\t\t<a href='http:\/\/www.slovenci-zagreb.hr\/si\/razstava-zorana-loncarja-les-morje\/loncar_les-in-morje2\/'><img decoding=\"async\" width=\"300\" height=\"225\" src=\"http:\/\/www.slovenci-zagreb.hr\/si\/wp-content\/uploads\/sites\/2\/2017\/04\/LONCAR_LES-IN-MORJE2-300x225.jpg\" class=\"attachment-medium size-medium\" alt=\"\" srcset=\"http:\/\/www.slovenci-zagreb.hr\/si\/wp-content\/uploads\/sites\/2\/2017\/04\/LONCAR_LES-IN-MORJE2-200x150.jpg 200w, http:\/\/www.slovenci-zagreb.hr\/si\/wp-content\/uploads\/sites\/2\/2017\/04\/LONCAR_LES-IN-MORJE2-300x225.jpg 300w, http:\/\/www.slovenci-zagreb.hr\/si\/wp-content\/uploads\/sites\/2\/2017\/04\/LONCAR_LES-IN-MORJE2-400x300.jpg 400w, http:\/\/www.slovenci-zagreb.hr\/si\/wp-content\/uploads\/sites\/2\/2017\/04\/LONCAR_LES-IN-MORJE2-600x450.jpg 600w, http:\/\/www.slovenci-zagreb.hr\/si\/wp-content\/uploads\/sites\/2\/2017\/04\/LONCAR_LES-IN-MORJE2-768x576.jpg 768w, http:\/\/www.slovenci-zagreb.hr\/si\/wp-content\/uploads\/sites\/2\/2017\/04\/LONCAR_LES-IN-MORJE2-800x600.jpg 800w, http:\/\/www.slovenci-zagreb.hr\/si\/wp-content\/uploads\/sites\/2\/2017\/04\/LONCAR_LES-IN-MORJE2.jpg 1000w\" sizes=\"(max-width: 300px) 100vw, 300px\" \/><\/a>\n\t\t\t<\/dt><\/dl><br style=\"clear: both\" \/><dl class='gallery-item'>\n\t\t\t<dt class='gallery-icon landscape'>\n\t\t\t\t<a href='http:\/\/www.slovenci-zagreb.hr\/si\/razstava-zorana-loncarja-les-morje\/loncar_obcinstvo\/'><img decoding=\"async\" width=\"300\" height=\"225\" src=\"http:\/\/www.slovenci-zagreb.hr\/si\/wp-content\/uploads\/sites\/2\/2017\/04\/LONCAR_OBCINSTVO-300x225.jpg\" class=\"attachment-medium size-medium\" alt=\"\" srcset=\"http:\/\/www.slovenci-zagreb.hr\/si\/wp-content\/uploads\/sites\/2\/2017\/04\/LONCAR_OBCINSTVO-200x150.jpg 200w, http:\/\/www.slovenci-zagreb.hr\/si\/wp-content\/uploads\/sites\/2\/2017\/04\/LONCAR_OBCINSTVO-300x225.jpg 300w, http:\/\/www.slovenci-zagreb.hr\/si\/wp-content\/uploads\/sites\/2\/2017\/04\/LONCAR_OBCINSTVO-400x300.jpg 400w, http:\/\/www.slovenci-zagreb.hr\/si\/wp-content\/uploads\/sites\/2\/2017\/04\/LONCAR_OBCINSTVO-600x450.jpg 600w, http:\/\/www.slovenci-zagreb.hr\/si\/wp-content\/uploads\/sites\/2\/2017\/04\/LONCAR_OBCINSTVO-768x576.jpg 768w, http:\/\/www.slovenci-zagreb.hr\/si\/wp-content\/uploads\/sites\/2\/2017\/04\/LONCAR_OBCINSTVO-800x600.jpg 800w, http:\/\/www.slovenci-zagreb.hr\/si\/wp-content\/uploads\/sites\/2\/2017\/04\/LONCAR_OBCINSTVO.jpg 1000w\" sizes=\"(max-width: 300px) 100vw, 300px\" \/><\/a>\n\t\t\t<\/dt><\/dl><dl class='gallery-item'>\n\t\t\t<dt class='gallery-icon landscape'>\n\t\t\t\t<a href='http:\/\/www.slovenci-zagreb.hr\/si\/razstava-zorana-loncarja-les-morje\/loncar_obcinstvo2\/'><img decoding=\"async\" width=\"300\" height=\"225\" src=\"http:\/\/www.slovenci-zagreb.hr\/si\/wp-content\/uploads\/sites\/2\/2017\/04\/LONCAR_OBCINSTVO2-300x225.jpg\" class=\"attachment-medium size-medium\" alt=\"\" srcset=\"http:\/\/www.slovenci-zagreb.hr\/si\/wp-content\/uploads\/sites\/2\/2017\/04\/LONCAR_OBCINSTVO2-200x150.jpg 200w, http:\/\/www.slovenci-zagreb.hr\/si\/wp-content\/uploads\/sites\/2\/2017\/04\/LONCAR_OBCINSTVO2-300x225.jpg 300w, http:\/\/www.slovenci-zagreb.hr\/si\/wp-content\/uploads\/sites\/2\/2017\/04\/LONCAR_OBCINSTVO2-400x300.jpg 400w, http:\/\/www.slovenci-zagreb.hr\/si\/wp-content\/uploads\/sites\/2\/2017\/04\/LONCAR_OBCINSTVO2-600x450.jpg 600w, http:\/\/www.slovenci-zagreb.hr\/si\/wp-content\/uploads\/sites\/2\/2017\/04\/LONCAR_OBCINSTVO2-768x576.jpg 768w, http:\/\/www.slovenci-zagreb.hr\/si\/wp-content\/uploads\/sites\/2\/2017\/04\/LONCAR_OBCINSTVO2-800x600.jpg 800w, http:\/\/www.slovenci-zagreb.hr\/si\/wp-content\/uploads\/sites\/2\/2017\/04\/LONCAR_OBCINSTVO2.jpg 1000w\" sizes=\"(max-width: 300px) 100vw, 300px\" \/><\/a>\n\t\t\t<\/dt><\/dl><br style=\"clear: both\" \/>\n\t\t<\/div>\n\n","protected":false},"excerpt":{"rendered":"<p>Zagreb &#8211; V Slovenskem domu otvoritev morsko obarvane razstave Zorana Lon\u010darja. Zbralo se je veliko \u0161tevilo obiskovalcev, med drugim tudi slovenska veleposlanica na Hrva\u0161kem, dr. Smiljana Knez. Na ogled so lesene skulpture rib, \u010dolnov in primorskih hi\u0161, pa tudi slike, vezane za morje in nekaj pejsa\u017eev. Razstava je odprta \u0161e do 1. aprila 2017. (tekst [&hellip;]<\/p>\n","protected":false},"author":1,"featured_media":2056,"comment_status":"closed","ping_status":"open","sticky":false,"template":"","format":"standard","meta":{"footnotes":""},"categories":[5],"tags":[],"yoast_head":"<!-- This site is optimized with the Yoast SEO plugin v22.0 - https:\/\/yoast.com\/wordpress\/plugins\/seo\/ -->\n<title>Razstava Zorana Lon\u010darja: Les in morje | Slovenski dom in Svet slovenske nacionalne manj\u0161ine Mesta Zagreb<\/title>\n<meta name=\"robots\" content=\"index, follow, max-snippet:-1, max-image-preview:large, max-video-preview:-1\" \/>\n<link rel=\"canonical\" href=\"http:\/\/www.slovenci-zagreb.hr\/si\/razstava-zorana-loncarja-les-morje\/\" \/>\n<meta property=\"og:locale\" content=\"sl_SI\" \/>\n<meta property=\"og:type\" content=\"article\" \/>\n<meta property=\"og:title\" content=\"Razstava Zorana Lon\u010darja: Les in morje | Slovenski dom in Svet slovenske nacionalne manj\u0161ine Mesta Zagreb\" \/>\n<meta property=\"og:description\" content=\"Zagreb &#8211; V Slovenskem domu otvoritev morsko obarvane razstave Zorana Lon\u010darja. Zbralo se je veliko \u0161tevilo obiskovalcev, med drugim tudi slovenska veleposlanica na Hrva\u0161kem, dr. Smiljana Knez. Na ogled so lesene skulpture rib, \u010dolnov in primorskih hi\u0161, pa tudi slike, vezane za morje in nekaj pejsa\u017eev. Razstava je odprta \u0161e do 1. aprila 2017. (tekst [&hellip;]\" \/>\n<meta property=\"og:url\" content=\"http:\/\/www.slovenci-zagreb.hr\/si\/razstava-zorana-loncarja-les-morje\/\" \/>\n<meta property=\"og:site_name\" content=\"Slovenski dom in Svet slovenske nacionalne manj\u0161ine Mesta Zagreb\" \/>\n<meta property=\"article:published_time\" content=\"2017-03-29T11:45:22+00:00\" \/>\n<meta property=\"article:modified_time\" content=\"2017-04-12T21:14:48+00:00\" \/>\n<meta property=\"og:image\" content=\"http:\/\/www.slovenci-zagreb.hr\/si\/wp-content\/uploads\/sites\/2\/2017\/03\/LONCAR_LES-IN-MORJE.png\" \/>\n\t<meta property=\"og:image:width\" content=\"767\" \/>\n\t<meta property=\"og:image:height\" content=\"512\" \/>\n\t<meta property=\"og:image:type\" content=\"image\/png\" \/>\n<meta name=\"author\" content=\"edin.dji\" \/>\n<meta name=\"twitter:label1\" content=\"Written by\" \/>\n\t<meta name=\"twitter:data1\" content=\"edin.dji\" \/>\n<script type=\"application\/ld+json\" class=\"yoast-schema-graph\">{\"@context\":\"https:\/\/schema.org\",\"@graph\":[{\"@type\":\"WebPage\",\"@id\":\"http:\/\/www.slovenci-zagreb.hr\/si\/razstava-zorana-loncarja-les-morje\/\",\"url\":\"http:\/\/www.slovenci-zagreb.hr\/si\/razstava-zorana-loncarja-les-morje\/\",\"name\":\"Razstava Zorana Lon\u010darja: Les in morje | Slovenski dom in Svet slovenske nacionalne manj\u0161ine Mesta Zagreb\",\"isPartOf\":{\"@id\":\"http:\/\/www.slovenci-zagreb.hr\/si\/#website\"},\"datePublished\":\"2017-03-29T11:45:22+00:00\",\"dateModified\":\"2017-04-12T21:14:48+00:00\",\"author\":{\"@id\":\"http:\/\/www.slovenci-zagreb.hr\/si\/#\/schema\/person\/6676f710a91979474558fea82bc41a0a\"},\"breadcrumb\":{\"@id\":\"http:\/\/www.slovenci-zagreb.hr\/si\/razstava-zorana-loncarja-les-morje\/#breadcrumb\"},\"inLanguage\":\"sl-SI\",\"potentialAction\":[{\"@type\":\"ReadAction\",\"target\":[\"http:\/\/www.slovenci-zagreb.hr\/si\/razstava-zorana-loncarja-les-morje\/\"]}]},{\"@type\":\"BreadcrumbList\",\"@id\":\"http:\/\/www.slovenci-zagreb.hr\/si\/razstava-zorana-loncarja-les-morje\/#breadcrumb\",\"itemListElement\":[{\"@type\":\"ListItem\",\"position\":1,\"name\":\"Home\",\"item\":\"http:\/\/www.slovenci-zagreb.hr\/si\/\"},{\"@type\":\"ListItem\",\"position\":2,\"name\":\"Razstava Zorana Lon\u010darja: Les in morje\"}]},{\"@type\":\"WebSite\",\"@id\":\"http:\/\/www.slovenci-zagreb.hr\/si\/#website\",\"url\":\"http:\/\/www.slovenci-zagreb.hr\/si\/\",\"name\":\"Slovenski dom in Svet slovenske nacionalne manj\u0161ine Mesta Zagreb\",\"description\":\"\",\"potentialAction\":[{\"@type\":\"SearchAction\",\"target\":{\"@type\":\"EntryPoint\",\"urlTemplate\":\"http:\/\/www.slovenci-zagreb.hr\/si\/?s={search_term_string}\"},\"query-input\":\"required name=search_term_string\"}],\"inLanguage\":\"sl-SI\"},{\"@type\":\"Person\",\"@id\":\"http:\/\/www.slovenci-zagreb.hr\/si\/#\/schema\/person\/6676f710a91979474558fea82bc41a0a\",\"name\":\"edin.dji\",\"image\":{\"@type\":\"ImageObject\",\"inLanguage\":\"sl-SI\",\"@id\":\"http:\/\/www.slovenci-zagreb.hr\/si\/#\/schema\/person\/image\/\",\"url\":\"http:\/\/0.gravatar.com\/avatar\/6136fa88afb87b83090822617871c230?s=96&d=mm&r=g\",\"contentUrl\":\"http:\/\/0.gravatar.com\/avatar\/6136fa88afb87b83090822617871c230?s=96&d=mm&r=g\",\"caption\":\"edin.dji\"},\"url\":\"http:\/\/www.slovenci-zagreb.hr\/si\/author\/edin-dji\/\"}]}<\/script>\n<!-- \/ Yoast SEO plugin. -->","yoast_head_json":{"title":"Razstava Zorana Lon\u010darja: Les in morje | Slovenski dom in Svet slovenske nacionalne manj\u0161ine Mesta Zagreb","robots":{"index":"index","follow":"follow","max-snippet":"max-snippet:-1","max-image-preview":"max-image-preview:large","max-video-preview":"max-video-preview:-1"},"canonical":"http:\/\/www.slovenci-zagreb.hr\/si\/razstava-zorana-loncarja-les-morje\/","og_locale":"sl_SI","og_type":"article","og_title":"Razstava Zorana Lon\u010darja: Les in morje | Slovenski dom in Svet slovenske nacionalne manj\u0161ine Mesta Zagreb","og_description":"Zagreb &#8211; V Slovenskem domu otvoritev morsko obarvane razstave Zorana Lon\u010darja. Zbralo se je veliko \u0161tevilo obiskovalcev, med drugim tudi slovenska veleposlanica na Hrva\u0161kem, dr. Smiljana Knez. Na ogled so lesene skulpture rib, \u010dolnov in primorskih hi\u0161, pa tudi slike, vezane za morje in nekaj pejsa\u017eev. Razstava je odprta \u0161e do 1. aprila 2017. (tekst [&hellip;]","og_url":"http:\/\/www.slovenci-zagreb.hr\/si\/razstava-zorana-loncarja-les-morje\/","og_site_name":"Slovenski dom in Svet slovenske nacionalne manj\u0161ine Mesta Zagreb","article_published_time":"2017-03-29T11:45:22+00:00","article_modified_time":"2017-04-12T21:14:48+00:00","og_image":[{"width":767,"height":512,"url":"http:\/\/www.slovenci-zagreb.hr\/si\/wp-content\/uploads\/sites\/2\/2017\/03\/LONCAR_LES-IN-MORJE.png","type":"image\/png"}],"author":"edin.dji","twitter_misc":{"Written by":"edin.dji"},"schema":{"@context":"https:\/\/schema.org","@graph":[{"@type":"WebPage","@id":"http:\/\/www.slovenci-zagreb.hr\/si\/razstava-zorana-loncarja-les-morje\/","url":"http:\/\/www.slovenci-zagreb.hr\/si\/razstava-zorana-loncarja-les-morje\/","name":"Razstava Zorana Lon\u010darja: Les in morje | Slovenski dom in Svet slovenske nacionalne manj\u0161ine Mesta Zagreb","isPartOf":{"@id":"http:\/\/www.slovenci-zagreb.hr\/si\/#website"},"datePublished":"2017-03-29T11:45:22+00:00","dateModified":"2017-04-12T21:14:48+00:00","author":{"@id":"http:\/\/www.slovenci-zagreb.hr\/si\/#\/schema\/person\/6676f710a91979474558fea82bc41a0a"},"breadcrumb":{"@id":"http:\/\/www.slovenci-zagreb.hr\/si\/razstava-zorana-loncarja-les-morje\/#breadcrumb"},"inLanguage":"sl-SI","potentialAction":[{"@type":"ReadAction","target":["http:\/\/www.slovenci-zagreb.hr\/si\/razstava-zorana-loncarja-les-morje\/"]}]},{"@type":"BreadcrumbList","@id":"http:\/\/www.slovenci-zagreb.hr\/si\/razstava-zorana-loncarja-les-morje\/#breadcrumb","itemListElement":[{"@type":"ListItem","position":1,"name":"Home","item":"http:\/\/www.slovenci-zagreb.hr\/si\/"},{"@type":"ListItem","position":2,"name":"Razstava Zorana Lon\u010darja: Les in morje"}]},{"@type":"WebSite","@id":"http:\/\/www.slovenci-zagreb.hr\/si\/#website","url":"http:\/\/www.slovenci-zagreb.hr\/si\/","name":"Slovenski dom in Svet slovenske nacionalne manj\u0161ine Mesta Zagreb","description":"","potentialAction":[{"@type":"SearchAction","target":{"@type":"EntryPoint","urlTemplate":"http:\/\/www.slovenci-zagreb.hr\/si\/?s={search_term_string}"},"query-input":"required name=search_term_string"}],"inLanguage":"sl-SI"},{"@type":"Person","@id":"http:\/\/www.slovenci-zagreb.hr\/si\/#\/schema\/person\/6676f710a91979474558fea82bc41a0a","name":"edin.dji","image":{"@type":"ImageObject","inLanguage":"sl-SI","@id":"http:\/\/www.slovenci-zagreb.hr\/si\/#\/schema\/person\/image\/","url":"http:\/\/0.gravatar.com\/avatar\/6136fa88afb87b83090822617871c230?s=96&d=mm&r=g","contentUrl":"http:\/\/0.gravatar.com\/avatar\/6136fa88afb87b83090822617871c230?s=96&d=mm&r=g","caption":"edin.dji"},"url":"http:\/\/www.slovenci-zagreb.hr\/si\/author\/edin-dji\/"}]}},"_links":{"self":[{"href":"http:\/\/www.slovenci-zagreb.hr\/si\/wp-json\/wp\/v2\/posts\/2050"}],"collection":[{"href":"http:\/\/www.slovenci-zagreb.hr\/si\/wp-json\/wp\/v2\/posts"}],"about":[{"href":"http:\/\/www.slovenci-zagreb.hr\/si\/wp-json\/wp\/v2\/types\/post"}],"author":[{"embeddable":true,"href":"http:\/\/www.slovenci-zagreb.hr\/si\/wp-json\/wp\/v2\/users\/1"}],"replies":[{"embeddable":true,"href":"http:\/\/www.slovenci-zagreb.hr\/si\/wp-json\/wp\/v2\/comments?post=2050"}],"version-history":[{"count":1,"href":"http:\/\/www.slovenci-zagreb.hr\/si\/wp-json\/wp\/v2\/posts\/2050\/revisions"}],"predecessor-version":[{"id":2055,"href":"http:\/\/www.slovenci-zagreb.hr\/si\/wp-json\/wp\/v2\/posts\/2050\/revisions\/2055"}],"wp:featuredmedia":[{"embeddable":true,"href":"http:\/\/www.slovenci-zagreb.hr\/si\/wp-json\/wp\/v2\/media\/2056"}],"wp:attachment":[{"href":"http:\/\/www.slovenci-zagreb.hr\/si\/wp-json\/wp\/v2\/media?parent=2050"}],"wp:term":[{"taxonomy":"category","embeddable":true,"href":"http:\/\/www.slovenci-zagreb.hr\/si\/wp-json\/wp\/v2\/categories?post=2050"},{"taxonomy":"post_tag","embeddable":true,"href":"http:\/\/www.slovenci-zagreb.hr\/si\/wp-json\/wp\/v2\/tags?post=2050"}],"curies":[{"name":"wp","href":"https:\/\/api.w.org\/{rel}","templated":true}]}}