{"id":2059,"date":"2017-04-07T08:42:08","date_gmt":"2017-04-07T06:42:08","guid":{"rendered":"http:\/\/www.slovenci-zagreb.hr\/si\/?p=2059"},"modified":"2017-04-13T08:53:02","modified_gmt":"2017-04-13T06:53:02","slug":"velikonocna-razstava-narodnih-manjsin","status":"publish","type":"post","link":"http:\/\/www.slovenci-zagreb.hr\/si\/velikonocna-razstava-narodnih-manjsin\/","title":{"rendered":"Velikono\u010dna razstava narodnih manj\u0161in"},"content":{"rendered":"<p>Velika Gorica \u2013 V ljudski univerzi je bila odprta velikono\u010dna razstava, na kateri je svoje pirhe razstavilo deset narodnih manj\u0161in iz Zagreba in Zagreb\u0161ke \u017eupanije. Slovenska narodna manj\u0161ina se je predstavila z adle\u0161i\u0161kimi pirhi, belokranjskimi drsankami in pirhi s slovenskimi etno motivi, ki so jih izdelale \u010dlanice ustvarjalne delavnice \u0160opek. Po odprtju razstave, ki sta jo organizirala Koordinacija svetov in predstavnikov narodnih manj\u0161in Mesta Zagreb in Zagreb\u0161ke \u017eupanije, je prikazan dokumentarni film <em>Nacionalne manjine Zagreba\u010dke \u017eupanije <\/em>v re\u017eiji <strong>Sa\u0161a Jelov\u010di\u0107a<\/strong>. (akm)<\/p>\n<p>Ve\u010d v Novem odmevu 62.<\/p>\n\n\t\t<style type=\"text\/css\">\n\t\t\t#gallery-1 {\n\t\t\t\tmargin: auto;\n\t\t\t}\n\t\t\t#gallery-1 .gallery-item {\n\t\t\t\tfloat: left;\n\t\t\t\tmargin-top: 10px;\n\t\t\t\ttext-align: center;\n\t\t\t\twidth: 100%;\n\t\t\t}\n\t\t\t#gallery-1 img {\n\t\t\t\tborder: 2px solid #cfcfcf;\n\t\t\t}\n\t\t\t#gallery-1 .gallery-caption {\n\t\t\t\tmargin-left: 0;\n\t\t\t}\n\t\t\t\/* see gallery_shortcode() in wp-includes\/media.php *\/\n\t\t<\/style>\n\t\t<div id='gallery-1' class='gallery galleryid-2059 gallery-columns-1 gallery-size-medium'><dl class='gallery-item'>\n\t\t\t<dt class='gallery-icon landscape'>\n\t\t\t\t<a href='http:\/\/www.slovenci-zagreb.hr\/si\/velikonocna-razstava-narodnih-manjsin\/vg_pirhi\/'><img decoding=\"async\" width=\"300\" height=\"200\" src=\"http:\/\/www.slovenci-zagreb.hr\/si\/wp-content\/uploads\/sites\/2\/2017\/04\/VG_pirhi-300x200.jpg\" class=\"attachment-medium size-medium\" alt=\"\" srcset=\"http:\/\/www.slovenci-zagreb.hr\/si\/wp-content\/uploads\/sites\/2\/2017\/04\/VG_pirhi-200x133.jpg 200w, http:\/\/www.slovenci-zagreb.hr\/si\/wp-content\/uploads\/sites\/2\/2017\/04\/VG_pirhi-300x200.jpg 300w, http:\/\/www.slovenci-zagreb.hr\/si\/wp-content\/uploads\/sites\/2\/2017\/04\/VG_pirhi-400x267.jpg 400w, http:\/\/www.slovenci-zagreb.hr\/si\/wp-content\/uploads\/sites\/2\/2017\/04\/VG_pirhi-600x400.jpg 600w, http:\/\/www.slovenci-zagreb.hr\/si\/wp-content\/uploads\/sites\/2\/2017\/04\/VG_pirhi-768x512.jpg 768w, http:\/\/www.slovenci-zagreb.hr\/si\/wp-content\/uploads\/sites\/2\/2017\/04\/VG_pirhi-800x534.jpg 800w, http:\/\/www.slovenci-zagreb.hr\/si\/wp-content\/uploads\/sites\/2\/2017\/04\/VG_pirhi.jpg 1024w\" sizes=\"(max-width: 300px) 100vw, 300px\" \/><\/a>\n\t\t\t<\/dt><\/dl><br style=\"clear: both\" \/><dl class='gallery-item'>\n\t\t\t<dt class='gallery-icon landscape'>\n\t\t\t\t<a href='http:\/\/www.slovenci-zagreb.hr\/si\/velikonocna-razstava-narodnih-manjsin\/vg1_franjo-vondracek\/'><img decoding=\"async\" width=\"300\" height=\"200\" src=\"http:\/\/www.slovenci-zagreb.hr\/si\/wp-content\/uploads\/sites\/2\/2017\/04\/VG1_Franjo-Vondracek-300x200.jpg\" class=\"attachment-medium size-medium\" alt=\"\" aria-describedby=\"gallery-1-2065\" srcset=\"http:\/\/www.slovenci-zagreb.hr\/si\/wp-content\/uploads\/sites\/2\/2017\/04\/VG1_Franjo-Vondracek-200x133.jpg 200w, http:\/\/www.slovenci-zagreb.hr\/si\/wp-content\/uploads\/sites\/2\/2017\/04\/VG1_Franjo-Vondracek-300x200.jpg 300w, http:\/\/www.slovenci-zagreb.hr\/si\/wp-content\/uploads\/sites\/2\/2017\/04\/VG1_Franjo-Vondracek-400x267.jpg 400w, http:\/\/www.slovenci-zagreb.hr\/si\/wp-content\/uploads\/sites\/2\/2017\/04\/VG1_Franjo-Vondracek-600x400.jpg 600w, http:\/\/www.slovenci-zagreb.hr\/si\/wp-content\/uploads\/sites\/2\/2017\/04\/VG1_Franjo-Vondracek-768x512.jpg 768w, http:\/\/www.slovenci-zagreb.hr\/si\/wp-content\/uploads\/sites\/2\/2017\/04\/VG1_Franjo-Vondracek-800x533.jpg 800w, http:\/\/www.slovenci-zagreb.hr\/si\/wp-content\/uploads\/sites\/2\/2017\/04\/VG1_Franjo-Vondracek-1024x683.jpg 1024w, http:\/\/www.slovenci-zagreb.hr\/si\/wp-content\/uploads\/sites\/2\/2017\/04\/VG1_Franjo-Vondracek-1200x800.jpg 1200w, http:\/\/www.slovenci-zagreb.hr\/si\/wp-content\/uploads\/sites\/2\/2017\/04\/VG1_Franjo-Vondracek.jpg 1500w\" sizes=\"(max-width: 300px) 100vw, 300px\" \/><\/a>\n\t\t\t<\/dt>\n\t\t\t\t<dd class='wp-caption-text gallery-caption' id='gallery-1-2065'>\n\t\t\t\tRazstavo je odprl predstavnik \u010de\u0161ke narodne manj\u0161ine Zagreb\u0161ke \u017eupanije Franjo Vondra\u010dek. Foto: akm\n\t\t\t\t<\/dd><\/dl><br style=\"clear: both\" \/>\n\t\t<\/div>\n\n","protected":false},"excerpt":{"rendered":"<p>Velika Gorica \u2013 V ljudski univerzi je bila odprta velikono\u010dna razstava, na kateri je svoje pirhe razstavilo deset narodnih manj\u0161in iz Zagreba in Zagreb\u0161ke \u017eupanije. Slovenska narodna manj\u0161ina se je predstavila z adle\u0161i\u0161kimi pirhi, belokranjskimi drsankami in pirhi s slovenskimi etno motivi, ki so jih izdelale \u010dlanice ustvarjalne delavnice \u0160opek. Po odprtju razstave, ki sta [&hellip;]<\/p>\n","protected":false},"author":3,"featured_media":2066,"comment_status":"closed","ping_status":"open","sticky":false,"template":"","format":"standard","meta":{"footnotes":""},"categories":[5],"tags":[],"yoast_head":"<!-- This site is optimized with the Yoast SEO plugin v22.0 - https:\/\/yoast.com\/wordpress\/plugins\/seo\/ -->\n<title>Velikono\u010dna razstava narodnih manj\u0161in | Slovenski dom in Svet slovenske nacionalne manj\u0161ine Mesta Zagreb<\/title>\n<meta name=\"robots\" content=\"index, follow, max-snippet:-1, max-image-preview:large, max-video-preview:-1\" \/>\n<link rel=\"canonical\" href=\"https:\/\/www.slovenci-zagreb.hr\/si\/velikonocna-razstava-narodnih-manjsin\/\" \/>\n<meta property=\"og:locale\" content=\"sl_SI\" \/>\n<meta property=\"og:type\" content=\"article\" \/>\n<meta property=\"og:title\" content=\"Velikono\u010dna razstava narodnih manj\u0161in | Slovenski dom in Svet slovenske nacionalne manj\u0161ine Mesta Zagreb\" \/>\n<meta property=\"og:description\" content=\"Velika Gorica \u2013 V ljudski univerzi je bila odprta velikono\u010dna razstava, na kateri je svoje pirhe razstavilo deset narodnih manj\u0161in iz Zagreba in Zagreb\u0161ke \u017eupanije. Slovenska narodna manj\u0161ina se je predstavila z adle\u0161i\u0161kimi pirhi, belokranjskimi drsankami in pirhi s slovenskimi etno motivi, ki so jih izdelale \u010dlanice ustvarjalne delavnice \u0160opek. Po odprtju razstave, ki sta [&hellip;]\" \/>\n<meta property=\"og:url\" content=\"https:\/\/www.slovenci-zagreb.hr\/si\/velikonocna-razstava-narodnih-manjsin\/\" \/>\n<meta property=\"og:site_name\" content=\"Slovenski dom in Svet slovenske nacionalne manj\u0161ine Mesta Zagreb\" \/>\n<meta property=\"article:published_time\" content=\"2017-04-07T06:42:08+00:00\" \/>\n<meta property=\"article:modified_time\" content=\"2017-04-13T06:53:02+00:00\" \/>\n<meta property=\"og:image\" content=\"https:\/\/www.slovenci-zagreb.hr\/si\/wp-content\/uploads\/sites\/2\/2017\/04\/Slovenci.jpg\" \/>\n\t<meta property=\"og:image:width\" content=\"1500\" \/>\n\t<meta property=\"og:image:height\" content=\"1000\" \/>\n\t<meta property=\"og:image:type\" content=\"image\/jpeg\" \/>\n<meta name=\"author\" content=\"agata\" \/>\n<meta name=\"twitter:label1\" content=\"Written by\" \/>\n\t<meta name=\"twitter:data1\" content=\"agata\" \/>\n\t<meta name=\"twitter:label2\" content=\"Est. reading time\" \/>\n\t<meta name=\"twitter:data2\" content=\"1 minuta\" \/>\n<script type=\"application\/ld+json\" class=\"yoast-schema-graph\">{\"@context\":\"https:\/\/schema.org\",\"@graph\":[{\"@type\":\"WebPage\",\"@id\":\"https:\/\/www.slovenci-zagreb.hr\/si\/velikonocna-razstava-narodnih-manjsin\/\",\"url\":\"https:\/\/www.slovenci-zagreb.hr\/si\/velikonocna-razstava-narodnih-manjsin\/\",\"name\":\"Velikono\u010dna razstava narodnih manj\u0161in | Slovenski dom in Svet slovenske nacionalne manj\u0161ine Mesta Zagreb\",\"isPartOf\":{\"@id\":\"http:\/\/www.slovenci-zagreb.hr\/si\/#website\"},\"datePublished\":\"2017-04-07T06:42:08+00:00\",\"dateModified\":\"2017-04-13T06:53:02+00:00\",\"author\":{\"@id\":\"http:\/\/www.slovenci-zagreb.hr\/si\/#\/schema\/person\/a34ecc40aa73e6dd78780facef777d32\"},\"breadcrumb\":{\"@id\":\"https:\/\/www.slovenci-zagreb.hr\/si\/velikonocna-razstava-narodnih-manjsin\/#breadcrumb\"},\"inLanguage\":\"sl-SI\",\"potentialAction\":[{\"@type\":\"ReadAction\",\"target\":[\"https:\/\/www.slovenci-zagreb.hr\/si\/velikonocna-razstava-narodnih-manjsin\/\"]}]},{\"@type\":\"BreadcrumbList\",\"@id\":\"https:\/\/www.slovenci-zagreb.hr\/si\/velikonocna-razstava-narodnih-manjsin\/#breadcrumb\",\"itemListElement\":[{\"@type\":\"ListItem\",\"position\":1,\"name\":\"Home\",\"item\":\"http:\/\/www.slovenci-zagreb.hr\/si\/\"},{\"@type\":\"ListItem\",\"position\":2,\"name\":\"Velikono\u010dna razstava narodnih manj\u0161in\"}]},{\"@type\":\"WebSite\",\"@id\":\"http:\/\/www.slovenci-zagreb.hr\/si\/#website\",\"url\":\"http:\/\/www.slovenci-zagreb.hr\/si\/\",\"name\":\"Slovenski dom in Svet slovenske nacionalne manj\u0161ine Mesta Zagreb\",\"description\":\"\",\"potentialAction\":[{\"@type\":\"SearchAction\",\"target\":{\"@type\":\"EntryPoint\",\"urlTemplate\":\"http:\/\/www.slovenci-zagreb.hr\/si\/?s={search_term_string}\"},\"query-input\":\"required name=search_term_string\"}],\"inLanguage\":\"sl-SI\"},{\"@type\":\"Person\",\"@id\":\"http:\/\/www.slovenci-zagreb.hr\/si\/#\/schema\/person\/a34ecc40aa73e6dd78780facef777d32\",\"name\":\"agata\",\"image\":{\"@type\":\"ImageObject\",\"inLanguage\":\"sl-SI\",\"@id\":\"http:\/\/www.slovenci-zagreb.hr\/si\/#\/schema\/person\/image\/\",\"url\":\"http:\/\/1.gravatar.com\/avatar\/42c070b2dbf14a48e0639733f946c907?s=96&d=mm&r=g\",\"contentUrl\":\"http:\/\/1.gravatar.com\/avatar\/42c070b2dbf14a48e0639733f946c907?s=96&d=mm&r=g\",\"caption\":\"agata\"},\"url\":\"http:\/\/www.slovenci-zagreb.hr\/si\/author\/agata\/\"}]}<\/script>\n<!-- \/ Yoast SEO plugin. -->","yoast_head_json":{"title":"Velikono\u010dna razstava narodnih manj\u0161in | Slovenski dom in Svet slovenske nacionalne manj\u0161ine Mesta Zagreb","robots":{"index":"index","follow":"follow","max-snippet":"max-snippet:-1","max-image-preview":"max-image-preview:large","max-video-preview":"max-video-preview:-1"},"canonical":"https:\/\/www.slovenci-zagreb.hr\/si\/velikonocna-razstava-narodnih-manjsin\/","og_locale":"sl_SI","og_type":"article","og_title":"Velikono\u010dna razstava narodnih manj\u0161in | Slovenski dom in Svet slovenske nacionalne manj\u0161ine Mesta Zagreb","og_description":"Velika Gorica \u2013 V ljudski univerzi je bila odprta velikono\u010dna razstava, na kateri je svoje pirhe razstavilo deset narodnih manj\u0161in iz Zagreba in Zagreb\u0161ke \u017eupanije. Slovenska narodna manj\u0161ina se je predstavila z adle\u0161i\u0161kimi pirhi, belokranjskimi drsankami in pirhi s slovenskimi etno motivi, ki so jih izdelale \u010dlanice ustvarjalne delavnice \u0160opek. Po odprtju razstave, ki sta [&hellip;]","og_url":"https:\/\/www.slovenci-zagreb.hr\/si\/velikonocna-razstava-narodnih-manjsin\/","og_site_name":"Slovenski dom in Svet slovenske nacionalne manj\u0161ine Mesta Zagreb","article_published_time":"2017-04-07T06:42:08+00:00","article_modified_time":"2017-04-13T06:53:02+00:00","og_image":[{"width":1500,"height":1000,"url":"https:\/\/www.slovenci-zagreb.hr\/si\/wp-content\/uploads\/sites\/2\/2017\/04\/Slovenci.jpg","type":"image\/jpeg"}],"author":"agata","twitter_misc":{"Written by":"agata","Est. reading time":"1 minuta"},"schema":{"@context":"https:\/\/schema.org","@graph":[{"@type":"WebPage","@id":"https:\/\/www.slovenci-zagreb.hr\/si\/velikonocna-razstava-narodnih-manjsin\/","url":"https:\/\/www.slovenci-zagreb.hr\/si\/velikonocna-razstava-narodnih-manjsin\/","name":"Velikono\u010dna razstava narodnih manj\u0161in | Slovenski dom in Svet slovenske nacionalne manj\u0161ine Mesta Zagreb","isPartOf":{"@id":"http:\/\/www.slovenci-zagreb.hr\/si\/#website"},"datePublished":"2017-04-07T06:42:08+00:00","dateModified":"2017-04-13T06:53:02+00:00","author":{"@id":"http:\/\/www.slovenci-zagreb.hr\/si\/#\/schema\/person\/a34ecc40aa73e6dd78780facef777d32"},"breadcrumb":{"@id":"https:\/\/www.slovenci-zagreb.hr\/si\/velikonocna-razstava-narodnih-manjsin\/#breadcrumb"},"inLanguage":"sl-SI","potentialAction":[{"@type":"ReadAction","target":["https:\/\/www.slovenci-zagreb.hr\/si\/velikonocna-razstava-narodnih-manjsin\/"]}]},{"@type":"BreadcrumbList","@id":"https:\/\/www.slovenci-zagreb.hr\/si\/velikonocna-razstava-narodnih-manjsin\/#breadcrumb","itemListElement":[{"@type":"ListItem","position":1,"name":"Home","item":"http:\/\/www.slovenci-zagreb.hr\/si\/"},{"@type":"ListItem","position":2,"name":"Velikono\u010dna razstava narodnih manj\u0161in"}]},{"@type":"WebSite","@id":"http:\/\/www.slovenci-zagreb.hr\/si\/#website","url":"http:\/\/www.slovenci-zagreb.hr\/si\/","name":"Slovenski dom in Svet slovenske nacionalne manj\u0161ine Mesta Zagreb","description":"","potentialAction":[{"@type":"SearchAction","target":{"@type":"EntryPoint","urlTemplate":"http:\/\/www.slovenci-zagreb.hr\/si\/?s={search_term_string}"},"query-input":"required name=search_term_string"}],"inLanguage":"sl-SI"},{"@type":"Person","@id":"http:\/\/www.slovenci-zagreb.hr\/si\/#\/schema\/person\/a34ecc40aa73e6dd78780facef777d32","name":"agata","image":{"@type":"ImageObject","inLanguage":"sl-SI","@id":"http:\/\/www.slovenci-zagreb.hr\/si\/#\/schema\/person\/image\/","url":"http:\/\/1.gravatar.com\/avatar\/42c070b2dbf14a48e0639733f946c907?s=96&d=mm&r=g","contentUrl":"http:\/\/1.gravatar.com\/avatar\/42c070b2dbf14a48e0639733f946c907?s=96&d=mm&r=g","caption":"agata"},"url":"http:\/\/www.slovenci-zagreb.hr\/si\/author\/agata\/"}]}},"_links":{"self":[{"href":"http:\/\/www.slovenci-zagreb.hr\/si\/wp-json\/wp\/v2\/posts\/2059"}],"collection":[{"href":"http:\/\/www.slovenci-zagreb.hr\/si\/wp-json\/wp\/v2\/posts"}],"about":[{"href":"http:\/\/www.slovenci-zagreb.hr\/si\/wp-json\/wp\/v2\/types\/post"}],"author":[{"embeddable":true,"href":"http:\/\/www.slovenci-zagreb.hr\/si\/wp-json\/wp\/v2\/users\/3"}],"replies":[{"embeddable":true,"href":"http:\/\/www.slovenci-zagreb.hr\/si\/wp-json\/wp\/v2\/comments?post=2059"}],"version-history":[{"count":4,"href":"http:\/\/www.slovenci-zagreb.hr\/si\/wp-json\/wp\/v2\/posts\/2059\/revisions"}],"predecessor-version":[{"id":2069,"href":"http:\/\/www.slovenci-zagreb.hr\/si\/wp-json\/wp\/v2\/posts\/2059\/revisions\/2069"}],"wp:featuredmedia":[{"embeddable":true,"href":"http:\/\/www.slovenci-zagreb.hr\/si\/wp-json\/wp\/v2\/media\/2066"}],"wp:attachment":[{"href":"http:\/\/www.slovenci-zagreb.hr\/si\/wp-json\/wp\/v2\/media?parent=2059"}],"wp:term":[{"taxonomy":"category","embeddable":true,"href":"http:\/\/www.slovenci-zagreb.hr\/si\/wp-json\/wp\/v2\/categories?post=2059"},{"taxonomy":"post_tag","embeddable":true,"href":"http:\/\/www.slovenci-zagreb.hr\/si\/wp-json\/wp\/v2\/tags?post=2059"}],"curies":[{"name":"wp","href":"https:\/\/api.w.org\/{rel}","templated":true}]}}