{"id":2541,"date":"2017-11-22T15:30:32","date_gmt":"2017-11-22T14:30:32","guid":{"rendered":"http:\/\/www.slovenci-zagreb.hr\/si\/?p=2541"},"modified":"2017-12-08T18:29:11","modified_gmt":"2017-12-08T17:29:11","slug":"dan-generala-rudolfa-maistra","status":"publish","type":"post","link":"http:\/\/www.slovenci-zagreb.hr\/si\/dan-generala-rudolfa-maistra\/","title":{"rendered":"Dan generala Rudolfa Maistra"},"content":{"rendered":"<p>Velenje &#8211; \u010clani Sveta slovenske nacionalne manj\u0161ine Mesta Zagreb so na povabilo Zveze dru\u0161tva general Maister bili na osrednji sve\u010danosti na predve\u010der slovenskega dr\u017eavnega praznika, dneva generala Rudolfa Maistra.<\/p>\n<p>Slovenska obrambna ministrica <strong>Andreja Kati\u010d<\/strong> je v sve\u010danem nagovoru poudarila, da se je Maister kot poveljnik ene izmed enot avstro-ogrskih oboro\u017eenih sil na mariborskem obmo\u010dju mo\u010dno zavedal usodnosti trenutka in prepoznal prilo\u017enost za slovenski narod. Sve\u010danosti ob dnevu generala Maistra in 99-letnici prevzemanja poveljstva so se poleg \u0161tevilnih gostov udele\u017eili predsednik Republike Slovenije <strong>Borut Pahor<\/strong>, predsednik novoustanovljenega \u0160ale\u0161kega dru\u0161tva \u00bbgeneral Maister\u00ab Velenje <strong>Drago Martin\u0161ek<\/strong>, predsednik Zveze dru\u0161tva general Maister <strong>Milan Lovren\u010di\u010d<\/strong> in \u017eupan ob\u010dine Velenje <strong>Bojan Konti\u010d<\/strong>. Soorganizatorji prireditve so bili \u0160ale\u0161ko dru\u0161tvo \u00bbgeneral Maister\u00ab Velenje, ob\u010dina Velenje in Festival Velenje. (akm)<\/p>\n<p><a href=\"http:\/\/4d.rtvslo.si\/arhiv\/proslave-in-slavnostne-seje\/174504123\">http:\/\/4d.rtvslo.si\/arhiv\/proslave-in-slavnostne-seje\/174504123<\/a><\/p>\n<p>Ve\u010d v Novem odmevu 64.<\/p>\n<p>Vse foto: Ale\u0161 Sila, MORS<\/p>\n\n\t\t<style type=\"text\/css\">\n\t\t\t#gallery-1 {\n\t\t\t\tmargin: auto;\n\t\t\t}\n\t\t\t#gallery-1 .gallery-item {\n\t\t\t\tfloat: left;\n\t\t\t\tmargin-top: 10px;\n\t\t\t\ttext-align: center;\n\t\t\t\twidth: 33%;\n\t\t\t}\n\t\t\t#gallery-1 img {\n\t\t\t\tborder: 2px solid #cfcfcf;\n\t\t\t}\n\t\t\t#gallery-1 .gallery-caption {\n\t\t\t\tmargin-left: 0;\n\t\t\t}\n\t\t\t\/* see gallery_shortcode() in wp-includes\/media.php *\/\n\t\t<\/style>\n\t\t<div id='gallery-1' class='gallery galleryid-2541 gallery-columns-3 gallery-size-medium'><dl class='gallery-item'>\n\t\t\t<dt class='gallery-icon landscape'>\n\t\t\t\t<a href='http:\/\/www.slovenci-zagreb.hr\/si\/wp-content\/uploads\/sites\/2\/2017\/11\/Rudolf-Maister_Milan-Lovrencic.jpg'><img decoding=\"async\" width=\"300\" height=\"169\" src=\"http:\/\/www.slovenci-zagreb.hr\/si\/wp-content\/uploads\/sites\/2\/2017\/11\/Rudolf-Maister_Milan-Lovrencic-300x169.jpg\" class=\"attachment-medium size-medium\" alt=\"\" aria-describedby=\"gallery-1-2544\" srcset=\"http:\/\/www.slovenci-zagreb.hr\/si\/wp-content\/uploads\/sites\/2\/2017\/11\/Rudolf-Maister_Milan-Lovrencic-200x113.jpg 200w, http:\/\/www.slovenci-zagreb.hr\/si\/wp-content\/uploads\/sites\/2\/2017\/11\/Rudolf-Maister_Milan-Lovrencic-300x169.jpg 300w, http:\/\/www.slovenci-zagreb.hr\/si\/wp-content\/uploads\/sites\/2\/2017\/11\/Rudolf-Maister_Milan-Lovrencic-400x225.jpg 400w, http:\/\/www.slovenci-zagreb.hr\/si\/wp-content\/uploads\/sites\/2\/2017\/11\/Rudolf-Maister_Milan-Lovrencic-600x338.jpg 600w, http:\/\/www.slovenci-zagreb.hr\/si\/wp-content\/uploads\/sites\/2\/2017\/11\/Rudolf-Maister_Milan-Lovrencic-768x432.jpg 768w, http:\/\/www.slovenci-zagreb.hr\/si\/wp-content\/uploads\/sites\/2\/2017\/11\/Rudolf-Maister_Milan-Lovrencic-800x450.jpg 800w, http:\/\/www.slovenci-zagreb.hr\/si\/wp-content\/uploads\/sites\/2\/2017\/11\/Rudolf-Maister_Milan-Lovrencic-1024x576.jpg 1024w, http:\/\/www.slovenci-zagreb.hr\/si\/wp-content\/uploads\/sites\/2\/2017\/11\/Rudolf-Maister_Milan-Lovrencic-1200x675.jpg 1200w\" sizes=\"(max-width: 300px) 100vw, 300px\" \/><\/a>\n\t\t\t<\/dt>\n\t\t\t\t<dd class='wp-caption-text gallery-caption' id='gallery-1-2544'>\n\t\t\t\tPredsednik Zveze dru\u0161tva general Maister Milan Lovren\u010di\u010d.\n\t\t\t\t<\/dd><\/dl><dl class='gallery-item'>\n\t\t\t<dt class='gallery-icon landscape'>\n\t\t\t\t<a href='http:\/\/www.slovenci-zagreb.hr\/si\/wp-content\/uploads\/sites\/2\/2017\/11\/Maister_Andreja-Katic.jpg'><img decoding=\"async\" width=\"300\" height=\"230\" src=\"http:\/\/www.slovenci-zagreb.hr\/si\/wp-content\/uploads\/sites\/2\/2017\/11\/Maister_Andreja-Katic-300x230.jpg\" class=\"attachment-medium size-medium\" alt=\"\" aria-describedby=\"gallery-1-2543\" srcset=\"http:\/\/www.slovenci-zagreb.hr\/si\/wp-content\/uploads\/sites\/2\/2017\/11\/Maister_Andreja-Katic-200x153.jpg 200w, http:\/\/www.slovenci-zagreb.hr\/si\/wp-content\/uploads\/sites\/2\/2017\/11\/Maister_Andreja-Katic-300x230.jpg 300w, http:\/\/www.slovenci-zagreb.hr\/si\/wp-content\/uploads\/sites\/2\/2017\/11\/Maister_Andreja-Katic-400x306.jpg 400w, http:\/\/www.slovenci-zagreb.hr\/si\/wp-content\/uploads\/sites\/2\/2017\/11\/Maister_Andreja-Katic-600x460.jpg 600w, http:\/\/www.slovenci-zagreb.hr\/si\/wp-content\/uploads\/sites\/2\/2017\/11\/Maister_Andreja-Katic-768x588.jpg 768w, http:\/\/www.slovenci-zagreb.hr\/si\/wp-content\/uploads\/sites\/2\/2017\/11\/Maister_Andreja-Katic-800x613.jpg 800w, http:\/\/www.slovenci-zagreb.hr\/si\/wp-content\/uploads\/sites\/2\/2017\/11\/Maister_Andreja-Katic-1024x785.jpg 1024w, http:\/\/www.slovenci-zagreb.hr\/si\/wp-content\/uploads\/sites\/2\/2017\/11\/Maister_Andreja-Katic-1200x919.jpg 1200w\" sizes=\"(max-width: 300px) 100vw, 300px\" \/><\/a>\n\t\t\t<\/dt>\n\t\t\t\t<dd class='wp-caption-text gallery-caption' id='gallery-1-2543'>\n\t\t\t\tObrambna ministrica Andreja Kati\u010d.\n\t\t\t\t<\/dd><\/dl><dl class='gallery-item'>\n\t\t\t<dt class='gallery-icon landscape'>\n\t\t\t\t<a href='http:\/\/www.slovenci-zagreb.hr\/si\/wp-content\/uploads\/sites\/2\/2017\/11\/Rudolf_Maister_Velenje.jpg'><img decoding=\"async\" width=\"300\" height=\"169\" src=\"http:\/\/www.slovenci-zagreb.hr\/si\/wp-content\/uploads\/sites\/2\/2017\/11\/Rudolf_Maister_Velenje-300x169.jpg\" class=\"attachment-medium size-medium\" alt=\"\" aria-describedby=\"gallery-1-2545\" srcset=\"http:\/\/www.slovenci-zagreb.hr\/si\/wp-content\/uploads\/sites\/2\/2017\/11\/Rudolf_Maister_Velenje-200x113.jpg 200w, http:\/\/www.slovenci-zagreb.hr\/si\/wp-content\/uploads\/sites\/2\/2017\/11\/Rudolf_Maister_Velenje-300x169.jpg 300w, http:\/\/www.slovenci-zagreb.hr\/si\/wp-content\/uploads\/sites\/2\/2017\/11\/Rudolf_Maister_Velenje-400x225.jpg 400w, http:\/\/www.slovenci-zagreb.hr\/si\/wp-content\/uploads\/sites\/2\/2017\/11\/Rudolf_Maister_Velenje-600x338.jpg 600w, http:\/\/www.slovenci-zagreb.hr\/si\/wp-content\/uploads\/sites\/2\/2017\/11\/Rudolf_Maister_Velenje-768x432.jpg 768w, http:\/\/www.slovenci-zagreb.hr\/si\/wp-content\/uploads\/sites\/2\/2017\/11\/Rudolf_Maister_Velenje-800x450.jpg 800w, http:\/\/www.slovenci-zagreb.hr\/si\/wp-content\/uploads\/sites\/2\/2017\/11\/Rudolf_Maister_Velenje-1024x576.jpg 1024w, http:\/\/www.slovenci-zagreb.hr\/si\/wp-content\/uploads\/sites\/2\/2017\/11\/Rudolf_Maister_Velenje-1200x675.jpg 1200w\" sizes=\"(max-width: 300px) 100vw, 300px\" \/><\/a>\n\t\t\t<\/dt>\n\t\t\t\t<dd class='wp-caption-text gallery-caption' id='gallery-1-2545'>\n\t\t\t\tSve\u010danost v Domu kulture Velenje.\n\t\t\t\t<\/dd><\/dl><br style=\"clear: both\" \/>\n\t\t<\/div>\n\n","protected":false},"excerpt":{"rendered":"<p>Velenje &#8211; \u010clani Sveta slovenske nacionalne manj\u0161ine Mesta Zagreb so na povabilo Zveze dru\u0161tva general Maister bili na osrednji sve\u010danosti na predve\u010der slovenskega dr\u017eavnega praznika, dneva generala Rudolfa Maistra. Slovenska obrambna ministrica Andreja Kati\u010d je v sve\u010danem nagovoru poudarila, da se je Maister kot poveljnik ene izmed enot avstro-ogrskih oboro\u017eenih sil na mariborskem obmo\u010dju mo\u010dno [&hellip;]<\/p>\n","protected":false},"author":3,"featured_media":2542,"comment_status":"closed","ping_status":"open","sticky":false,"template":"","format":"standard","meta":{"footnotes":""},"categories":[5],"tags":[],"yoast_head":"<!-- This site is optimized with the Yoast SEO plugin v22.0 - https:\/\/yoast.com\/wordpress\/plugins\/seo\/ -->\n<title>Dan generala Rudolfa Maistra | Slovenski dom in Svet slovenske nacionalne manj\u0161ine Mesta Zagreb<\/title>\n<meta name=\"robots\" content=\"index, follow, max-snippet:-1, max-image-preview:large, max-video-preview:-1\" \/>\n<link rel=\"canonical\" href=\"http:\/\/www.slovenci-zagreb.hr\/si\/dan-generala-rudolfa-maistra\/\" \/>\n<meta property=\"og:locale\" content=\"sl_SI\" \/>\n<meta property=\"og:type\" content=\"article\" \/>\n<meta property=\"og:title\" content=\"Dan generala Rudolfa Maistra | Slovenski dom in Svet slovenske nacionalne manj\u0161ine Mesta Zagreb\" \/>\n<meta property=\"og:description\" content=\"Velenje &#8211; \u010clani Sveta slovenske nacionalne manj\u0161ine Mesta Zagreb so na povabilo Zveze dru\u0161tva general Maister bili na osrednji sve\u010danosti na predve\u010der slovenskega dr\u017eavnega praznika, dneva generala Rudolfa Maistra. Slovenska obrambna ministrica Andreja Kati\u010d je v sve\u010danem nagovoru poudarila, da se je Maister kot poveljnik ene izmed enot avstro-ogrskih oboro\u017eenih sil na mariborskem obmo\u010dju mo\u010dno [&hellip;]\" \/>\n<meta property=\"og:url\" content=\"http:\/\/www.slovenci-zagreb.hr\/si\/dan-generala-rudolfa-maistra\/\" \/>\n<meta property=\"og:site_name\" content=\"Slovenski dom in Svet slovenske nacionalne manj\u0161ine Mesta Zagreb\" \/>\n<meta property=\"article:published_time\" content=\"2017-11-22T14:30:32+00:00\" \/>\n<meta property=\"article:modified_time\" content=\"2017-12-08T17:29:11+00:00\" \/>\n<meta property=\"og:image\" content=\"http:\/\/www.slovenci-zagreb.hr\/si\/wp-content\/uploads\/sites\/2\/2017\/11\/general_rudolf_maister.jpg\" \/>\n\t<meta property=\"og:image:width\" content=\"180\" \/>\n\t<meta property=\"og:image:height\" content=\"101\" \/>\n\t<meta property=\"og:image:type\" content=\"image\/jpeg\" \/>\n<meta name=\"author\" content=\"agata\" \/>\n<meta name=\"twitter:label1\" content=\"Written by\" \/>\n\t<meta name=\"twitter:data1\" content=\"agata\" \/>\n\t<meta name=\"twitter:label2\" content=\"Est. reading time\" \/>\n\t<meta name=\"twitter:data2\" content=\"1 minuta\" \/>\n<script type=\"application\/ld+json\" class=\"yoast-schema-graph\">{\"@context\":\"https:\/\/schema.org\",\"@graph\":[{\"@type\":\"WebPage\",\"@id\":\"http:\/\/www.slovenci-zagreb.hr\/si\/dan-generala-rudolfa-maistra\/\",\"url\":\"http:\/\/www.slovenci-zagreb.hr\/si\/dan-generala-rudolfa-maistra\/\",\"name\":\"Dan generala Rudolfa Maistra | Slovenski dom in Svet slovenske nacionalne manj\u0161ine Mesta Zagreb\",\"isPartOf\":{\"@id\":\"http:\/\/www.slovenci-zagreb.hr\/si\/#website\"},\"datePublished\":\"2017-11-22T14:30:32+00:00\",\"dateModified\":\"2017-12-08T17:29:11+00:00\",\"author\":{\"@id\":\"http:\/\/www.slovenci-zagreb.hr\/si\/#\/schema\/person\/a34ecc40aa73e6dd78780facef777d32\"},\"breadcrumb\":{\"@id\":\"http:\/\/www.slovenci-zagreb.hr\/si\/dan-generala-rudolfa-maistra\/#breadcrumb\"},\"inLanguage\":\"sl-SI\",\"potentialAction\":[{\"@type\":\"ReadAction\",\"target\":[\"http:\/\/www.slovenci-zagreb.hr\/si\/dan-generala-rudolfa-maistra\/\"]}]},{\"@type\":\"BreadcrumbList\",\"@id\":\"http:\/\/www.slovenci-zagreb.hr\/si\/dan-generala-rudolfa-maistra\/#breadcrumb\",\"itemListElement\":[{\"@type\":\"ListItem\",\"position\":1,\"name\":\"Home\",\"item\":\"http:\/\/www.slovenci-zagreb.hr\/si\/\"},{\"@type\":\"ListItem\",\"position\":2,\"name\":\"Dan generala Rudolfa Maistra\"}]},{\"@type\":\"WebSite\",\"@id\":\"http:\/\/www.slovenci-zagreb.hr\/si\/#website\",\"url\":\"http:\/\/www.slovenci-zagreb.hr\/si\/\",\"name\":\"Slovenski dom in Svet slovenske nacionalne manj\u0161ine Mesta Zagreb\",\"description\":\"\",\"potentialAction\":[{\"@type\":\"SearchAction\",\"target\":{\"@type\":\"EntryPoint\",\"urlTemplate\":\"http:\/\/www.slovenci-zagreb.hr\/si\/?s={search_term_string}\"},\"query-input\":\"required name=search_term_string\"}],\"inLanguage\":\"sl-SI\"},{\"@type\":\"Person\",\"@id\":\"http:\/\/www.slovenci-zagreb.hr\/si\/#\/schema\/person\/a34ecc40aa73e6dd78780facef777d32\",\"name\":\"agata\",\"image\":{\"@type\":\"ImageObject\",\"inLanguage\":\"sl-SI\",\"@id\":\"http:\/\/www.slovenci-zagreb.hr\/si\/#\/schema\/person\/image\/\",\"url\":\"http:\/\/1.gravatar.com\/avatar\/42c070b2dbf14a48e0639733f946c907?s=96&d=mm&r=g\",\"contentUrl\":\"http:\/\/1.gravatar.com\/avatar\/42c070b2dbf14a48e0639733f946c907?s=96&d=mm&r=g\",\"caption\":\"agata\"},\"url\":\"http:\/\/www.slovenci-zagreb.hr\/si\/author\/agata\/\"}]}<\/script>\n<!-- \/ Yoast SEO plugin. -->","yoast_head_json":{"title":"Dan generala Rudolfa Maistra | Slovenski dom in Svet slovenske nacionalne manj\u0161ine Mesta Zagreb","robots":{"index":"index","follow":"follow","max-snippet":"max-snippet:-1","max-image-preview":"max-image-preview:large","max-video-preview":"max-video-preview:-1"},"canonical":"http:\/\/www.slovenci-zagreb.hr\/si\/dan-generala-rudolfa-maistra\/","og_locale":"sl_SI","og_type":"article","og_title":"Dan generala Rudolfa Maistra | Slovenski dom in Svet slovenske nacionalne manj\u0161ine Mesta Zagreb","og_description":"Velenje &#8211; \u010clani Sveta slovenske nacionalne manj\u0161ine Mesta Zagreb so na povabilo Zveze dru\u0161tva general Maister bili na osrednji sve\u010danosti na predve\u010der slovenskega dr\u017eavnega praznika, dneva generala Rudolfa Maistra. Slovenska obrambna ministrica Andreja Kati\u010d je v sve\u010danem nagovoru poudarila, da se je Maister kot poveljnik ene izmed enot avstro-ogrskih oboro\u017eenih sil na mariborskem obmo\u010dju mo\u010dno [&hellip;]","og_url":"http:\/\/www.slovenci-zagreb.hr\/si\/dan-generala-rudolfa-maistra\/","og_site_name":"Slovenski dom in Svet slovenske nacionalne manj\u0161ine Mesta Zagreb","article_published_time":"2017-11-22T14:30:32+00:00","article_modified_time":"2017-12-08T17:29:11+00:00","og_image":[{"width":180,"height":101,"url":"http:\/\/www.slovenci-zagreb.hr\/si\/wp-content\/uploads\/sites\/2\/2017\/11\/general_rudolf_maister.jpg","type":"image\/jpeg"}],"author":"agata","twitter_misc":{"Written by":"agata","Est. reading time":"1 minuta"},"schema":{"@context":"https:\/\/schema.org","@graph":[{"@type":"WebPage","@id":"http:\/\/www.slovenci-zagreb.hr\/si\/dan-generala-rudolfa-maistra\/","url":"http:\/\/www.slovenci-zagreb.hr\/si\/dan-generala-rudolfa-maistra\/","name":"Dan generala Rudolfa Maistra | Slovenski dom in Svet slovenske nacionalne manj\u0161ine Mesta Zagreb","isPartOf":{"@id":"http:\/\/www.slovenci-zagreb.hr\/si\/#website"},"datePublished":"2017-11-22T14:30:32+00:00","dateModified":"2017-12-08T17:29:11+00:00","author":{"@id":"http:\/\/www.slovenci-zagreb.hr\/si\/#\/schema\/person\/a34ecc40aa73e6dd78780facef777d32"},"breadcrumb":{"@id":"http:\/\/www.slovenci-zagreb.hr\/si\/dan-generala-rudolfa-maistra\/#breadcrumb"},"inLanguage":"sl-SI","potentialAction":[{"@type":"ReadAction","target":["http:\/\/www.slovenci-zagreb.hr\/si\/dan-generala-rudolfa-maistra\/"]}]},{"@type":"BreadcrumbList","@id":"http:\/\/www.slovenci-zagreb.hr\/si\/dan-generala-rudolfa-maistra\/#breadcrumb","itemListElement":[{"@type":"ListItem","position":1,"name":"Home","item":"http:\/\/www.slovenci-zagreb.hr\/si\/"},{"@type":"ListItem","position":2,"name":"Dan generala Rudolfa Maistra"}]},{"@type":"WebSite","@id":"http:\/\/www.slovenci-zagreb.hr\/si\/#website","url":"http:\/\/www.slovenci-zagreb.hr\/si\/","name":"Slovenski dom in Svet slovenske nacionalne manj\u0161ine Mesta Zagreb","description":"","potentialAction":[{"@type":"SearchAction","target":{"@type":"EntryPoint","urlTemplate":"http:\/\/www.slovenci-zagreb.hr\/si\/?s={search_term_string}"},"query-input":"required name=search_term_string"}],"inLanguage":"sl-SI"},{"@type":"Person","@id":"http:\/\/www.slovenci-zagreb.hr\/si\/#\/schema\/person\/a34ecc40aa73e6dd78780facef777d32","name":"agata","image":{"@type":"ImageObject","inLanguage":"sl-SI","@id":"http:\/\/www.slovenci-zagreb.hr\/si\/#\/schema\/person\/image\/","url":"http:\/\/1.gravatar.com\/avatar\/42c070b2dbf14a48e0639733f946c907?s=96&d=mm&r=g","contentUrl":"http:\/\/1.gravatar.com\/avatar\/42c070b2dbf14a48e0639733f946c907?s=96&d=mm&r=g","caption":"agata"},"url":"http:\/\/www.slovenci-zagreb.hr\/si\/author\/agata\/"}]}},"_links":{"self":[{"href":"http:\/\/www.slovenci-zagreb.hr\/si\/wp-json\/wp\/v2\/posts\/2541"}],"collection":[{"href":"http:\/\/www.slovenci-zagreb.hr\/si\/wp-json\/wp\/v2\/posts"}],"about":[{"href":"http:\/\/www.slovenci-zagreb.hr\/si\/wp-json\/wp\/v2\/types\/post"}],"author":[{"embeddable":true,"href":"http:\/\/www.slovenci-zagreb.hr\/si\/wp-json\/wp\/v2\/users\/3"}],"replies":[{"embeddable":true,"href":"http:\/\/www.slovenci-zagreb.hr\/si\/wp-json\/wp\/v2\/comments?post=2541"}],"version-history":[{"count":5,"href":"http:\/\/www.slovenci-zagreb.hr\/si\/wp-json\/wp\/v2\/posts\/2541\/revisions"}],"predecessor-version":[{"id":2591,"href":"http:\/\/www.slovenci-zagreb.hr\/si\/wp-json\/wp\/v2\/posts\/2541\/revisions\/2591"}],"wp:featuredmedia":[{"embeddable":true,"href":"http:\/\/www.slovenci-zagreb.hr\/si\/wp-json\/wp\/v2\/media\/2542"}],"wp:attachment":[{"href":"http:\/\/www.slovenci-zagreb.hr\/si\/wp-json\/wp\/v2\/media?parent=2541"}],"wp:term":[{"taxonomy":"category","embeddable":true,"href":"http:\/\/www.slovenci-zagreb.hr\/si\/wp-json\/wp\/v2\/categories?post=2541"},{"taxonomy":"post_tag","embeddable":true,"href":"http:\/\/www.slovenci-zagreb.hr\/si\/wp-json\/wp\/v2\/tags?post=2541"}],"curies":[{"name":"wp","href":"https:\/\/api.w.org\/{rel}","templated":true}]}}