{"id":2701,"date":"2018-02-06T10:00:07","date_gmt":"2018-02-06T09:00:07","guid":{"rendered":"http:\/\/www.slovenci-zagreb.hr\/si\/?p=2701"},"modified":"2018-02-08T12:07:50","modified_gmt":"2018-02-08T11:07:50","slug":"promocija-knjige-o-velikem-opernem-umetniku-josipu-krizaju","status":"publish","type":"post","link":"http:\/\/www.slovenci-zagreb.hr\/si\/promocija-knjige-o-velikem-opernem-umetniku-josipu-krizaju\/","title":{"rendered":"Promocija knjige o velikem opernem umetniku Josipu Kri\u017eaju"},"content":{"rendered":"<p>Zagreb \u2013 Ob slovenskem kulturnem prazniku &#8211; Pre\u0161ernovem dnevu je bila v foajeju Hrva\u0161kega narodnega gledali\u0161\u010da predstavljena knjiga o izjemnem opernem umetniku Josipu Kri\u017eaju (Vev\u010de pri Ljubljani, 5. marec 1887 \u2013 Zagreb, 30. julij 1968), ki sodi med najve\u010dje umetni\u0161ke osebnosti v zgodovini hrva\u0161ke opere, dolgi skoraj poldrugo stoletje. Knjigo <em>Josip Kri\u017eaj, umetnik pred svojim \u010dasom,<\/em> v kateri je tudi mini zgo\u0161\u010denka s Kri\u017eajevo <em>Molitvijo in smrtjo Sulejmana<\/em>, sta izdala Slovenski dom in Svet slovenske nacionalne manj\u0161ine Mesta Zagreb.<\/p>\n<p>Knjiga je krona ve\u010dletnega dela vrhunske poznavalke operne umetnosti <strong>Marije Barbieri<\/strong>, ki je na predstavitvi spregovorila o pomembnem in spodbudnem Kri\u017eajevem prispevku k hrva\u0161kemu glasbenemu poustvarjanju, prebrala je tudi prispevek dirigenta <strong>Vladimirja Kranj\u010devi\u0107a<\/strong> o Kri\u017eajevi ustvarjalnosti.<\/p>\n<p>Navzo\u010de, med katerimi je bila tudi veleposlanica Republike Slovenije na Hrva\u0161kem <strong>Smiljana Knez<\/strong>, gostje iz KUD-a Jo\u017ee Gosti\u010d iz Homca, ugledni glasbeni umetniki in \u010dlani slovenske skupnosti, sta nagovorila predsednik Slovenskega doma in SSNM MZ <strong>Darko \u0160onc<\/strong> in intendantka Hrva\u0161kega narodnega gledali\u0161\u010da <strong>Dubravka Vrgo\u010d<\/strong>. Z\u00a0izbranimi besedami sta govorila o velikem umetniku, ki se je za vedno vpisal v zgodovino hrva\u0161ke glasbene poustvarjalnosti. (akm)<\/p>\n<p>Ve\u010d v Novem odmevu 65.<\/p>\n\n\t\t<style type=\"text\/css\">\n\t\t\t#gallery-1 {\n\t\t\t\tmargin: auto;\n\t\t\t}\n\t\t\t#gallery-1 .gallery-item {\n\t\t\t\tfloat: left;\n\t\t\t\tmargin-top: 10px;\n\t\t\t\ttext-align: center;\n\t\t\t\twidth: 33%;\n\t\t\t}\n\t\t\t#gallery-1 img {\n\t\t\t\tborder: 2px solid #cfcfcf;\n\t\t\t}\n\t\t\t#gallery-1 .gallery-caption {\n\t\t\t\tmargin-left: 0;\n\t\t\t}\n\t\t\t\/* see gallery_shortcode() in wp-includes\/media.php *\/\n\t\t<\/style>\n\t\t<div id='gallery-1' class='gallery galleryid-2701 gallery-columns-3 gallery-size-medium'><dl class='gallery-item'>\n\t\t\t<dt class='gallery-icon portrait'>\n\t\t\t\t<a href='http:\/\/www.slovenci-zagreb.hr\/si\/wp-content\/uploads\/sites\/2\/2018\/02\/Naslovnica-Josip-Krizaj_z.jpg'><img decoding=\"async\" width=\"225\" height=\"300\" src=\"http:\/\/www.slovenci-zagreb.hr\/si\/wp-content\/uploads\/sites\/2\/2018\/02\/Naslovnica-Josip-Krizaj_z-225x300.jpg\" class=\"attachment-medium size-medium\" alt=\"\" aria-describedby=\"gallery-1-2704\" srcset=\"http:\/\/www.slovenci-zagreb.hr\/si\/wp-content\/uploads\/sites\/2\/2018\/02\/Naslovnica-Josip-Krizaj_z-200x267.jpg 200w, http:\/\/www.slovenci-zagreb.hr\/si\/wp-content\/uploads\/sites\/2\/2018\/02\/Naslovnica-Josip-Krizaj_z-225x300.jpg 225w, http:\/\/www.slovenci-zagreb.hr\/si\/wp-content\/uploads\/sites\/2\/2018\/02\/Naslovnica-Josip-Krizaj_z-400x533.jpg 400w, http:\/\/www.slovenci-zagreb.hr\/si\/wp-content\/uploads\/sites\/2\/2018\/02\/Naslovnica-Josip-Krizaj_z-600x800.jpg 600w, http:\/\/www.slovenci-zagreb.hr\/si\/wp-content\/uploads\/sites\/2\/2018\/02\/Naslovnica-Josip-Krizaj_z-768x1024.jpg 768w, http:\/\/www.slovenci-zagreb.hr\/si\/wp-content\/uploads\/sites\/2\/2018\/02\/Naslovnica-Josip-Krizaj_z-800x1067.jpg 800w, http:\/\/www.slovenci-zagreb.hr\/si\/wp-content\/uploads\/sites\/2\/2018\/02\/Naslovnica-Josip-Krizaj_z-1200x1600.jpg 1200w\" sizes=\"(max-width: 225px) 100vw, 225px\" \/><\/a>\n\t\t\t<\/dt>\n\t\t\t\t<dd class='wp-caption-text gallery-caption' id='gallery-1-2704'>\n\t\t\t\tNemogo\u010de je na\u0161teti vso Kri\u017eajevo ustvarjalnost, ki je z zlatimi \u010drkami vpisana v zgodovino hrva\u0161ke glasbe, kaj \u0161ele vse vloge, ki jih je v Zagrebu odigral od leta 1913 do svoje upokojitve leta 1957. Bilo jih je ve\u010d kot sto trideset, nastopov pa tri tiso\u010d.\n\t\t\t\t<\/dd><\/dl><dl class='gallery-item'>\n\t\t\t<dt class='gallery-icon landscape'>\n\t\t\t\t<a href='http:\/\/www.slovenci-zagreb.hr\/si\/wp-content\/uploads\/sites\/2\/2018\/02\/Krizaj1.jpg'><img decoding=\"async\" width=\"300\" height=\"225\" src=\"http:\/\/www.slovenci-zagreb.hr\/si\/wp-content\/uploads\/sites\/2\/2018\/02\/Krizaj1-300x225.jpg\" class=\"attachment-medium size-medium\" alt=\"\" aria-describedby=\"gallery-1-2710\" srcset=\"http:\/\/www.slovenci-zagreb.hr\/si\/wp-content\/uploads\/sites\/2\/2018\/02\/Krizaj1-200x150.jpg 200w, http:\/\/www.slovenci-zagreb.hr\/si\/wp-content\/uploads\/sites\/2\/2018\/02\/Krizaj1-300x225.jpg 300w, http:\/\/www.slovenci-zagreb.hr\/si\/wp-content\/uploads\/sites\/2\/2018\/02\/Krizaj1-400x300.jpg 400w, http:\/\/www.slovenci-zagreb.hr\/si\/wp-content\/uploads\/sites\/2\/2018\/02\/Krizaj1-600x450.jpg 600w, http:\/\/www.slovenci-zagreb.hr\/si\/wp-content\/uploads\/sites\/2\/2018\/02\/Krizaj1-768x576.jpg 768w, http:\/\/www.slovenci-zagreb.hr\/si\/wp-content\/uploads\/sites\/2\/2018\/02\/Krizaj1-800x600.jpg 800w, http:\/\/www.slovenci-zagreb.hr\/si\/wp-content\/uploads\/sites\/2\/2018\/02\/Krizaj1-1024x768.jpg 1024w, http:\/\/www.slovenci-zagreb.hr\/si\/wp-content\/uploads\/sites\/2\/2018\/02\/Krizaj1-1200x900.jpg 1200w\" sizes=\"(max-width: 300px) 100vw, 300px\" \/><\/a>\n\t\t\t<\/dt>\n\t\t\t\t<dd class='wp-caption-text gallery-caption' id='gallery-1-2710'>\n\t\t\t\tMarija Barbieri, Dubravka Vrgo\u010d, Darko \u0160onc (z leve).\n\t\t\t\t<\/dd><\/dl><dl class='gallery-item'>\n\t\t\t<dt class='gallery-icon portrait'>\n\t\t\t\t<a href='http:\/\/www.slovenci-zagreb.hr\/si\/wp-content\/uploads\/sites\/2\/2018\/02\/Marija-Barbieri.jpg'><img decoding=\"async\" width=\"225\" height=\"300\" src=\"http:\/\/www.slovenci-zagreb.hr\/si\/wp-content\/uploads\/sites\/2\/2018\/02\/Marija-Barbieri-225x300.jpg\" class=\"attachment-medium size-medium\" alt=\"\" aria-describedby=\"gallery-1-2705\" srcset=\"http:\/\/www.slovenci-zagreb.hr\/si\/wp-content\/uploads\/sites\/2\/2018\/02\/Marija-Barbieri-200x267.jpg 200w, http:\/\/www.slovenci-zagreb.hr\/si\/wp-content\/uploads\/sites\/2\/2018\/02\/Marija-Barbieri-225x300.jpg 225w, http:\/\/www.slovenci-zagreb.hr\/si\/wp-content\/uploads\/sites\/2\/2018\/02\/Marija-Barbieri-400x533.jpg 400w, http:\/\/www.slovenci-zagreb.hr\/si\/wp-content\/uploads\/sites\/2\/2018\/02\/Marija-Barbieri-600x800.jpg 600w, http:\/\/www.slovenci-zagreb.hr\/si\/wp-content\/uploads\/sites\/2\/2018\/02\/Marija-Barbieri-768x1024.jpg 768w, http:\/\/www.slovenci-zagreb.hr\/si\/wp-content\/uploads\/sites\/2\/2018\/02\/Marija-Barbieri-800x1067.jpg 800w, http:\/\/www.slovenci-zagreb.hr\/si\/wp-content\/uploads\/sites\/2\/2018\/02\/Marija-Barbieri-1200x1600.jpg 1200w\" sizes=\"(max-width: 225px) 100vw, 225px\" \/><\/a>\n\t\t\t<\/dt>\n\t\t\t\t<dd class='wp-caption-text gallery-caption' id='gallery-1-2705'>\n\t\t\t\tMarija Barbieri: \u201eZagreb je bil Kri\u017eajevo mesto, Hrva\u0161ko narodno gledali\u0161\u010de njegov \u017eivljenjski oder. Za njegove sodobnike, za mlade, ki so rastli ob njem je bil nedotakljiva veli\u010dina, ki so jo ob\u010dudovali in se od nje u\u010dili.\u201d\n\t\t\t\t<\/dd><\/dl><br style=\"clear: both\" \/><dl class='gallery-item'>\n\t\t\t<dt class='gallery-icon landscape'>\n\t\t\t\t<a href='http:\/\/www.slovenci-zagreb.hr\/si\/wp-content\/uploads\/sites\/2\/2018\/02\/Krizaj2.jpg'><img decoding=\"async\" width=\"300\" height=\"225\" src=\"http:\/\/www.slovenci-zagreb.hr\/si\/wp-content\/uploads\/sites\/2\/2018\/02\/Krizaj2-300x225.jpg\" class=\"attachment-medium size-medium\" alt=\"\" srcset=\"http:\/\/www.slovenci-zagreb.hr\/si\/wp-content\/uploads\/sites\/2\/2018\/02\/Krizaj2-200x150.jpg 200w, http:\/\/www.slovenci-zagreb.hr\/si\/wp-content\/uploads\/sites\/2\/2018\/02\/Krizaj2-300x225.jpg 300w, http:\/\/www.slovenci-zagreb.hr\/si\/wp-content\/uploads\/sites\/2\/2018\/02\/Krizaj2-400x300.jpg 400w, http:\/\/www.slovenci-zagreb.hr\/si\/wp-content\/uploads\/sites\/2\/2018\/02\/Krizaj2-600x450.jpg 600w, http:\/\/www.slovenci-zagreb.hr\/si\/wp-content\/uploads\/sites\/2\/2018\/02\/Krizaj2-768x576.jpg 768w, http:\/\/www.slovenci-zagreb.hr\/si\/wp-content\/uploads\/sites\/2\/2018\/02\/Krizaj2-800x600.jpg 800w, http:\/\/www.slovenci-zagreb.hr\/si\/wp-content\/uploads\/sites\/2\/2018\/02\/Krizaj2-1024x768.jpg 1024w, http:\/\/www.slovenci-zagreb.hr\/si\/wp-content\/uploads\/sites\/2\/2018\/02\/Krizaj2-1200x900.jpg 1200w\" sizes=\"(max-width: 300px) 100vw, 300px\" \/><\/a>\n\t\t\t<\/dt><\/dl><dl class='gallery-item'>\n\t\t\t<dt class='gallery-icon landscape'>\n\t\t\t\t<a href='http:\/\/www.slovenci-zagreb.hr\/si\/wp-content\/uploads\/sites\/2\/2018\/02\/Krizaj3.jpg'><img decoding=\"async\" width=\"300\" height=\"225\" src=\"http:\/\/www.slovenci-zagreb.hr\/si\/wp-content\/uploads\/sites\/2\/2018\/02\/Krizaj3-300x225.jpg\" class=\"attachment-medium size-medium\" alt=\"\" srcset=\"http:\/\/www.slovenci-zagreb.hr\/si\/wp-content\/uploads\/sites\/2\/2018\/02\/Krizaj3-200x150.jpg 200w, http:\/\/www.slovenci-zagreb.hr\/si\/wp-content\/uploads\/sites\/2\/2018\/02\/Krizaj3-300x225.jpg 300w, http:\/\/www.slovenci-zagreb.hr\/si\/wp-content\/uploads\/sites\/2\/2018\/02\/Krizaj3-400x300.jpg 400w, http:\/\/www.slovenci-zagreb.hr\/si\/wp-content\/uploads\/sites\/2\/2018\/02\/Krizaj3-600x450.jpg 600w, http:\/\/www.slovenci-zagreb.hr\/si\/wp-content\/uploads\/sites\/2\/2018\/02\/Krizaj3-768x576.jpg 768w, http:\/\/www.slovenci-zagreb.hr\/si\/wp-content\/uploads\/sites\/2\/2018\/02\/Krizaj3-800x600.jpg 800w, http:\/\/www.slovenci-zagreb.hr\/si\/wp-content\/uploads\/sites\/2\/2018\/02\/Krizaj3-1024x768.jpg 1024w, http:\/\/www.slovenci-zagreb.hr\/si\/wp-content\/uploads\/sites\/2\/2018\/02\/Krizaj3-1200x900.jpg 1200w\" sizes=\"(max-width: 300px) 100vw, 300px\" \/><\/a>\n\t\t\t<\/dt><\/dl><dl class='gallery-item'>\n\t\t\t<dt class='gallery-icon landscape'>\n\t\t\t\t<a href='http:\/\/www.slovenci-zagreb.hr\/si\/wp-content\/uploads\/sites\/2\/2018\/02\/Krizaj4.jpg'><img decoding=\"async\" width=\"300\" height=\"225\" src=\"http:\/\/www.slovenci-zagreb.hr\/si\/wp-content\/uploads\/sites\/2\/2018\/02\/Krizaj4-300x225.jpg\" class=\"attachment-medium size-medium\" alt=\"\" aria-describedby=\"gallery-1-2707\" srcset=\"http:\/\/www.slovenci-zagreb.hr\/si\/wp-content\/uploads\/sites\/2\/2018\/02\/Krizaj4-200x150.jpg 200w, http:\/\/www.slovenci-zagreb.hr\/si\/wp-content\/uploads\/sites\/2\/2018\/02\/Krizaj4-300x225.jpg 300w, http:\/\/www.slovenci-zagreb.hr\/si\/wp-content\/uploads\/sites\/2\/2018\/02\/Krizaj4-400x300.jpg 400w, http:\/\/www.slovenci-zagreb.hr\/si\/wp-content\/uploads\/sites\/2\/2018\/02\/Krizaj4-600x450.jpg 600w, http:\/\/www.slovenci-zagreb.hr\/si\/wp-content\/uploads\/sites\/2\/2018\/02\/Krizaj4-768x576.jpg 768w, http:\/\/www.slovenci-zagreb.hr\/si\/wp-content\/uploads\/sites\/2\/2018\/02\/Krizaj4-800x600.jpg 800w, http:\/\/www.slovenci-zagreb.hr\/si\/wp-content\/uploads\/sites\/2\/2018\/02\/Krizaj4-1024x768.jpg 1024w, http:\/\/www.slovenci-zagreb.hr\/si\/wp-content\/uploads\/sites\/2\/2018\/02\/Krizaj4-1200x900.jpg 1200w\" sizes=\"(max-width: 300px) 100vw, 300px\" \/><\/a>\n\t\t\t<\/dt>\n\t\t\t\t<dd class='wp-caption-text gallery-caption' id='gallery-1-2707'>\n\t\t\t\tVse foto: akm\n\t\t\t\t<\/dd><\/dl><br style=\"clear: both\" \/>\n\t\t<\/div>\n\n<p>&nbsp;<\/p>\n<p>&nbsp;<\/p>\n","protected":false},"excerpt":{"rendered":"<p>Zagreb \u2013 Ob slovenskem kulturnem prazniku &#8211; Pre\u0161ernovem dnevu je bila v foajeju Hrva\u0161kega narodnega gledali\u0161\u010da predstavljena knjiga o izjemnem opernem umetniku Josipu Kri\u017eaju (Vev\u010de pri Ljubljani, 5. marec 1887 \u2013 Zagreb, 30. julij 1968), ki sodi med najve\u010dje umetni\u0161ke osebnosti v zgodovini hrva\u0161ke opere, dolgi skoraj poldrugo stoletje. Knjigo Josip Kri\u017eaj, umetnik pred svojim [&hellip;]<\/p>\n","protected":false},"author":3,"featured_media":2710,"comment_status":"closed","ping_status":"open","sticky":false,"template":"","format":"standard","meta":{"footnotes":""},"categories":[5],"tags":[],"yoast_head":"<!-- This site is optimized with the Yoast SEO plugin v22.0 - https:\/\/yoast.com\/wordpress\/plugins\/seo\/ -->\n<title>Promocija knjige o velikem opernem umetniku Josipu Kri\u017eaju | Slovenski dom in Svet slovenske nacionalne manj\u0161ine Mesta Zagreb<\/title>\n<meta name=\"robots\" content=\"index, follow, max-snippet:-1, max-image-preview:large, max-video-preview:-1\" \/>\n<link rel=\"canonical\" href=\"http:\/\/www.slovenci-zagreb.hr\/si\/promocija-knjige-o-velikem-opernem-umetniku-josipu-krizaju\/\" \/>\n<meta property=\"og:locale\" content=\"sl_SI\" \/>\n<meta property=\"og:type\" content=\"article\" \/>\n<meta property=\"og:title\" content=\"Promocija knjige o velikem opernem umetniku Josipu Kri\u017eaju | Slovenski dom in Svet slovenske nacionalne manj\u0161ine Mesta Zagreb\" \/>\n<meta property=\"og:description\" content=\"Zagreb \u2013 Ob slovenskem kulturnem prazniku &#8211; Pre\u0161ernovem dnevu je bila v foajeju Hrva\u0161kega narodnega gledali\u0161\u010da predstavljena knjiga o izjemnem opernem umetniku Josipu Kri\u017eaju (Vev\u010de pri Ljubljani, 5. marec 1887 \u2013 Zagreb, 30. julij 1968), ki sodi med najve\u010dje umetni\u0161ke osebnosti v zgodovini hrva\u0161ke opere, dolgi skoraj poldrugo stoletje. Knjigo Josip Kri\u017eaj, umetnik pred svojim [&hellip;]\" \/>\n<meta property=\"og:url\" content=\"http:\/\/www.slovenci-zagreb.hr\/si\/promocija-knjige-o-velikem-opernem-umetniku-josipu-krizaju\/\" \/>\n<meta property=\"og:site_name\" content=\"Slovenski dom in Svet slovenske nacionalne manj\u0161ine Mesta Zagreb\" \/>\n<meta property=\"article:published_time\" content=\"2018-02-06T09:00:07+00:00\" \/>\n<meta property=\"article:modified_time\" content=\"2018-02-08T11:07:50+00:00\" \/>\n<meta property=\"og:image\" content=\"http:\/\/www.slovenci-zagreb.hr\/si\/wp-content\/uploads\/sites\/2\/2018\/02\/Krizaj1-1024x768.jpg\" \/>\n\t<meta property=\"og:image:width\" content=\"1024\" \/>\n\t<meta property=\"og:image:height\" content=\"768\" \/>\n\t<meta property=\"og:image:type\" content=\"image\/jpeg\" \/>\n<meta name=\"author\" content=\"agata\" \/>\n<meta name=\"twitter:label1\" content=\"Written by\" \/>\n\t<meta name=\"twitter:data1\" content=\"agata\" \/>\n\t<meta name=\"twitter:label2\" content=\"Est. reading time\" \/>\n\t<meta name=\"twitter:data2\" content=\"1 minuta\" \/>\n<script type=\"application\/ld+json\" class=\"yoast-schema-graph\">{\"@context\":\"https:\/\/schema.org\",\"@graph\":[{\"@type\":\"WebPage\",\"@id\":\"http:\/\/www.slovenci-zagreb.hr\/si\/promocija-knjige-o-velikem-opernem-umetniku-josipu-krizaju\/\",\"url\":\"http:\/\/www.slovenci-zagreb.hr\/si\/promocija-knjige-o-velikem-opernem-umetniku-josipu-krizaju\/\",\"name\":\"Promocija knjige o velikem opernem umetniku Josipu Kri\u017eaju | Slovenski dom in Svet slovenske nacionalne manj\u0161ine Mesta Zagreb\",\"isPartOf\":{\"@id\":\"http:\/\/www.slovenci-zagreb.hr\/si\/#website\"},\"datePublished\":\"2018-02-06T09:00:07+00:00\",\"dateModified\":\"2018-02-08T11:07:50+00:00\",\"author\":{\"@id\":\"http:\/\/www.slovenci-zagreb.hr\/si\/#\/schema\/person\/a34ecc40aa73e6dd78780facef777d32\"},\"breadcrumb\":{\"@id\":\"http:\/\/www.slovenci-zagreb.hr\/si\/promocija-knjige-o-velikem-opernem-umetniku-josipu-krizaju\/#breadcrumb\"},\"inLanguage\":\"sl-SI\",\"potentialAction\":[{\"@type\":\"ReadAction\",\"target\":[\"http:\/\/www.slovenci-zagreb.hr\/si\/promocija-knjige-o-velikem-opernem-umetniku-josipu-krizaju\/\"]}]},{\"@type\":\"BreadcrumbList\",\"@id\":\"http:\/\/www.slovenci-zagreb.hr\/si\/promocija-knjige-o-velikem-opernem-umetniku-josipu-krizaju\/#breadcrumb\",\"itemListElement\":[{\"@type\":\"ListItem\",\"position\":1,\"name\":\"Home\",\"item\":\"http:\/\/www.slovenci-zagreb.hr\/si\/\"},{\"@type\":\"ListItem\",\"position\":2,\"name\":\"Promocija knjige o velikem opernem umetniku Josipu Kri\u017eaju\"}]},{\"@type\":\"WebSite\",\"@id\":\"http:\/\/www.slovenci-zagreb.hr\/si\/#website\",\"url\":\"http:\/\/www.slovenci-zagreb.hr\/si\/\",\"name\":\"Slovenski dom in Svet slovenske nacionalne manj\u0161ine Mesta Zagreb\",\"description\":\"\",\"potentialAction\":[{\"@type\":\"SearchAction\",\"target\":{\"@type\":\"EntryPoint\",\"urlTemplate\":\"http:\/\/www.slovenci-zagreb.hr\/si\/?s={search_term_string}\"},\"query-input\":\"required name=search_term_string\"}],\"inLanguage\":\"sl-SI\"},{\"@type\":\"Person\",\"@id\":\"http:\/\/www.slovenci-zagreb.hr\/si\/#\/schema\/person\/a34ecc40aa73e6dd78780facef777d32\",\"name\":\"agata\",\"image\":{\"@type\":\"ImageObject\",\"inLanguage\":\"sl-SI\",\"@id\":\"http:\/\/www.slovenci-zagreb.hr\/si\/#\/schema\/person\/image\/\",\"url\":\"http:\/\/1.gravatar.com\/avatar\/42c070b2dbf14a48e0639733f946c907?s=96&d=mm&r=g\",\"contentUrl\":\"http:\/\/1.gravatar.com\/avatar\/42c070b2dbf14a48e0639733f946c907?s=96&d=mm&r=g\",\"caption\":\"agata\"},\"url\":\"http:\/\/www.slovenci-zagreb.hr\/si\/author\/agata\/\"}]}<\/script>\n<!-- \/ Yoast SEO plugin. -->","yoast_head_json":{"title":"Promocija knjige o velikem opernem umetniku Josipu Kri\u017eaju | Slovenski dom in Svet slovenske nacionalne manj\u0161ine Mesta Zagreb","robots":{"index":"index","follow":"follow","max-snippet":"max-snippet:-1","max-image-preview":"max-image-preview:large","max-video-preview":"max-video-preview:-1"},"canonical":"http:\/\/www.slovenci-zagreb.hr\/si\/promocija-knjige-o-velikem-opernem-umetniku-josipu-krizaju\/","og_locale":"sl_SI","og_type":"article","og_title":"Promocija knjige o velikem opernem umetniku Josipu Kri\u017eaju | Slovenski dom in Svet slovenske nacionalne manj\u0161ine Mesta Zagreb","og_description":"Zagreb \u2013 Ob slovenskem kulturnem prazniku &#8211; Pre\u0161ernovem dnevu je bila v foajeju Hrva\u0161kega narodnega gledali\u0161\u010da predstavljena knjiga o izjemnem opernem umetniku Josipu Kri\u017eaju (Vev\u010de pri Ljubljani, 5. marec 1887 \u2013 Zagreb, 30. julij 1968), ki sodi med najve\u010dje umetni\u0161ke osebnosti v zgodovini hrva\u0161ke opere, dolgi skoraj poldrugo stoletje. Knjigo Josip Kri\u017eaj, umetnik pred svojim [&hellip;]","og_url":"http:\/\/www.slovenci-zagreb.hr\/si\/promocija-knjige-o-velikem-opernem-umetniku-josipu-krizaju\/","og_site_name":"Slovenski dom in Svet slovenske nacionalne manj\u0161ine Mesta Zagreb","article_published_time":"2018-02-06T09:00:07+00:00","article_modified_time":"2018-02-08T11:07:50+00:00","og_image":[{"width":1024,"height":768,"url":"http:\/\/www.slovenci-zagreb.hr\/si\/wp-content\/uploads\/sites\/2\/2018\/02\/Krizaj1-1024x768.jpg","type":"image\/jpeg"}],"author":"agata","twitter_misc":{"Written by":"agata","Est. reading time":"1 minuta"},"schema":{"@context":"https:\/\/schema.org","@graph":[{"@type":"WebPage","@id":"http:\/\/www.slovenci-zagreb.hr\/si\/promocija-knjige-o-velikem-opernem-umetniku-josipu-krizaju\/","url":"http:\/\/www.slovenci-zagreb.hr\/si\/promocija-knjige-o-velikem-opernem-umetniku-josipu-krizaju\/","name":"Promocija knjige o velikem opernem umetniku Josipu Kri\u017eaju | Slovenski dom in Svet slovenske nacionalne manj\u0161ine Mesta Zagreb","isPartOf":{"@id":"http:\/\/www.slovenci-zagreb.hr\/si\/#website"},"datePublished":"2018-02-06T09:00:07+00:00","dateModified":"2018-02-08T11:07:50+00:00","author":{"@id":"http:\/\/www.slovenci-zagreb.hr\/si\/#\/schema\/person\/a34ecc40aa73e6dd78780facef777d32"},"breadcrumb":{"@id":"http:\/\/www.slovenci-zagreb.hr\/si\/promocija-knjige-o-velikem-opernem-umetniku-josipu-krizaju\/#breadcrumb"},"inLanguage":"sl-SI","potentialAction":[{"@type":"ReadAction","target":["http:\/\/www.slovenci-zagreb.hr\/si\/promocija-knjige-o-velikem-opernem-umetniku-josipu-krizaju\/"]}]},{"@type":"BreadcrumbList","@id":"http:\/\/www.slovenci-zagreb.hr\/si\/promocija-knjige-o-velikem-opernem-umetniku-josipu-krizaju\/#breadcrumb","itemListElement":[{"@type":"ListItem","position":1,"name":"Home","item":"http:\/\/www.slovenci-zagreb.hr\/si\/"},{"@type":"ListItem","position":2,"name":"Promocija knjige o velikem opernem umetniku Josipu Kri\u017eaju"}]},{"@type":"WebSite","@id":"http:\/\/www.slovenci-zagreb.hr\/si\/#website","url":"http:\/\/www.slovenci-zagreb.hr\/si\/","name":"Slovenski dom in Svet slovenske nacionalne manj\u0161ine Mesta Zagreb","description":"","potentialAction":[{"@type":"SearchAction","target":{"@type":"EntryPoint","urlTemplate":"http:\/\/www.slovenci-zagreb.hr\/si\/?s={search_term_string}"},"query-input":"required name=search_term_string"}],"inLanguage":"sl-SI"},{"@type":"Person","@id":"http:\/\/www.slovenci-zagreb.hr\/si\/#\/schema\/person\/a34ecc40aa73e6dd78780facef777d32","name":"agata","image":{"@type":"ImageObject","inLanguage":"sl-SI","@id":"http:\/\/www.slovenci-zagreb.hr\/si\/#\/schema\/person\/image\/","url":"http:\/\/1.gravatar.com\/avatar\/42c070b2dbf14a48e0639733f946c907?s=96&d=mm&r=g","contentUrl":"http:\/\/1.gravatar.com\/avatar\/42c070b2dbf14a48e0639733f946c907?s=96&d=mm&r=g","caption":"agata"},"url":"http:\/\/www.slovenci-zagreb.hr\/si\/author\/agata\/"}]}},"_links":{"self":[{"href":"http:\/\/www.slovenci-zagreb.hr\/si\/wp-json\/wp\/v2\/posts\/2701"}],"collection":[{"href":"http:\/\/www.slovenci-zagreb.hr\/si\/wp-json\/wp\/v2\/posts"}],"about":[{"href":"http:\/\/www.slovenci-zagreb.hr\/si\/wp-json\/wp\/v2\/types\/post"}],"author":[{"embeddable":true,"href":"http:\/\/www.slovenci-zagreb.hr\/si\/wp-json\/wp\/v2\/users\/3"}],"replies":[{"embeddable":true,"href":"http:\/\/www.slovenci-zagreb.hr\/si\/wp-json\/wp\/v2\/comments?post=2701"}],"version-history":[{"count":12,"href":"http:\/\/www.slovenci-zagreb.hr\/si\/wp-json\/wp\/v2\/posts\/2701\/revisions"}],"predecessor-version":[{"id":2720,"href":"http:\/\/www.slovenci-zagreb.hr\/si\/wp-json\/wp\/v2\/posts\/2701\/revisions\/2720"}],"wp:featuredmedia":[{"embeddable":true,"href":"http:\/\/www.slovenci-zagreb.hr\/si\/wp-json\/wp\/v2\/media\/2710"}],"wp:attachment":[{"href":"http:\/\/www.slovenci-zagreb.hr\/si\/wp-json\/wp\/v2\/media?parent=2701"}],"wp:term":[{"taxonomy":"category","embeddable":true,"href":"http:\/\/www.slovenci-zagreb.hr\/si\/wp-json\/wp\/v2\/categories?post=2701"},{"taxonomy":"post_tag","embeddable":true,"href":"http:\/\/www.slovenci-zagreb.hr\/si\/wp-json\/wp\/v2\/tags?post=2701"}],"curies":[{"name":"wp","href":"https:\/\/api.w.org\/{rel}","templated":true}]}}