{"id":2922,"date":"2018-04-25T09:11:31","date_gmt":"2018-04-25T07:11:31","guid":{"rendered":"http:\/\/www.slovenci-zagreb.hr\/si\/?p=2922"},"modified":"2018-04-27T11:34:08","modified_gmt":"2018-04-27T09:34:08","slug":"140-obletnica-rojstva-pisateljice-feministke-zofke-kveder","status":"publish","type":"post","link":"http:\/\/www.slovenci-zagreb.hr\/si\/140-obletnica-rojstva-pisateljice-feministke-zofke-kveder\/","title":{"rendered":"140-letnica rojstva pisateljice in feministke Zofke Kveder"},"content":{"rendered":"<p>Zagreb \u2013 Ob 140-letnici rojstva prve slovenske profesionalne pisateljice in feministke Zofke Kveder, je bila na literarnem ve\u010deru v Slovenskem domu predstavljena knjiga zgodovinarke <strong>Mance Grgi\u0107 Renko<\/strong> Lastno \u017eivljenje \u2013 Sre\u010danje z Zofko Kveder. Avtorica je v kratki ilustrirani biografski pripovedi povzela \u017eivljenjsko pot in literarni opus inteligentne in pogumne pisateljice in feministke Zofke Kveder (22.4.1878 Ljubljana \u2013 21.11.1926 Zagreb), ki je \u017eivela za tiste \u010dase nenavadno \u017eivljenje. \u017divela je v Ko\u010devju, Ljubljani, Trstu, \u0160vici, Pragi in na koncu v Zagrebu. Borila se je za enakopravnost \u017eensk v poklicu in osebnem \u017eivljenju, za spremembe v dru\u017ebi, kar pri\u010dajo \u0161tevilni obrazi njenega pisanja \u2013 vse od krutega naturalizma do veselih prigod iz dru\u017einskega \u017eivljenja.<\/p>\n<p>Svoja razmi\u0161ljanja o Zofki Kveder so v pogovoru z voditeljico <strong>Tanjo Bor\u010di\u0107 Bernard<\/strong>, poleg avtorice knjige, odstrle tudi vnukinja Zofke Kveder<strong>&#8211;<\/strong>koreografinja in plesna pedagoginja <strong>Tihana \u0160krinjari\u0107<\/strong>, pravnukinja Zofke Kveder<strong>&#8211;<\/strong>hrva\u0161ka pisateljica za otroke <strong>Sanja Pili\u0107<\/strong> in njena h\u010derka<strong>&#8211;<\/strong>fotografinja in re\u017eiserka <strong>Vladimira Spindler<\/strong>. (akm)<\/p>\n<p>Ve\u010d v Novem odmevu 66.<\/p>\n<p>Foto: akm<\/p>\n\n\t\t<style type=\"text\/css\">\n\t\t\t#gallery-1 {\n\t\t\t\tmargin: auto;\n\t\t\t}\n\t\t\t#gallery-1 .gallery-item {\n\t\t\t\tfloat: left;\n\t\t\t\tmargin-top: 10px;\n\t\t\t\ttext-align: center;\n\t\t\t\twidth: 33%;\n\t\t\t}\n\t\t\t#gallery-1 img {\n\t\t\t\tborder: 2px solid #cfcfcf;\n\t\t\t}\n\t\t\t#gallery-1 .gallery-caption {\n\t\t\t\tmargin-left: 0;\n\t\t\t}\n\t\t\t\/* see gallery_shortcode() in wp-includes\/media.php *\/\n\t\t<\/style>\n\t\t<div id='gallery-1' class='gallery galleryid-2922 gallery-columns-3 gallery-size-medium'><dl class='gallery-item'>\n\t\t\t<dt class='gallery-icon portrait'>\n\t\t\t\t<a href='http:\/\/www.slovenci-zagreb.hr\/si\/wp-content\/uploads\/sites\/2\/2018\/04\/knjiga-Lastno-zivljenje_srecanje-z-Zofko-Kveder.jpg'><img decoding=\"async\" width=\"200\" height=\"300\" src=\"http:\/\/www.slovenci-zagreb.hr\/si\/wp-content\/uploads\/sites\/2\/2018\/04\/knjiga-Lastno-zivljenje_srecanje-z-Zofko-Kveder-200x300.jpg\" class=\"attachment-medium size-medium\" alt=\"\" aria-describedby=\"gallery-1-2931\" srcset=\"http:\/\/www.slovenci-zagreb.hr\/si\/wp-content\/uploads\/sites\/2\/2018\/04\/knjiga-Lastno-zivljenje_srecanje-z-Zofko-Kveder-200x299.jpg 200w, http:\/\/www.slovenci-zagreb.hr\/si\/wp-content\/uploads\/sites\/2\/2018\/04\/knjiga-Lastno-zivljenje_srecanje-z-Zofko-Kveder.jpg 300w\" sizes=\"(max-width: 200px) 100vw, 200px\" \/><\/a>\n\t\t\t<\/dt>\n\t\t\t\t<dd class='wp-caption-text gallery-caption' id='gallery-1-2931'>\n\t\t\t\tKnjigo je izdala Beletrina leta 2017. Avtorica v knjigi, ki jo je ilustrirala Samira Kentri\u0107 poudarja, da se ni veliko spremenilo kar se ti\u010de enakopravnosti spolov.\n\t\t\t\t<\/dd><\/dl><dl class='gallery-item'>\n\t\t\t<dt class='gallery-icon landscape'>\n\t\t\t\t<a href='http:\/\/www.slovenci-zagreb.hr\/si\/wp-content\/uploads\/sites\/2\/2018\/04\/1-1.jpg'><img decoding=\"async\" width=\"300\" height=\"225\" src=\"http:\/\/www.slovenci-zagreb.hr\/si\/wp-content\/uploads\/sites\/2\/2018\/04\/1-1-300x225.jpg\" class=\"attachment-medium size-medium\" alt=\"\" aria-describedby=\"gallery-1-2923\" srcset=\"http:\/\/www.slovenci-zagreb.hr\/si\/wp-content\/uploads\/sites\/2\/2018\/04\/1-1-200x150.jpg 200w, http:\/\/www.slovenci-zagreb.hr\/si\/wp-content\/uploads\/sites\/2\/2018\/04\/1-1-300x225.jpg 300w, http:\/\/www.slovenci-zagreb.hr\/si\/wp-content\/uploads\/sites\/2\/2018\/04\/1-1-400x300.jpg 400w, http:\/\/www.slovenci-zagreb.hr\/si\/wp-content\/uploads\/sites\/2\/2018\/04\/1-1-600x450.jpg 600w, http:\/\/www.slovenci-zagreb.hr\/si\/wp-content\/uploads\/sites\/2\/2018\/04\/1-1.jpg 700w\" sizes=\"(max-width: 300px) 100vw, 300px\" \/><\/a>\n\t\t\t<\/dt>\n\t\t\t\t<dd class='wp-caption-text gallery-caption' id='gallery-1-2923'>\n\t\t\t\tSanja Pili\u0107, Tihana \u0160krinjari\u0107, Manca Grgi\u0107 Renko, Tanja Bor\u010di\u0107 Bernard, Vladimira Spindler (z leve).\n\t\t\t\t<\/dd><\/dl><dl class='gallery-item'>\n\t\t\t<dt class='gallery-icon landscape'>\n\t\t\t\t<a href='http:\/\/www.slovenci-zagreb.hr\/si\/wp-content\/uploads\/sites\/2\/2018\/04\/2.jpg'><img decoding=\"async\" width=\"300\" height=\"225\" src=\"http:\/\/www.slovenci-zagreb.hr\/si\/wp-content\/uploads\/sites\/2\/2018\/04\/2-300x225.jpg\" class=\"attachment-medium size-medium\" alt=\"\" aria-describedby=\"gallery-1-2924\" srcset=\"http:\/\/www.slovenci-zagreb.hr\/si\/wp-content\/uploads\/sites\/2\/2018\/04\/2-200x150.jpg 200w, http:\/\/www.slovenci-zagreb.hr\/si\/wp-content\/uploads\/sites\/2\/2018\/04\/2-300x225.jpg 300w, http:\/\/www.slovenci-zagreb.hr\/si\/wp-content\/uploads\/sites\/2\/2018\/04\/2-400x300.jpg 400w, http:\/\/www.slovenci-zagreb.hr\/si\/wp-content\/uploads\/sites\/2\/2018\/04\/2-600x450.jpg 600w, http:\/\/www.slovenci-zagreb.hr\/si\/wp-content\/uploads\/sites\/2\/2018\/04\/2.jpg 700w\" sizes=\"(max-width: 300px) 100vw, 300px\" \/><\/a>\n\t\t\t<\/dt>\n\t\t\t\t<dd class='wp-caption-text gallery-caption' id='gallery-1-2924'>\n\t\t\t\tVeleposlanica Republike Slovenije na Hrva\u0161kem dr. Smiljana Knez, predsednik Slovenskega doma in SSNM MZ Darko \u0160onc, soprog od Tihane \u0160krinjari\u0107 Branko Gavrin, minister svetovalec iz slovenskega veleposlani\u0161tva Matja\u017e Marko (prva vrsta z leve).\n\t\t\t\t<\/dd><\/dl><br style=\"clear: both\" \/><dl class='gallery-item'>\n\t\t\t<dt class='gallery-icon portrait'>\n\t\t\t\t<a href='http:\/\/www.slovenci-zagreb.hr\/si\/wp-content\/uploads\/sites\/2\/2018\/04\/3-1.jpg'><img decoding=\"async\" width=\"225\" height=\"300\" src=\"http:\/\/www.slovenci-zagreb.hr\/si\/wp-content\/uploads\/sites\/2\/2018\/04\/3-1-225x300.jpg\" class=\"attachment-medium size-medium\" alt=\"\" srcset=\"http:\/\/www.slovenci-zagreb.hr\/si\/wp-content\/uploads\/sites\/2\/2018\/04\/3-1-200x267.jpg 200w, http:\/\/www.slovenci-zagreb.hr\/si\/wp-content\/uploads\/sites\/2\/2018\/04\/3-1-225x300.jpg 225w, http:\/\/www.slovenci-zagreb.hr\/si\/wp-content\/uploads\/sites\/2\/2018\/04\/3-1-400x533.jpg 400w, http:\/\/www.slovenci-zagreb.hr\/si\/wp-content\/uploads\/sites\/2\/2018\/04\/3-1-600x800.jpg 600w, http:\/\/www.slovenci-zagreb.hr\/si\/wp-content\/uploads\/sites\/2\/2018\/04\/3-1.jpg 700w\" sizes=\"(max-width: 225px) 100vw, 225px\" \/><\/a>\n\t\t\t<\/dt><\/dl><dl class='gallery-item'>\n\t\t\t<dt class='gallery-icon landscape'>\n\t\t\t\t<a href='http:\/\/www.slovenci-zagreb.hr\/si\/wp-content\/uploads\/sites\/2\/2018\/04\/5-2.jpg'><img decoding=\"async\" width=\"300\" height=\"225\" src=\"http:\/\/www.slovenci-zagreb.hr\/si\/wp-content\/uploads\/sites\/2\/2018\/04\/5-2-300x225.jpg\" class=\"attachment-medium size-medium\" alt=\"\" srcset=\"http:\/\/www.slovenci-zagreb.hr\/si\/wp-content\/uploads\/sites\/2\/2018\/04\/5-2-200x150.jpg 200w, http:\/\/www.slovenci-zagreb.hr\/si\/wp-content\/uploads\/sites\/2\/2018\/04\/5-2-300x225.jpg 300w, http:\/\/www.slovenci-zagreb.hr\/si\/wp-content\/uploads\/sites\/2\/2018\/04\/5-2-400x300.jpg 400w, http:\/\/www.slovenci-zagreb.hr\/si\/wp-content\/uploads\/sites\/2\/2018\/04\/5-2-600x450.jpg 600w, http:\/\/www.slovenci-zagreb.hr\/si\/wp-content\/uploads\/sites\/2\/2018\/04\/5-2.jpg 700w\" sizes=\"(max-width: 300px) 100vw, 300px\" \/><\/a>\n\t\t\t<\/dt><\/dl><dl class='gallery-item'>\n\t\t\t<dt class='gallery-icon landscape'>\n\t\t\t\t<a href='http:\/\/www.slovenci-zagreb.hr\/si\/wp-content\/uploads\/sites\/2\/2018\/04\/4-2.jpg'><img decoding=\"async\" width=\"300\" height=\"225\" src=\"http:\/\/www.slovenci-zagreb.hr\/si\/wp-content\/uploads\/sites\/2\/2018\/04\/4-2-300x225.jpg\" class=\"attachment-medium size-medium\" alt=\"\" srcset=\"http:\/\/www.slovenci-zagreb.hr\/si\/wp-content\/uploads\/sites\/2\/2018\/04\/4-2-200x150.jpg 200w, http:\/\/www.slovenci-zagreb.hr\/si\/wp-content\/uploads\/sites\/2\/2018\/04\/4-2-300x225.jpg 300w, http:\/\/www.slovenci-zagreb.hr\/si\/wp-content\/uploads\/sites\/2\/2018\/04\/4-2-400x300.jpg 400w, http:\/\/www.slovenci-zagreb.hr\/si\/wp-content\/uploads\/sites\/2\/2018\/04\/4-2-600x450.jpg 600w, http:\/\/www.slovenci-zagreb.hr\/si\/wp-content\/uploads\/sites\/2\/2018\/04\/4-2.jpg 700w\" sizes=\"(max-width: 300px) 100vw, 300px\" \/><\/a>\n\t\t\t<\/dt><\/dl><br style=\"clear: both\" \/><dl class='gallery-item'>\n\t\t\t<dt class='gallery-icon landscape'>\n\t\t\t\t<a href='http:\/\/www.slovenci-zagreb.hr\/si\/wp-content\/uploads\/sites\/2\/2018\/04\/8-1.jpg'><img decoding=\"async\" width=\"300\" height=\"225\" src=\"http:\/\/www.slovenci-zagreb.hr\/si\/wp-content\/uploads\/sites\/2\/2018\/04\/8-1-300x225.jpg\" class=\"attachment-medium size-medium\" alt=\"\" aria-describedby=\"gallery-1-2930\" srcset=\"http:\/\/www.slovenci-zagreb.hr\/si\/wp-content\/uploads\/sites\/2\/2018\/04\/8-1-200x150.jpg 200w, http:\/\/www.slovenci-zagreb.hr\/si\/wp-content\/uploads\/sites\/2\/2018\/04\/8-1-300x225.jpg 300w, http:\/\/www.slovenci-zagreb.hr\/si\/wp-content\/uploads\/sites\/2\/2018\/04\/8-1-400x300.jpg 400w, http:\/\/www.slovenci-zagreb.hr\/si\/wp-content\/uploads\/sites\/2\/2018\/04\/8-1-600x450.jpg 600w, http:\/\/www.slovenci-zagreb.hr\/si\/wp-content\/uploads\/sites\/2\/2018\/04\/8-1.jpg 700w\" sizes=\"(max-width: 300px) 100vw, 300px\" \/><\/a>\n\t\t\t<\/dt>\n\t\t\t\t<dd class='wp-caption-text gallery-caption' id='gallery-1-2930'>\n\t\t\t\tVladimira Spindler, Tihana \u0160krinjari\u0107, Sanja Pili\u0107 (z leve).\n\t\t\t\t<\/dd><\/dl><dl class='gallery-item'>\n\t\t\t<dt class='gallery-icon landscape'>\n\t\t\t\t<a href='http:\/\/www.slovenci-zagreb.hr\/si\/wp-content\/uploads\/sites\/2\/2018\/04\/7-2.jpg'><img decoding=\"async\" width=\"300\" height=\"225\" src=\"http:\/\/www.slovenci-zagreb.hr\/si\/wp-content\/uploads\/sites\/2\/2018\/04\/7-2-300x225.jpg\" class=\"attachment-medium size-medium\" alt=\"\" aria-describedby=\"gallery-1-2929\" srcset=\"http:\/\/www.slovenci-zagreb.hr\/si\/wp-content\/uploads\/sites\/2\/2018\/04\/7-2-200x150.jpg 200w, http:\/\/www.slovenci-zagreb.hr\/si\/wp-content\/uploads\/sites\/2\/2018\/04\/7-2-300x225.jpg 300w, http:\/\/www.slovenci-zagreb.hr\/si\/wp-content\/uploads\/sites\/2\/2018\/04\/7-2-400x300.jpg 400w, http:\/\/www.slovenci-zagreb.hr\/si\/wp-content\/uploads\/sites\/2\/2018\/04\/7-2-600x450.jpg 600w, http:\/\/www.slovenci-zagreb.hr\/si\/wp-content\/uploads\/sites\/2\/2018\/04\/7-2.jpg 700w\" sizes=\"(max-width: 300px) 100vw, 300px\" \/><\/a>\n\t\t\t<\/dt>\n\t\t\t\t<dd class='wp-caption-text gallery-caption' id='gallery-1-2929'>\n\t\t\t\tVodja oddelka za ju\u017enoslovanske jezike in knji\u017eevnosti na Filozofski fakulteti v Zagrebu dr. sc. Anita Peti-Stanti\u0107, Tihana \u0160krinjari\u0107, Vladimira Spindler, Manca Grgi\u0107 Renko, Sanja Pili\u0107, Smiljana Knez, Tanja Bor\u010di\u0107 Bernard (z leve).\n\t\t\t\t<\/dd><\/dl><dl class='gallery-item'>\n\t\t\t<dt class='gallery-icon landscape'>\n\t\t\t\t<a href='http:\/\/www.slovenci-zagreb.hr\/si\/wp-content\/uploads\/sites\/2\/2018\/04\/6-2.jpg'><img decoding=\"async\" width=\"300\" height=\"225\" src=\"http:\/\/www.slovenci-zagreb.hr\/si\/wp-content\/uploads\/sites\/2\/2018\/04\/6-2-300x225.jpg\" class=\"attachment-medium size-medium\" alt=\"\" srcset=\"http:\/\/www.slovenci-zagreb.hr\/si\/wp-content\/uploads\/sites\/2\/2018\/04\/6-2-200x150.jpg 200w, http:\/\/www.slovenci-zagreb.hr\/si\/wp-content\/uploads\/sites\/2\/2018\/04\/6-2-300x225.jpg 300w, http:\/\/www.slovenci-zagreb.hr\/si\/wp-content\/uploads\/sites\/2\/2018\/04\/6-2-400x300.jpg 400w, http:\/\/www.slovenci-zagreb.hr\/si\/wp-content\/uploads\/sites\/2\/2018\/04\/6-2-600x450.jpg 600w, http:\/\/www.slovenci-zagreb.hr\/si\/wp-content\/uploads\/sites\/2\/2018\/04\/6-2.jpg 700w\" sizes=\"(max-width: 300px) 100vw, 300px\" \/><\/a>\n\t\t\t<\/dt><\/dl><br style=\"clear: both\" \/>\n\t\t<\/div>\n\n<p>&nbsp;<\/p>\n","protected":false},"excerpt":{"rendered":"<p>Zagreb \u2013 Ob 140-letnici rojstva prve slovenske profesionalne pisateljice in feministke Zofke Kveder, je bila na literarnem ve\u010deru v Slovenskem domu predstavljena knjiga zgodovinarke Mance Grgi\u0107 Renko Lastno \u017eivljenje \u2013 Sre\u010danje z Zofko Kveder. Avtorica je v kratki ilustrirani biografski pripovedi povzela \u017eivljenjsko pot in literarni opus inteligentne in pogumne pisateljice in feministke Zofke Kveder [&hellip;]<\/p>\n","protected":false},"author":3,"featured_media":2935,"comment_status":"closed","ping_status":"open","sticky":false,"template":"","format":"standard","meta":{"footnotes":""},"categories":[5],"tags":[],"yoast_head":"<!-- This site is optimized with the Yoast SEO plugin v22.0 - https:\/\/yoast.com\/wordpress\/plugins\/seo\/ -->\n<title>140-letnica rojstva pisateljice in feministke Zofke Kveder | Slovenski dom in Svet slovenske nacionalne manj\u0161ine Mesta Zagreb<\/title>\n<meta name=\"robots\" content=\"index, follow, max-snippet:-1, max-image-preview:large, max-video-preview:-1\" \/>\n<link rel=\"canonical\" href=\"https:\/\/www.slovenci-zagreb.hr\/si\/140-obletnica-rojstva-pisateljice-feministke-zofke-kveder\/\" \/>\n<meta property=\"og:locale\" content=\"sl_SI\" \/>\n<meta property=\"og:type\" content=\"article\" \/>\n<meta property=\"og:title\" content=\"140-letnica rojstva pisateljice in feministke Zofke Kveder | Slovenski dom in Svet slovenske nacionalne manj\u0161ine Mesta Zagreb\" \/>\n<meta property=\"og:description\" content=\"Zagreb \u2013 Ob 140-letnici rojstva prve slovenske profesionalne pisateljice in feministke Zofke Kveder, je bila na literarnem ve\u010deru v Slovenskem domu predstavljena knjiga zgodovinarke Mance Grgi\u0107 Renko Lastno \u017eivljenje \u2013 Sre\u010danje z Zofko Kveder. Avtorica je v kratki ilustrirani biografski pripovedi povzela \u017eivljenjsko pot in literarni opus inteligentne in pogumne pisateljice in feministke Zofke Kveder [&hellip;]\" \/>\n<meta property=\"og:url\" content=\"https:\/\/www.slovenci-zagreb.hr\/si\/140-obletnica-rojstva-pisateljice-feministke-zofke-kveder\/\" \/>\n<meta property=\"og:site_name\" content=\"Slovenski dom in Svet slovenske nacionalne manj\u0161ine Mesta Zagreb\" \/>\n<meta property=\"article:published_time\" content=\"2018-04-25T07:11:31+00:00\" \/>\n<meta property=\"article:modified_time\" content=\"2018-04-27T09:34:08+00:00\" \/>\n<meta property=\"og:image\" content=\"https:\/\/www.slovenci-zagreb.hr\/si\/wp-content\/uploads\/sites\/2\/2018\/04\/knjiga-Lastno-zivljenje_srecanje-z-Zofko-Kveder.png\" \/>\n\t<meta property=\"og:image:width\" content=\"767\" \/>\n\t<meta property=\"og:image:height\" content=\"512\" \/>\n\t<meta property=\"og:image:type\" content=\"image\/png\" \/>\n<meta name=\"author\" content=\"agata\" \/>\n<meta name=\"twitter:label1\" content=\"Written by\" \/>\n\t<meta name=\"twitter:data1\" content=\"agata\" \/>\n\t<meta name=\"twitter:label2\" content=\"Est. reading time\" \/>\n\t<meta name=\"twitter:data2\" content=\"1 minuta\" \/>\n<script type=\"application\/ld+json\" class=\"yoast-schema-graph\">{\"@context\":\"https:\/\/schema.org\",\"@graph\":[{\"@type\":\"WebPage\",\"@id\":\"https:\/\/www.slovenci-zagreb.hr\/si\/140-obletnica-rojstva-pisateljice-feministke-zofke-kveder\/\",\"url\":\"https:\/\/www.slovenci-zagreb.hr\/si\/140-obletnica-rojstva-pisateljice-feministke-zofke-kveder\/\",\"name\":\"140-letnica rojstva pisateljice in feministke Zofke Kveder | Slovenski dom in Svet slovenske nacionalne manj\u0161ine Mesta Zagreb\",\"isPartOf\":{\"@id\":\"http:\/\/www.slovenci-zagreb.hr\/si\/#website\"},\"datePublished\":\"2018-04-25T07:11:31+00:00\",\"dateModified\":\"2018-04-27T09:34:08+00:00\",\"author\":{\"@id\":\"http:\/\/www.slovenci-zagreb.hr\/si\/#\/schema\/person\/a34ecc40aa73e6dd78780facef777d32\"},\"breadcrumb\":{\"@id\":\"https:\/\/www.slovenci-zagreb.hr\/si\/140-obletnica-rojstva-pisateljice-feministke-zofke-kveder\/#breadcrumb\"},\"inLanguage\":\"sl-SI\",\"potentialAction\":[{\"@type\":\"ReadAction\",\"target\":[\"https:\/\/www.slovenci-zagreb.hr\/si\/140-obletnica-rojstva-pisateljice-feministke-zofke-kveder\/\"]}]},{\"@type\":\"BreadcrumbList\",\"@id\":\"https:\/\/www.slovenci-zagreb.hr\/si\/140-obletnica-rojstva-pisateljice-feministke-zofke-kveder\/#breadcrumb\",\"itemListElement\":[{\"@type\":\"ListItem\",\"position\":1,\"name\":\"Home\",\"item\":\"http:\/\/www.slovenci-zagreb.hr\/si\/\"},{\"@type\":\"ListItem\",\"position\":2,\"name\":\"140-letnica rojstva pisateljice in feministke Zofke Kveder\"}]},{\"@type\":\"WebSite\",\"@id\":\"http:\/\/www.slovenci-zagreb.hr\/si\/#website\",\"url\":\"http:\/\/www.slovenci-zagreb.hr\/si\/\",\"name\":\"Slovenski dom in Svet slovenske nacionalne manj\u0161ine Mesta Zagreb\",\"description\":\"\",\"potentialAction\":[{\"@type\":\"SearchAction\",\"target\":{\"@type\":\"EntryPoint\",\"urlTemplate\":\"http:\/\/www.slovenci-zagreb.hr\/si\/?s={search_term_string}\"},\"query-input\":\"required name=search_term_string\"}],\"inLanguage\":\"sl-SI\"},{\"@type\":\"Person\",\"@id\":\"http:\/\/www.slovenci-zagreb.hr\/si\/#\/schema\/person\/a34ecc40aa73e6dd78780facef777d32\",\"name\":\"agata\",\"image\":{\"@type\":\"ImageObject\",\"inLanguage\":\"sl-SI\",\"@id\":\"http:\/\/www.slovenci-zagreb.hr\/si\/#\/schema\/person\/image\/\",\"url\":\"http:\/\/1.gravatar.com\/avatar\/42c070b2dbf14a48e0639733f946c907?s=96&d=mm&r=g\",\"contentUrl\":\"http:\/\/1.gravatar.com\/avatar\/42c070b2dbf14a48e0639733f946c907?s=96&d=mm&r=g\",\"caption\":\"agata\"},\"url\":\"http:\/\/www.slovenci-zagreb.hr\/si\/author\/agata\/\"}]}<\/script>\n<!-- \/ Yoast SEO plugin. -->","yoast_head_json":{"title":"140-letnica rojstva pisateljice in feministke Zofke Kveder | Slovenski dom in Svet slovenske nacionalne manj\u0161ine Mesta Zagreb","robots":{"index":"index","follow":"follow","max-snippet":"max-snippet:-1","max-image-preview":"max-image-preview:large","max-video-preview":"max-video-preview:-1"},"canonical":"https:\/\/www.slovenci-zagreb.hr\/si\/140-obletnica-rojstva-pisateljice-feministke-zofke-kveder\/","og_locale":"sl_SI","og_type":"article","og_title":"140-letnica rojstva pisateljice in feministke Zofke Kveder | Slovenski dom in Svet slovenske nacionalne manj\u0161ine Mesta Zagreb","og_description":"Zagreb \u2013 Ob 140-letnici rojstva prve slovenske profesionalne pisateljice in feministke Zofke Kveder, je bila na literarnem ve\u010deru v Slovenskem domu predstavljena knjiga zgodovinarke Mance Grgi\u0107 Renko Lastno \u017eivljenje \u2013 Sre\u010danje z Zofko Kveder. Avtorica je v kratki ilustrirani biografski pripovedi povzela \u017eivljenjsko pot in literarni opus inteligentne in pogumne pisateljice in feministke Zofke Kveder [&hellip;]","og_url":"https:\/\/www.slovenci-zagreb.hr\/si\/140-obletnica-rojstva-pisateljice-feministke-zofke-kveder\/","og_site_name":"Slovenski dom in Svet slovenske nacionalne manj\u0161ine Mesta Zagreb","article_published_time":"2018-04-25T07:11:31+00:00","article_modified_time":"2018-04-27T09:34:08+00:00","og_image":[{"width":767,"height":512,"url":"https:\/\/www.slovenci-zagreb.hr\/si\/wp-content\/uploads\/sites\/2\/2018\/04\/knjiga-Lastno-zivljenje_srecanje-z-Zofko-Kveder.png","type":"image\/png"}],"author":"agata","twitter_misc":{"Written by":"agata","Est. reading time":"1 minuta"},"schema":{"@context":"https:\/\/schema.org","@graph":[{"@type":"WebPage","@id":"https:\/\/www.slovenci-zagreb.hr\/si\/140-obletnica-rojstva-pisateljice-feministke-zofke-kveder\/","url":"https:\/\/www.slovenci-zagreb.hr\/si\/140-obletnica-rojstva-pisateljice-feministke-zofke-kveder\/","name":"140-letnica rojstva pisateljice in feministke Zofke Kveder | Slovenski dom in Svet slovenske nacionalne manj\u0161ine Mesta Zagreb","isPartOf":{"@id":"http:\/\/www.slovenci-zagreb.hr\/si\/#website"},"datePublished":"2018-04-25T07:11:31+00:00","dateModified":"2018-04-27T09:34:08+00:00","author":{"@id":"http:\/\/www.slovenci-zagreb.hr\/si\/#\/schema\/person\/a34ecc40aa73e6dd78780facef777d32"},"breadcrumb":{"@id":"https:\/\/www.slovenci-zagreb.hr\/si\/140-obletnica-rojstva-pisateljice-feministke-zofke-kveder\/#breadcrumb"},"inLanguage":"sl-SI","potentialAction":[{"@type":"ReadAction","target":["https:\/\/www.slovenci-zagreb.hr\/si\/140-obletnica-rojstva-pisateljice-feministke-zofke-kveder\/"]}]},{"@type":"BreadcrumbList","@id":"https:\/\/www.slovenci-zagreb.hr\/si\/140-obletnica-rojstva-pisateljice-feministke-zofke-kveder\/#breadcrumb","itemListElement":[{"@type":"ListItem","position":1,"name":"Home","item":"http:\/\/www.slovenci-zagreb.hr\/si\/"},{"@type":"ListItem","position":2,"name":"140-letnica rojstva pisateljice in feministke Zofke Kveder"}]},{"@type":"WebSite","@id":"http:\/\/www.slovenci-zagreb.hr\/si\/#website","url":"http:\/\/www.slovenci-zagreb.hr\/si\/","name":"Slovenski dom in Svet slovenske nacionalne manj\u0161ine Mesta Zagreb","description":"","potentialAction":[{"@type":"SearchAction","target":{"@type":"EntryPoint","urlTemplate":"http:\/\/www.slovenci-zagreb.hr\/si\/?s={search_term_string}"},"query-input":"required name=search_term_string"}],"inLanguage":"sl-SI"},{"@type":"Person","@id":"http:\/\/www.slovenci-zagreb.hr\/si\/#\/schema\/person\/a34ecc40aa73e6dd78780facef777d32","name":"agata","image":{"@type":"ImageObject","inLanguage":"sl-SI","@id":"http:\/\/www.slovenci-zagreb.hr\/si\/#\/schema\/person\/image\/","url":"http:\/\/1.gravatar.com\/avatar\/42c070b2dbf14a48e0639733f946c907?s=96&d=mm&r=g","contentUrl":"http:\/\/1.gravatar.com\/avatar\/42c070b2dbf14a48e0639733f946c907?s=96&d=mm&r=g","caption":"agata"},"url":"http:\/\/www.slovenci-zagreb.hr\/si\/author\/agata\/"}]}},"_links":{"self":[{"href":"http:\/\/www.slovenci-zagreb.hr\/si\/wp-json\/wp\/v2\/posts\/2922"}],"collection":[{"href":"http:\/\/www.slovenci-zagreb.hr\/si\/wp-json\/wp\/v2\/posts"}],"about":[{"href":"http:\/\/www.slovenci-zagreb.hr\/si\/wp-json\/wp\/v2\/types\/post"}],"author":[{"embeddable":true,"href":"http:\/\/www.slovenci-zagreb.hr\/si\/wp-json\/wp\/v2\/users\/3"}],"replies":[{"embeddable":true,"href":"http:\/\/www.slovenci-zagreb.hr\/si\/wp-json\/wp\/v2\/comments?post=2922"}],"version-history":[{"count":4,"href":"http:\/\/www.slovenci-zagreb.hr\/si\/wp-json\/wp\/v2\/posts\/2922\/revisions"}],"predecessor-version":[{"id":2937,"href":"http:\/\/www.slovenci-zagreb.hr\/si\/wp-json\/wp\/v2\/posts\/2922\/revisions\/2937"}],"wp:featuredmedia":[{"embeddable":true,"href":"http:\/\/www.slovenci-zagreb.hr\/si\/wp-json\/wp\/v2\/media\/2935"}],"wp:attachment":[{"href":"http:\/\/www.slovenci-zagreb.hr\/si\/wp-json\/wp\/v2\/media?parent=2922"}],"wp:term":[{"taxonomy":"category","embeddable":true,"href":"http:\/\/www.slovenci-zagreb.hr\/si\/wp-json\/wp\/v2\/categories?post=2922"},{"taxonomy":"post_tag","embeddable":true,"href":"http:\/\/www.slovenci-zagreb.hr\/si\/wp-json\/wp\/v2\/tags?post=2922"}],"curies":[{"name":"wp","href":"https:\/\/api.w.org\/{rel}","templated":true}]}}