{"id":3332,"date":"2018-11-08T13:04:15","date_gmt":"2018-11-08T12:04:15","guid":{"rendered":"http:\/\/www.slovenci-zagreb.hr\/si\/?p=3332"},"modified":"2018-11-09T09:52:07","modified_gmt":"2018-11-09T08:52:07","slug":"16-11-2018-ob-20-uri-koncert-harfe-katja-sumecnik","status":"publish","type":"post","link":"http:\/\/www.slovenci-zagreb.hr\/si\/16-11-2018-ob-20-uri-koncert-harfe-katja-sumecnik\/","title":{"rendered":"16.11.2018. ob 20. uri: koncert harfe Katja \u0160ume\u010dnik"},"content":{"rendered":"<p><em>Spo\u0161tovani \u010dlani in prijatelji!<\/em><\/p>\n<p><em>V sklopu mednarodnega Zagreb\u0161kega festivala harfe Vas v<\/em><em>ljudno vabimo na<\/em><\/p>\n<p><strong><em>\u00a0 \u00a0 \u00a0 \u00a0 \u00a0 \u00a0 \u00a0 \u00a0KONCERT HARFE<\/em><\/strong><\/p>\n<p><strong><em>KATJA \u0160UME\u010cNIK &#8211; <\/em><\/strong><strong><em>My favourites,<\/em><\/strong><\/p>\n<p><strong><em>v petek, 16. novembra 201, ob 20. uri v<\/em><\/strong><\/p>\n<p><strong><em>Slovenski dom, Masarykova 13\/1, Zagreb.<\/em><\/strong><\/p>\n<p><em>Gostji koncerta:<strong> Duo Fermata (Mirta Lice-harfa, Barbara Pol\u0161ek Sokolovi\u0107-violina).<\/strong><\/em><\/p>\n","protected":false},"excerpt":{"rendered":"<p>Spo\u0161tovani \u010dlani in prijatelji! V sklopu mednarodnega Zagreb\u0161kega festivala harfe Vas vljudno vabimo na \u00a0 \u00a0 \u00a0 \u00a0 \u00a0 \u00a0 \u00a0 \u00a0KONCERT HARFE KATJA \u0160UME\u010cNIK &#8211; My favourites, v petek, 16. novembra 201, ob 20. uri v Slovenski dom, Masarykova 13\/1, Zagreb. Gostji koncerta: Duo Fermata (Mirta Lice-harfa, Barbara Pol\u0161ek Sokolovi\u0107-violina).<\/p>\n","protected":false},"author":3,"featured_media":0,"comment_status":"closed","ping_status":"open","sticky":false,"template":"","format":"standard","meta":{"footnotes":""},"categories":[3],"tags":[],"yoast_head":"<!-- This site is optimized with the Yoast SEO plugin v22.0 - https:\/\/yoast.com\/wordpress\/plugins\/seo\/ -->\n<title>16.11.2018. ob 20. uri: koncert harfe Katja \u0160ume\u010dnik | Slovenski dom in Svet slovenske nacionalne manj\u0161ine Mesta Zagreb<\/title>\n<meta name=\"robots\" content=\"index, follow, max-snippet:-1, max-image-preview:large, max-video-preview:-1\" \/>\n<link rel=\"canonical\" href=\"http:\/\/www.slovenci-zagreb.hr\/si\/16-11-2018-ob-20-uri-koncert-harfe-katja-sumecnik\/\" \/>\n<meta property=\"og:locale\" content=\"sl_SI\" \/>\n<meta property=\"og:type\" content=\"article\" \/>\n<meta property=\"og:title\" content=\"16.11.2018. ob 20. uri: koncert harfe Katja \u0160ume\u010dnik | Slovenski dom in Svet slovenske nacionalne manj\u0161ine Mesta Zagreb\" \/>\n<meta property=\"og:description\" content=\"Spo\u0161tovani \u010dlani in prijatelji! V sklopu mednarodnega Zagreb\u0161kega festivala harfe Vas vljudno vabimo na \u00a0 \u00a0 \u00a0 \u00a0 \u00a0 \u00a0 \u00a0 \u00a0KONCERT HARFE KATJA \u0160UME\u010cNIK &#8211; My favourites, v petek, 16. novembra 201, ob 20. uri v Slovenski dom, Masarykova 13\/1, Zagreb. Gostji koncerta: Duo Fermata (Mirta Lice-harfa, Barbara Pol\u0161ek Sokolovi\u0107-violina).\" \/>\n<meta property=\"og:url\" content=\"http:\/\/www.slovenci-zagreb.hr\/si\/16-11-2018-ob-20-uri-koncert-harfe-katja-sumecnik\/\" \/>\n<meta property=\"og:site_name\" content=\"Slovenski dom in Svet slovenske nacionalne manj\u0161ine Mesta Zagreb\" \/>\n<meta property=\"article:published_time\" content=\"2018-11-08T12:04:15+00:00\" \/>\n<meta property=\"article:modified_time\" content=\"2018-11-09T08:52:07+00:00\" \/>\n<meta name=\"author\" content=\"agata\" \/>\n<meta name=\"twitter:label1\" content=\"Written by\" \/>\n\t<meta name=\"twitter:data1\" content=\"agata\" \/>\n<script type=\"application\/ld+json\" class=\"yoast-schema-graph\">{\"@context\":\"https:\/\/schema.org\",\"@graph\":[{\"@type\":\"WebPage\",\"@id\":\"http:\/\/www.slovenci-zagreb.hr\/si\/16-11-2018-ob-20-uri-koncert-harfe-katja-sumecnik\/\",\"url\":\"http:\/\/www.slovenci-zagreb.hr\/si\/16-11-2018-ob-20-uri-koncert-harfe-katja-sumecnik\/\",\"name\":\"16.11.2018. ob 20. uri: koncert harfe Katja \u0160ume\u010dnik | Slovenski dom in Svet slovenske nacionalne manj\u0161ine Mesta Zagreb\",\"isPartOf\":{\"@id\":\"http:\/\/www.slovenci-zagreb.hr\/si\/#website\"},\"datePublished\":\"2018-11-08T12:04:15+00:00\",\"dateModified\":\"2018-11-09T08:52:07+00:00\",\"author\":{\"@id\":\"http:\/\/www.slovenci-zagreb.hr\/si\/#\/schema\/person\/a34ecc40aa73e6dd78780facef777d32\"},\"breadcrumb\":{\"@id\":\"http:\/\/www.slovenci-zagreb.hr\/si\/16-11-2018-ob-20-uri-koncert-harfe-katja-sumecnik\/#breadcrumb\"},\"inLanguage\":\"sl-SI\",\"potentialAction\":[{\"@type\":\"ReadAction\",\"target\":[\"http:\/\/www.slovenci-zagreb.hr\/si\/16-11-2018-ob-20-uri-koncert-harfe-katja-sumecnik\/\"]}]},{\"@type\":\"BreadcrumbList\",\"@id\":\"http:\/\/www.slovenci-zagreb.hr\/si\/16-11-2018-ob-20-uri-koncert-harfe-katja-sumecnik\/#breadcrumb\",\"itemListElement\":[{\"@type\":\"ListItem\",\"position\":1,\"name\":\"Home\",\"item\":\"http:\/\/www.slovenci-zagreb.hr\/si\/\"},{\"@type\":\"ListItem\",\"position\":2,\"name\":\"16.11.2018. ob 20. uri: koncert harfe Katja \u0160ume\u010dnik\"}]},{\"@type\":\"WebSite\",\"@id\":\"http:\/\/www.slovenci-zagreb.hr\/si\/#website\",\"url\":\"http:\/\/www.slovenci-zagreb.hr\/si\/\",\"name\":\"Slovenski dom in Svet slovenske nacionalne manj\u0161ine Mesta Zagreb\",\"description\":\"\",\"potentialAction\":[{\"@type\":\"SearchAction\",\"target\":{\"@type\":\"EntryPoint\",\"urlTemplate\":\"http:\/\/www.slovenci-zagreb.hr\/si\/?s={search_term_string}\"},\"query-input\":\"required name=search_term_string\"}],\"inLanguage\":\"sl-SI\"},{\"@type\":\"Person\",\"@id\":\"http:\/\/www.slovenci-zagreb.hr\/si\/#\/schema\/person\/a34ecc40aa73e6dd78780facef777d32\",\"name\":\"agata\",\"image\":{\"@type\":\"ImageObject\",\"inLanguage\":\"sl-SI\",\"@id\":\"http:\/\/www.slovenci-zagreb.hr\/si\/#\/schema\/person\/image\/\",\"url\":\"http:\/\/1.gravatar.com\/avatar\/42c070b2dbf14a48e0639733f946c907?s=96&d=mm&r=g\",\"contentUrl\":\"http:\/\/1.gravatar.com\/avatar\/42c070b2dbf14a48e0639733f946c907?s=96&d=mm&r=g\",\"caption\":\"agata\"},\"url\":\"http:\/\/www.slovenci-zagreb.hr\/si\/author\/agata\/\"}]}<\/script>\n<!-- \/ Yoast SEO plugin. -->","yoast_head_json":{"title":"16.11.2018. ob 20. uri: koncert harfe Katja \u0160ume\u010dnik | Slovenski dom in Svet slovenske nacionalne manj\u0161ine Mesta Zagreb","robots":{"index":"index","follow":"follow","max-snippet":"max-snippet:-1","max-image-preview":"max-image-preview:large","max-video-preview":"max-video-preview:-1"},"canonical":"http:\/\/www.slovenci-zagreb.hr\/si\/16-11-2018-ob-20-uri-koncert-harfe-katja-sumecnik\/","og_locale":"sl_SI","og_type":"article","og_title":"16.11.2018. ob 20. uri: koncert harfe Katja \u0160ume\u010dnik | Slovenski dom in Svet slovenske nacionalne manj\u0161ine Mesta Zagreb","og_description":"Spo\u0161tovani \u010dlani in prijatelji! V sklopu mednarodnega Zagreb\u0161kega festivala harfe Vas vljudno vabimo na \u00a0 \u00a0 \u00a0 \u00a0 \u00a0 \u00a0 \u00a0 \u00a0KONCERT HARFE KATJA \u0160UME\u010cNIK &#8211; My favourites, v petek, 16. novembra 201, ob 20. uri v Slovenski dom, Masarykova 13\/1, Zagreb. Gostji koncerta: Duo Fermata (Mirta Lice-harfa, Barbara Pol\u0161ek Sokolovi\u0107-violina).","og_url":"http:\/\/www.slovenci-zagreb.hr\/si\/16-11-2018-ob-20-uri-koncert-harfe-katja-sumecnik\/","og_site_name":"Slovenski dom in Svet slovenske nacionalne manj\u0161ine Mesta Zagreb","article_published_time":"2018-11-08T12:04:15+00:00","article_modified_time":"2018-11-09T08:52:07+00:00","author":"agata","twitter_misc":{"Written by":"agata"},"schema":{"@context":"https:\/\/schema.org","@graph":[{"@type":"WebPage","@id":"http:\/\/www.slovenci-zagreb.hr\/si\/16-11-2018-ob-20-uri-koncert-harfe-katja-sumecnik\/","url":"http:\/\/www.slovenci-zagreb.hr\/si\/16-11-2018-ob-20-uri-koncert-harfe-katja-sumecnik\/","name":"16.11.2018. ob 20. uri: koncert harfe Katja \u0160ume\u010dnik | Slovenski dom in Svet slovenske nacionalne manj\u0161ine Mesta Zagreb","isPartOf":{"@id":"http:\/\/www.slovenci-zagreb.hr\/si\/#website"},"datePublished":"2018-11-08T12:04:15+00:00","dateModified":"2018-11-09T08:52:07+00:00","author":{"@id":"http:\/\/www.slovenci-zagreb.hr\/si\/#\/schema\/person\/a34ecc40aa73e6dd78780facef777d32"},"breadcrumb":{"@id":"http:\/\/www.slovenci-zagreb.hr\/si\/16-11-2018-ob-20-uri-koncert-harfe-katja-sumecnik\/#breadcrumb"},"inLanguage":"sl-SI","potentialAction":[{"@type":"ReadAction","target":["http:\/\/www.slovenci-zagreb.hr\/si\/16-11-2018-ob-20-uri-koncert-harfe-katja-sumecnik\/"]}]},{"@type":"BreadcrumbList","@id":"http:\/\/www.slovenci-zagreb.hr\/si\/16-11-2018-ob-20-uri-koncert-harfe-katja-sumecnik\/#breadcrumb","itemListElement":[{"@type":"ListItem","position":1,"name":"Home","item":"http:\/\/www.slovenci-zagreb.hr\/si\/"},{"@type":"ListItem","position":2,"name":"16.11.2018. ob 20. uri: koncert harfe Katja \u0160ume\u010dnik"}]},{"@type":"WebSite","@id":"http:\/\/www.slovenci-zagreb.hr\/si\/#website","url":"http:\/\/www.slovenci-zagreb.hr\/si\/","name":"Slovenski dom in Svet slovenske nacionalne manj\u0161ine Mesta Zagreb","description":"","potentialAction":[{"@type":"SearchAction","target":{"@type":"EntryPoint","urlTemplate":"http:\/\/www.slovenci-zagreb.hr\/si\/?s={search_term_string}"},"query-input":"required name=search_term_string"}],"inLanguage":"sl-SI"},{"@type":"Person","@id":"http:\/\/www.slovenci-zagreb.hr\/si\/#\/schema\/person\/a34ecc40aa73e6dd78780facef777d32","name":"agata","image":{"@type":"ImageObject","inLanguage":"sl-SI","@id":"http:\/\/www.slovenci-zagreb.hr\/si\/#\/schema\/person\/image\/","url":"http:\/\/1.gravatar.com\/avatar\/42c070b2dbf14a48e0639733f946c907?s=96&d=mm&r=g","contentUrl":"http:\/\/1.gravatar.com\/avatar\/42c070b2dbf14a48e0639733f946c907?s=96&d=mm&r=g","caption":"agata"},"url":"http:\/\/www.slovenci-zagreb.hr\/si\/author\/agata\/"}]}},"_links":{"self":[{"href":"http:\/\/www.slovenci-zagreb.hr\/si\/wp-json\/wp\/v2\/posts\/3332"}],"collection":[{"href":"http:\/\/www.slovenci-zagreb.hr\/si\/wp-json\/wp\/v2\/posts"}],"about":[{"href":"http:\/\/www.slovenci-zagreb.hr\/si\/wp-json\/wp\/v2\/types\/post"}],"author":[{"embeddable":true,"href":"http:\/\/www.slovenci-zagreb.hr\/si\/wp-json\/wp\/v2\/users\/3"}],"replies":[{"embeddable":true,"href":"http:\/\/www.slovenci-zagreb.hr\/si\/wp-json\/wp\/v2\/comments?post=3332"}],"version-history":[{"count":2,"href":"http:\/\/www.slovenci-zagreb.hr\/si\/wp-json\/wp\/v2\/posts\/3332\/revisions"}],"predecessor-version":[{"id":3346,"href":"http:\/\/www.slovenci-zagreb.hr\/si\/wp-json\/wp\/v2\/posts\/3332\/revisions\/3346"}],"wp:attachment":[{"href":"http:\/\/www.slovenci-zagreb.hr\/si\/wp-json\/wp\/v2\/media?parent=3332"}],"wp:term":[{"taxonomy":"category","embeddable":true,"href":"http:\/\/www.slovenci-zagreb.hr\/si\/wp-json\/wp\/v2\/categories?post=3332"},{"taxonomy":"post_tag","embeddable":true,"href":"http:\/\/www.slovenci-zagreb.hr\/si\/wp-json\/wp\/v2\/tags?post=3332"}],"curies":[{"name":"wp","href":"https:\/\/api.w.org\/{rel}","templated":true}]}}