{"id":354,"date":"2011-06-15T08:00:07","date_gmt":"2011-06-15T06:00:07","guid":{"rendered":"http:\/\/www.slovenci-zagreb.hr\/si\/?p=354"},"modified":"2014-03-31T22:17:35","modified_gmt":"2014-03-31T20:17:35","slug":"20-let-neodvisnosti-slovenije-in-hrvaske","status":"publish","type":"post","link":"http:\/\/www.slovenci-zagreb.hr\/si\/20-let-neodvisnosti-slovenije-in-hrvaske\/","title":{"rendered":"20 let neodvisnosti Slovenije in Hrva\u0161ke"},"content":{"rendered":"<p>V po\u010dastitev 20. obletnice samostojnosti Slovenije in dneva slovenske vojske je Veleposlani\u0161tvo Republike Slovenije v Republiki Hrva\u0161ki, v sodelovanju s Poslovnim klubom slovenskih in hrva\u0161kih gospodarstvenikov in Slovenskega doma, 15. junija na Cvetnem trgu v Zagrebu priredilo koncert slovenske vokalne skupine Perpetuum Jazzile.<\/p>\n<p>&#8220;Veseli nas, da imamo ob tako slovesnem dogodku, kot je 20. obletnica nastanka slovenske dr\u017eave, v hrva\u0161kem glavnem mestu prilo\u017enost sli\u0161ati najve\u010djo slovensko pop in jazz vokalno zasedbo. Koncert je darilo slovenskega veleposlani\u0161tva in poslovnega kluba mestu Zagreb, njegovim prebivalcev ter vsem na\u0161im hrva\u0161kim prijateljem ob skupnem 20. rojstnem dnevu Slovenije in Hrva\u0161ke&#8221; je dejal slovenski veleposlanik v Zagrebu Vojko Volk.<\/p>\n<p>Po slovenski in hrva\u0161ki himni so sledili pozdravni govori predsednika Poslovnega kluba slovensko-hrva\u0161kih gospodarstvenikov Ignaca Ruparja, predsednika Zveze slovenskih dru\u0161tev na Hrva\u0161kem Darka \u0160onca, \u017eupana Zagreba Milana Bandi\u0107a, odposlanca predsednice Vlade RH Jadranke Kosor, kulturnega ministra Jasena Mesi\u0107a in veleposlanika Republike Slovenije na Hrva\u0161kem Vojka Volka.<\/p>\n<p>\u0160tevilna mno\u017eica ljudi na Cvetnem trgu je poplesovala od veselja in s silnim ploskanjem pozdravljala mlade glasbenike Perpetuum Jazzila. \u010clani in predstavniki slovenskih dru\u0161tev na Hrva\u0161kem, Slovenskega doma, predstavniki zagreb\u0161kih nacionalnih manj\u0161in in na\u0161i some\u0161\u010dani so u\u017eivali v plesnih ritmih, vrhunski zabavi, nalezljivem veselju in pozitivni energiji odli\u010dnega pevskega zbora mladih Slovencev, dele\u017eni privla\u010dnega izbora jazzovske in popularne glasbe. Nepozaben ve\u010der se je kon\u010dal z ovacijami in dru\u017eenjem do zgodnjih jutranjih ur. (a.k.m.)<\/p>\n<div id=\"attachment_356\" style=\"width: 480px\" class=\"wp-caption aligncenter\"><img decoding=\"async\" aria-describedby=\"caption-attachment-356\" class=\"size-full wp-image-356\" alt=\"Perpetuum Jazzile, Zagreb 15.6.11. Foto: AKM\" src=\"http:\/\/www.slovenci-zagreb.hr\/si\/wp-content\/uploads\/sites\/2\/2011\/06\/Perpetum_Jazzile.jpg\" width=\"470\" height=\"353\" srcset=\"http:\/\/www.slovenci-zagreb.hr\/si\/wp-content\/uploads\/sites\/2\/2011\/06\/Perpetum_Jazzile-300x225.jpg 300w, http:\/\/www.slovenci-zagreb.hr\/si\/wp-content\/uploads\/sites\/2\/2011\/06\/Perpetum_Jazzile.jpg 470w\" sizes=\"(max-width: 470px) 100vw, 470px\" \/><p id=\"caption-attachment-356\" class=\"wp-caption-text\">Slovenska vokalna skupina Perpetuum Jazzile na Cvetnem trgu v Zagrebu. Foto: a.k.m.<\/p><\/div>\n","protected":false},"excerpt":{"rendered":"<p>V po\u010dastitev 20. obletnice samostojnosti Slovenije in dneva slovenske vojske je Veleposlani\u0161tvo Republike Slovenije v Republiki Hrva\u0161ki, v sodelovanju s Poslovnim klubom slovenskih in hrva\u0161kih gospodarstvenikov in Slovenskega doma, 15. junija na Cvetnem trgu v Zagrebu priredilo koncert slovenske vokalne skupine Perpetuum Jazzile. &#8220;Veseli nas, da imamo ob tako slovesnem dogodku, kot je 20. obletnica [&hellip;]<\/p>\n","protected":false},"author":1,"featured_media":356,"comment_status":"closed","ping_status":"open","sticky":false,"template":"","format":"standard","meta":{"footnotes":""},"categories":[5],"tags":[],"yoast_head":"<!-- This site is optimized with the Yoast SEO plugin v22.0 - https:\/\/yoast.com\/wordpress\/plugins\/seo\/ -->\n<title>20 let neodvisnosti Slovenije in Hrva\u0161ke | Slovenski dom in Svet slovenske nacionalne manj\u0161ine Mesta Zagreb<\/title>\n<meta name=\"robots\" content=\"index, follow, max-snippet:-1, max-image-preview:large, max-video-preview:-1\" \/>\n<link rel=\"canonical\" href=\"http:\/\/www.slovenci-zagreb.hr\/si\/20-let-neodvisnosti-slovenije-in-hrvaske\/\" \/>\n<meta property=\"og:locale\" content=\"sl_SI\" \/>\n<meta property=\"og:type\" content=\"article\" \/>\n<meta property=\"og:title\" content=\"20 let neodvisnosti Slovenije in Hrva\u0161ke | Slovenski dom in Svet slovenske nacionalne manj\u0161ine Mesta Zagreb\" \/>\n<meta property=\"og:description\" content=\"V po\u010dastitev 20. obletnice samostojnosti Slovenije in dneva slovenske vojske je Veleposlani\u0161tvo Republike Slovenije v Republiki Hrva\u0161ki, v sodelovanju s Poslovnim klubom slovenskih in hrva\u0161kih gospodarstvenikov in Slovenskega doma, 15. junija na Cvetnem trgu v Zagrebu priredilo koncert slovenske vokalne skupine Perpetuum Jazzile. &#8220;Veseli nas, da imamo ob tako slovesnem dogodku, kot je 20. obletnica [&hellip;]\" \/>\n<meta property=\"og:url\" content=\"http:\/\/www.slovenci-zagreb.hr\/si\/20-let-neodvisnosti-slovenije-in-hrvaske\/\" \/>\n<meta property=\"og:site_name\" content=\"Slovenski dom in Svet slovenske nacionalne manj\u0161ine Mesta Zagreb\" \/>\n<meta property=\"article:published_time\" content=\"2011-06-15T06:00:07+00:00\" \/>\n<meta property=\"article:modified_time\" content=\"2014-03-31T20:17:35+00:00\" \/>\n<meta property=\"og:image\" content=\"http:\/\/www.slovenci-zagreb.hr\/si\/wp-content\/uploads\/sites\/2\/2011\/06\/Perpetum_Jazzile.jpg\" \/>\n\t<meta property=\"og:image:width\" content=\"470\" \/>\n\t<meta property=\"og:image:height\" content=\"353\" \/>\n\t<meta property=\"og:image:type\" content=\"image\/jpeg\" \/>\n<meta name=\"author\" content=\"edin.dji\" \/>\n<meta name=\"twitter:label1\" content=\"Written by\" \/>\n\t<meta name=\"twitter:data1\" content=\"edin.dji\" \/>\n\t<meta name=\"twitter:label2\" content=\"Est. reading time\" \/>\n\t<meta name=\"twitter:data2\" content=\"1 minuta\" \/>\n<script type=\"application\/ld+json\" class=\"yoast-schema-graph\">{\"@context\":\"https:\/\/schema.org\",\"@graph\":[{\"@type\":\"WebPage\",\"@id\":\"http:\/\/www.slovenci-zagreb.hr\/si\/20-let-neodvisnosti-slovenije-in-hrvaske\/\",\"url\":\"http:\/\/www.slovenci-zagreb.hr\/si\/20-let-neodvisnosti-slovenije-in-hrvaske\/\",\"name\":\"20 let neodvisnosti Slovenije in Hrva\u0161ke | Slovenski dom in Svet slovenske nacionalne manj\u0161ine Mesta Zagreb\",\"isPartOf\":{\"@id\":\"http:\/\/www.slovenci-zagreb.hr\/si\/#website\"},\"datePublished\":\"2011-06-15T06:00:07+00:00\",\"dateModified\":\"2014-03-31T20:17:35+00:00\",\"author\":{\"@id\":\"http:\/\/www.slovenci-zagreb.hr\/si\/#\/schema\/person\/6676f710a91979474558fea82bc41a0a\"},\"breadcrumb\":{\"@id\":\"http:\/\/www.slovenci-zagreb.hr\/si\/20-let-neodvisnosti-slovenije-in-hrvaske\/#breadcrumb\"},\"inLanguage\":\"sl-SI\",\"potentialAction\":[{\"@type\":\"ReadAction\",\"target\":[\"http:\/\/www.slovenci-zagreb.hr\/si\/20-let-neodvisnosti-slovenije-in-hrvaske\/\"]}]},{\"@type\":\"BreadcrumbList\",\"@id\":\"http:\/\/www.slovenci-zagreb.hr\/si\/20-let-neodvisnosti-slovenije-in-hrvaske\/#breadcrumb\",\"itemListElement\":[{\"@type\":\"ListItem\",\"position\":1,\"name\":\"Home\",\"item\":\"http:\/\/www.slovenci-zagreb.hr\/si\/\"},{\"@type\":\"ListItem\",\"position\":2,\"name\":\"20 let neodvisnosti Slovenije in Hrva\u0161ke\"}]},{\"@type\":\"WebSite\",\"@id\":\"http:\/\/www.slovenci-zagreb.hr\/si\/#website\",\"url\":\"http:\/\/www.slovenci-zagreb.hr\/si\/\",\"name\":\"Slovenski dom in Svet slovenske nacionalne manj\u0161ine Mesta Zagreb\",\"description\":\"\",\"potentialAction\":[{\"@type\":\"SearchAction\",\"target\":{\"@type\":\"EntryPoint\",\"urlTemplate\":\"http:\/\/www.slovenci-zagreb.hr\/si\/?s={search_term_string}\"},\"query-input\":\"required name=search_term_string\"}],\"inLanguage\":\"sl-SI\"},{\"@type\":\"Person\",\"@id\":\"http:\/\/www.slovenci-zagreb.hr\/si\/#\/schema\/person\/6676f710a91979474558fea82bc41a0a\",\"name\":\"edin.dji\",\"image\":{\"@type\":\"ImageObject\",\"inLanguage\":\"sl-SI\",\"@id\":\"http:\/\/www.slovenci-zagreb.hr\/si\/#\/schema\/person\/image\/\",\"url\":\"http:\/\/0.gravatar.com\/avatar\/6136fa88afb87b83090822617871c230?s=96&d=mm&r=g\",\"contentUrl\":\"http:\/\/0.gravatar.com\/avatar\/6136fa88afb87b83090822617871c230?s=96&d=mm&r=g\",\"caption\":\"edin.dji\"},\"url\":\"http:\/\/www.slovenci-zagreb.hr\/si\/author\/edin-dji\/\"}]}<\/script>\n<!-- \/ Yoast SEO plugin. -->","yoast_head_json":{"title":"20 let neodvisnosti Slovenije in Hrva\u0161ke | Slovenski dom in Svet slovenske nacionalne manj\u0161ine Mesta Zagreb","robots":{"index":"index","follow":"follow","max-snippet":"max-snippet:-1","max-image-preview":"max-image-preview:large","max-video-preview":"max-video-preview:-1"},"canonical":"http:\/\/www.slovenci-zagreb.hr\/si\/20-let-neodvisnosti-slovenije-in-hrvaske\/","og_locale":"sl_SI","og_type":"article","og_title":"20 let neodvisnosti Slovenije in Hrva\u0161ke | Slovenski dom in Svet slovenske nacionalne manj\u0161ine Mesta Zagreb","og_description":"V po\u010dastitev 20. obletnice samostojnosti Slovenije in dneva slovenske vojske je Veleposlani\u0161tvo Republike Slovenije v Republiki Hrva\u0161ki, v sodelovanju s Poslovnim klubom slovenskih in hrva\u0161kih gospodarstvenikov in Slovenskega doma, 15. junija na Cvetnem trgu v Zagrebu priredilo koncert slovenske vokalne skupine Perpetuum Jazzile. &#8220;Veseli nas, da imamo ob tako slovesnem dogodku, kot je 20. obletnica [&hellip;]","og_url":"http:\/\/www.slovenci-zagreb.hr\/si\/20-let-neodvisnosti-slovenije-in-hrvaske\/","og_site_name":"Slovenski dom in Svet slovenske nacionalne manj\u0161ine Mesta Zagreb","article_published_time":"2011-06-15T06:00:07+00:00","article_modified_time":"2014-03-31T20:17:35+00:00","og_image":[{"width":470,"height":353,"url":"http:\/\/www.slovenci-zagreb.hr\/si\/wp-content\/uploads\/sites\/2\/2011\/06\/Perpetum_Jazzile.jpg","type":"image\/jpeg"}],"author":"edin.dji","twitter_misc":{"Written by":"edin.dji","Est. reading time":"1 minuta"},"schema":{"@context":"https:\/\/schema.org","@graph":[{"@type":"WebPage","@id":"http:\/\/www.slovenci-zagreb.hr\/si\/20-let-neodvisnosti-slovenije-in-hrvaske\/","url":"http:\/\/www.slovenci-zagreb.hr\/si\/20-let-neodvisnosti-slovenije-in-hrvaske\/","name":"20 let neodvisnosti Slovenije in Hrva\u0161ke | Slovenski dom in Svet slovenske nacionalne manj\u0161ine Mesta Zagreb","isPartOf":{"@id":"http:\/\/www.slovenci-zagreb.hr\/si\/#website"},"datePublished":"2011-06-15T06:00:07+00:00","dateModified":"2014-03-31T20:17:35+00:00","author":{"@id":"http:\/\/www.slovenci-zagreb.hr\/si\/#\/schema\/person\/6676f710a91979474558fea82bc41a0a"},"breadcrumb":{"@id":"http:\/\/www.slovenci-zagreb.hr\/si\/20-let-neodvisnosti-slovenije-in-hrvaske\/#breadcrumb"},"inLanguage":"sl-SI","potentialAction":[{"@type":"ReadAction","target":["http:\/\/www.slovenci-zagreb.hr\/si\/20-let-neodvisnosti-slovenije-in-hrvaske\/"]}]},{"@type":"BreadcrumbList","@id":"http:\/\/www.slovenci-zagreb.hr\/si\/20-let-neodvisnosti-slovenije-in-hrvaske\/#breadcrumb","itemListElement":[{"@type":"ListItem","position":1,"name":"Home","item":"http:\/\/www.slovenci-zagreb.hr\/si\/"},{"@type":"ListItem","position":2,"name":"20 let neodvisnosti Slovenije in Hrva\u0161ke"}]},{"@type":"WebSite","@id":"http:\/\/www.slovenci-zagreb.hr\/si\/#website","url":"http:\/\/www.slovenci-zagreb.hr\/si\/","name":"Slovenski dom in Svet slovenske nacionalne manj\u0161ine Mesta Zagreb","description":"","potentialAction":[{"@type":"SearchAction","target":{"@type":"EntryPoint","urlTemplate":"http:\/\/www.slovenci-zagreb.hr\/si\/?s={search_term_string}"},"query-input":"required name=search_term_string"}],"inLanguage":"sl-SI"},{"@type":"Person","@id":"http:\/\/www.slovenci-zagreb.hr\/si\/#\/schema\/person\/6676f710a91979474558fea82bc41a0a","name":"edin.dji","image":{"@type":"ImageObject","inLanguage":"sl-SI","@id":"http:\/\/www.slovenci-zagreb.hr\/si\/#\/schema\/person\/image\/","url":"http:\/\/0.gravatar.com\/avatar\/6136fa88afb87b83090822617871c230?s=96&d=mm&r=g","contentUrl":"http:\/\/0.gravatar.com\/avatar\/6136fa88afb87b83090822617871c230?s=96&d=mm&r=g","caption":"edin.dji"},"url":"http:\/\/www.slovenci-zagreb.hr\/si\/author\/edin-dji\/"}]}},"_links":{"self":[{"href":"http:\/\/www.slovenci-zagreb.hr\/si\/wp-json\/wp\/v2\/posts\/354"}],"collection":[{"href":"http:\/\/www.slovenci-zagreb.hr\/si\/wp-json\/wp\/v2\/posts"}],"about":[{"href":"http:\/\/www.slovenci-zagreb.hr\/si\/wp-json\/wp\/v2\/types\/post"}],"author":[{"embeddable":true,"href":"http:\/\/www.slovenci-zagreb.hr\/si\/wp-json\/wp\/v2\/users\/1"}],"replies":[{"embeddable":true,"href":"http:\/\/www.slovenci-zagreb.hr\/si\/wp-json\/wp\/v2\/comments?post=354"}],"version-history":[{"count":2,"href":"http:\/\/www.slovenci-zagreb.hr\/si\/wp-json\/wp\/v2\/posts\/354\/revisions"}],"predecessor-version":[{"id":357,"href":"http:\/\/www.slovenci-zagreb.hr\/si\/wp-json\/wp\/v2\/posts\/354\/revisions\/357"}],"wp:featuredmedia":[{"embeddable":true,"href":"http:\/\/www.slovenci-zagreb.hr\/si\/wp-json\/wp\/v2\/media\/356"}],"wp:attachment":[{"href":"http:\/\/www.slovenci-zagreb.hr\/si\/wp-json\/wp\/v2\/media?parent=354"}],"wp:term":[{"taxonomy":"category","embeddable":true,"href":"http:\/\/www.slovenci-zagreb.hr\/si\/wp-json\/wp\/v2\/categories?post=354"},{"taxonomy":"post_tag","embeddable":true,"href":"http:\/\/www.slovenci-zagreb.hr\/si\/wp-json\/wp\/v2\/tags?post=354"}],"curies":[{"name":"wp","href":"https:\/\/api.w.org\/{rel}","templated":true}]}}