{"id":381,"date":"2011-10-22T08:00:45","date_gmt":"2011-10-22T06:00:45","guid":{"rendered":"http:\/\/www.slovenci-zagreb.hr\/si\/?p=381"},"modified":"2014-03-31T22:42:38","modified_gmt":"2014-03-31T20:42:38","slug":"slovenski-planinski-muzej-mojstrana","status":"publish","type":"post","link":"http:\/\/www.slovenci-zagreb.hr\/si\/slovenski-planinski-muzej-mojstrana\/","title":{"rendered":"Slovenski planinski muzej, Mojstrana"},"content":{"rendered":"<p>Mojstrana &#8211; \u010clani Sveta so 22. oktobra 2011 v okviru naravoslovne delavnice Moja de\u017eela obiskali hram slovenske planinske dedi\u0161\u010dine Slovenski planinski muzej v Mojstrani, ki je rojstni kraj \u0161tevilnih znanih slovenskih \u0161portnikov in olimpijcev.<\/p>\n<p>Sodobno zasnovana stavba je dobila svoj prostor ob vstopu v Triglavski narodni park, edini slovenski narodni park, in v dolino Vrata, ki se razteza pod mogo\u010dno Steno Triglava, od koder izvira bogata slovenska zgodovina alpinizma in gorni\u0161tva. 7. avgusta 2010 ga je slovesno odprl predsednik Republike Slovenije dr. Danilo T\u00fcrk. Muzej je bil odprt natanko 115 let po odprtju Alja\u017eevega stolpa na vrhu Triglava.<\/p>\n<p><strong>Pot je zgodba &#8211; zgodba je pot<\/strong><\/p>\n<p>Ogledali smo si film o slovenskih gorah, naravni in kulturni krajini in stalno razstavo Pot je zgodba &#8211; zgodba je pot, ki je zasnovana kot muzejska pripoved, ki jo do\u017eivljamo skozi lasten vzpon na goro. Bogato filmsko, fotografsko in predmetno gradivo ter interaktivne vsebine so povezane v enajst vsebinskih sklopov. Tako smo spoznali zgodovino, vzroke, na\u010dine, nevarnosti in radosti obiskovanja gora. Na cilju pa smo bili, kot vsak planinec, popla\u010dani s \u010dudovitim razgledom. Zgodba, ki smo jo do\u017eiveli v muzeju, ima pomembni sporo\u010dili: Pot je pomembnej\u0161a kot cilj in Vsaka pot je svoja zgodba.<br \/>\nPo ogledu Slovenskega planinskega muzeja je bila na vrsti seja SSNM MZ, ki jo je vodil novi-stari predsednik Darko \u0160onc. Na dnevnem redu so bile slede\u010de to\u010dke: poro\u010dilo o manj\u0161inskih volitvah na Hrva\u0161kem 10.7.2011, finan\u010dni na\u010drt za leto 2012, program dela za leto 2012, izvolitev \u010dlanov predsedstva in razno.\u00a0 (a.k.m.)<\/p>\n<div id=\"attachment_384\" style=\"width: 480px\" class=\"wp-caption aligncenter\"><img decoding=\"async\" aria-describedby=\"caption-attachment-384\" class=\"size-full wp-image-384\" alt=\"\u010clani Sveta v Slovenskem planinskem muzeju v Mojstrani.\" src=\"http:\/\/www.slovenci-zagreb.hr\/si\/wp-content\/uploads\/sites\/2\/2011\/10\/planinski_muzej_clani.jpg\" width=\"470\" height=\"353\" srcset=\"http:\/\/www.slovenci-zagreb.hr\/si\/wp-content\/uploads\/sites\/2\/2011\/10\/planinski_muzej_clani-300x225.jpg 300w, http:\/\/www.slovenci-zagreb.hr\/si\/wp-content\/uploads\/sites\/2\/2011\/10\/planinski_muzej_clani.jpg 470w\" sizes=\"(max-width: 470px) 100vw, 470px\" \/><p id=\"caption-attachment-384\" class=\"wp-caption-text\">\u010clani Sveta v Slovenskem planinskem muzeju v Mojstrani.<\/p><\/div>\n","protected":false},"excerpt":{"rendered":"<p>Mojstrana &#8211; \u010clani Sveta so 22. oktobra 2011 v okviru naravoslovne delavnice Moja de\u017eela obiskali hram slovenske planinske dedi\u0161\u010dine Slovenski planinski muzej v Mojstrani, ki je rojstni kraj \u0161tevilnih znanih slovenskih \u0161portnikov in olimpijcev. Sodobno zasnovana stavba je dobila svoj prostor ob vstopu v Triglavski narodni park, edini slovenski narodni park, in v dolino Vrata, [&hellip;]<\/p>\n","protected":false},"author":1,"featured_media":383,"comment_status":"closed","ping_status":"open","sticky":false,"template":"","format":"standard","meta":{"footnotes":""},"categories":[5],"tags":[],"yoast_head":"<!-- This site is optimized with the Yoast SEO plugin v22.0 - https:\/\/yoast.com\/wordpress\/plugins\/seo\/ -->\n<title>Slovenski planinski muzej, Mojstrana | Slovenski dom in Svet slovenske nacionalne manj\u0161ine Mesta Zagreb<\/title>\n<meta name=\"robots\" content=\"index, follow, max-snippet:-1, max-image-preview:large, max-video-preview:-1\" \/>\n<link rel=\"canonical\" href=\"http:\/\/www.slovenci-zagreb.hr\/si\/slovenski-planinski-muzej-mojstrana\/\" \/>\n<meta property=\"og:locale\" content=\"sl_SI\" \/>\n<meta property=\"og:type\" content=\"article\" \/>\n<meta property=\"og:title\" content=\"Slovenski planinski muzej, Mojstrana | Slovenski dom in Svet slovenske nacionalne manj\u0161ine Mesta Zagreb\" \/>\n<meta property=\"og:description\" content=\"Mojstrana &#8211; \u010clani Sveta so 22. oktobra 2011 v okviru naravoslovne delavnice Moja de\u017eela obiskali hram slovenske planinske dedi\u0161\u010dine Slovenski planinski muzej v Mojstrani, ki je rojstni kraj \u0161tevilnih znanih slovenskih \u0161portnikov in olimpijcev. Sodobno zasnovana stavba je dobila svoj prostor ob vstopu v Triglavski narodni park, edini slovenski narodni park, in v dolino Vrata, [&hellip;]\" \/>\n<meta property=\"og:url\" content=\"http:\/\/www.slovenci-zagreb.hr\/si\/slovenski-planinski-muzej-mojstrana\/\" \/>\n<meta property=\"og:site_name\" content=\"Slovenski dom in Svet slovenske nacionalne manj\u0161ine Mesta Zagreb\" \/>\n<meta property=\"article:published_time\" content=\"2011-10-22T06:00:45+00:00\" \/>\n<meta property=\"article:modified_time\" content=\"2014-03-31T20:42:38+00:00\" \/>\n<meta property=\"og:image\" content=\"http:\/\/www.slovenci-zagreb.hr\/si\/wp-content\/uploads\/sites\/2\/2011\/10\/planinski_muzej_2.jpg\" \/>\n\t<meta property=\"og:image:width\" content=\"220\" \/>\n\t<meta property=\"og:image:height\" content=\"165\" \/>\n\t<meta property=\"og:image:type\" content=\"image\/jpeg\" \/>\n<meta name=\"author\" content=\"edin.dji\" \/>\n<meta name=\"twitter:label1\" content=\"Written by\" \/>\n\t<meta name=\"twitter:data1\" content=\"edin.dji\" \/>\n\t<meta name=\"twitter:label2\" content=\"Est. reading time\" \/>\n\t<meta name=\"twitter:data2\" content=\"1 minuta\" \/>\n<script type=\"application\/ld+json\" class=\"yoast-schema-graph\">{\"@context\":\"https:\/\/schema.org\",\"@graph\":[{\"@type\":\"WebPage\",\"@id\":\"http:\/\/www.slovenci-zagreb.hr\/si\/slovenski-planinski-muzej-mojstrana\/\",\"url\":\"http:\/\/www.slovenci-zagreb.hr\/si\/slovenski-planinski-muzej-mojstrana\/\",\"name\":\"Slovenski planinski muzej, Mojstrana | Slovenski dom in Svet slovenske nacionalne manj\u0161ine Mesta Zagreb\",\"isPartOf\":{\"@id\":\"http:\/\/www.slovenci-zagreb.hr\/si\/#website\"},\"datePublished\":\"2011-10-22T06:00:45+00:00\",\"dateModified\":\"2014-03-31T20:42:38+00:00\",\"author\":{\"@id\":\"http:\/\/www.slovenci-zagreb.hr\/si\/#\/schema\/person\/6676f710a91979474558fea82bc41a0a\"},\"breadcrumb\":{\"@id\":\"http:\/\/www.slovenci-zagreb.hr\/si\/slovenski-planinski-muzej-mojstrana\/#breadcrumb\"},\"inLanguage\":\"sl-SI\",\"potentialAction\":[{\"@type\":\"ReadAction\",\"target\":[\"http:\/\/www.slovenci-zagreb.hr\/si\/slovenski-planinski-muzej-mojstrana\/\"]}]},{\"@type\":\"BreadcrumbList\",\"@id\":\"http:\/\/www.slovenci-zagreb.hr\/si\/slovenski-planinski-muzej-mojstrana\/#breadcrumb\",\"itemListElement\":[{\"@type\":\"ListItem\",\"position\":1,\"name\":\"Home\",\"item\":\"http:\/\/www.slovenci-zagreb.hr\/si\/\"},{\"@type\":\"ListItem\",\"position\":2,\"name\":\"Slovenski planinski muzej, Mojstrana\"}]},{\"@type\":\"WebSite\",\"@id\":\"http:\/\/www.slovenci-zagreb.hr\/si\/#website\",\"url\":\"http:\/\/www.slovenci-zagreb.hr\/si\/\",\"name\":\"Slovenski dom in Svet slovenske nacionalne manj\u0161ine Mesta Zagreb\",\"description\":\"\",\"potentialAction\":[{\"@type\":\"SearchAction\",\"target\":{\"@type\":\"EntryPoint\",\"urlTemplate\":\"http:\/\/www.slovenci-zagreb.hr\/si\/?s={search_term_string}\"},\"query-input\":\"required name=search_term_string\"}],\"inLanguage\":\"sl-SI\"},{\"@type\":\"Person\",\"@id\":\"http:\/\/www.slovenci-zagreb.hr\/si\/#\/schema\/person\/6676f710a91979474558fea82bc41a0a\",\"name\":\"edin.dji\",\"image\":{\"@type\":\"ImageObject\",\"inLanguage\":\"sl-SI\",\"@id\":\"http:\/\/www.slovenci-zagreb.hr\/si\/#\/schema\/person\/image\/\",\"url\":\"http:\/\/0.gravatar.com\/avatar\/6136fa88afb87b83090822617871c230?s=96&d=mm&r=g\",\"contentUrl\":\"http:\/\/0.gravatar.com\/avatar\/6136fa88afb87b83090822617871c230?s=96&d=mm&r=g\",\"caption\":\"edin.dji\"},\"url\":\"http:\/\/www.slovenci-zagreb.hr\/si\/author\/edin-dji\/\"}]}<\/script>\n<!-- \/ Yoast SEO plugin. -->","yoast_head_json":{"title":"Slovenski planinski muzej, Mojstrana | Slovenski dom in Svet slovenske nacionalne manj\u0161ine Mesta Zagreb","robots":{"index":"index","follow":"follow","max-snippet":"max-snippet:-1","max-image-preview":"max-image-preview:large","max-video-preview":"max-video-preview:-1"},"canonical":"http:\/\/www.slovenci-zagreb.hr\/si\/slovenski-planinski-muzej-mojstrana\/","og_locale":"sl_SI","og_type":"article","og_title":"Slovenski planinski muzej, Mojstrana | Slovenski dom in Svet slovenske nacionalne manj\u0161ine Mesta Zagreb","og_description":"Mojstrana &#8211; \u010clani Sveta so 22. oktobra 2011 v okviru naravoslovne delavnice Moja de\u017eela obiskali hram slovenske planinske dedi\u0161\u010dine Slovenski planinski muzej v Mojstrani, ki je rojstni kraj \u0161tevilnih znanih slovenskih \u0161portnikov in olimpijcev. Sodobno zasnovana stavba je dobila svoj prostor ob vstopu v Triglavski narodni park, edini slovenski narodni park, in v dolino Vrata, [&hellip;]","og_url":"http:\/\/www.slovenci-zagreb.hr\/si\/slovenski-planinski-muzej-mojstrana\/","og_site_name":"Slovenski dom in Svet slovenske nacionalne manj\u0161ine Mesta Zagreb","article_published_time":"2011-10-22T06:00:45+00:00","article_modified_time":"2014-03-31T20:42:38+00:00","og_image":[{"width":220,"height":165,"url":"http:\/\/www.slovenci-zagreb.hr\/si\/wp-content\/uploads\/sites\/2\/2011\/10\/planinski_muzej_2.jpg","type":"image\/jpeg"}],"author":"edin.dji","twitter_misc":{"Written by":"edin.dji","Est. reading time":"1 minuta"},"schema":{"@context":"https:\/\/schema.org","@graph":[{"@type":"WebPage","@id":"http:\/\/www.slovenci-zagreb.hr\/si\/slovenski-planinski-muzej-mojstrana\/","url":"http:\/\/www.slovenci-zagreb.hr\/si\/slovenski-planinski-muzej-mojstrana\/","name":"Slovenski planinski muzej, Mojstrana | Slovenski dom in Svet slovenske nacionalne manj\u0161ine Mesta Zagreb","isPartOf":{"@id":"http:\/\/www.slovenci-zagreb.hr\/si\/#website"},"datePublished":"2011-10-22T06:00:45+00:00","dateModified":"2014-03-31T20:42:38+00:00","author":{"@id":"http:\/\/www.slovenci-zagreb.hr\/si\/#\/schema\/person\/6676f710a91979474558fea82bc41a0a"},"breadcrumb":{"@id":"http:\/\/www.slovenci-zagreb.hr\/si\/slovenski-planinski-muzej-mojstrana\/#breadcrumb"},"inLanguage":"sl-SI","potentialAction":[{"@type":"ReadAction","target":["http:\/\/www.slovenci-zagreb.hr\/si\/slovenski-planinski-muzej-mojstrana\/"]}]},{"@type":"BreadcrumbList","@id":"http:\/\/www.slovenci-zagreb.hr\/si\/slovenski-planinski-muzej-mojstrana\/#breadcrumb","itemListElement":[{"@type":"ListItem","position":1,"name":"Home","item":"http:\/\/www.slovenci-zagreb.hr\/si\/"},{"@type":"ListItem","position":2,"name":"Slovenski planinski muzej, Mojstrana"}]},{"@type":"WebSite","@id":"http:\/\/www.slovenci-zagreb.hr\/si\/#website","url":"http:\/\/www.slovenci-zagreb.hr\/si\/","name":"Slovenski dom in Svet slovenske nacionalne manj\u0161ine Mesta Zagreb","description":"","potentialAction":[{"@type":"SearchAction","target":{"@type":"EntryPoint","urlTemplate":"http:\/\/www.slovenci-zagreb.hr\/si\/?s={search_term_string}"},"query-input":"required name=search_term_string"}],"inLanguage":"sl-SI"},{"@type":"Person","@id":"http:\/\/www.slovenci-zagreb.hr\/si\/#\/schema\/person\/6676f710a91979474558fea82bc41a0a","name":"edin.dji","image":{"@type":"ImageObject","inLanguage":"sl-SI","@id":"http:\/\/www.slovenci-zagreb.hr\/si\/#\/schema\/person\/image\/","url":"http:\/\/0.gravatar.com\/avatar\/6136fa88afb87b83090822617871c230?s=96&d=mm&r=g","contentUrl":"http:\/\/0.gravatar.com\/avatar\/6136fa88afb87b83090822617871c230?s=96&d=mm&r=g","caption":"edin.dji"},"url":"http:\/\/www.slovenci-zagreb.hr\/si\/author\/edin-dji\/"}]}},"_links":{"self":[{"href":"http:\/\/www.slovenci-zagreb.hr\/si\/wp-json\/wp\/v2\/posts\/381"}],"collection":[{"href":"http:\/\/www.slovenci-zagreb.hr\/si\/wp-json\/wp\/v2\/posts"}],"about":[{"href":"http:\/\/www.slovenci-zagreb.hr\/si\/wp-json\/wp\/v2\/types\/post"}],"author":[{"embeddable":true,"href":"http:\/\/www.slovenci-zagreb.hr\/si\/wp-json\/wp\/v2\/users\/1"}],"replies":[{"embeddable":true,"href":"http:\/\/www.slovenci-zagreb.hr\/si\/wp-json\/wp\/v2\/comments?post=381"}],"version-history":[{"count":4,"href":"http:\/\/www.slovenci-zagreb.hr\/si\/wp-json\/wp\/v2\/posts\/381\/revisions"}],"predecessor-version":[{"id":387,"href":"http:\/\/www.slovenci-zagreb.hr\/si\/wp-json\/wp\/v2\/posts\/381\/revisions\/387"}],"wp:featuredmedia":[{"embeddable":true,"href":"http:\/\/www.slovenci-zagreb.hr\/si\/wp-json\/wp\/v2\/media\/383"}],"wp:attachment":[{"href":"http:\/\/www.slovenci-zagreb.hr\/si\/wp-json\/wp\/v2\/media?parent=381"}],"wp:term":[{"taxonomy":"category","embeddable":true,"href":"http:\/\/www.slovenci-zagreb.hr\/si\/wp-json\/wp\/v2\/categories?post=381"},{"taxonomy":"post_tag","embeddable":true,"href":"http:\/\/www.slovenci-zagreb.hr\/si\/wp-json\/wp\/v2\/tags?post=381"}],"curies":[{"name":"wp","href":"https:\/\/api.w.org\/{rel}","templated":true}]}}