{"id":4324,"date":"2020-06-19T11:55:56","date_gmt":"2020-06-19T09:55:56","guid":{"rendered":"http:\/\/www.slovenci-zagreb.hr\/si\/?p=4324"},"modified":"2020-06-23T20:04:32","modified_gmt":"2020-06-23T18:04:32","slug":"prvo-pokoronsko-srecanje","status":"publish","type":"post","link":"http:\/\/www.slovenci-zagreb.hr\/si\/prvo-pokoronsko-srecanje\/","title":{"rendered":"Prvo \u201epokoronsko\u201c sre\u010danje"},"content":{"rendered":"<p>Zagreb &#8211;\u00a0V Slovenskem domu Zagreb je bilo prvo \u201epokoronsko\u201c sre\u010danje&#8221; na katerem so se po ve\u010dmese\u010dnem premoru, ki ga je povzro\u010dil koronavirus, sestali \u010dlani\u00a0 dru\u0161tva in Sveta slovenske narodne manj\u0161ine Mesta Zagreb.<\/p>\n<p>Predsednik Darko \u0160onc je izrazil zadovoljstvo z odzivom \u010dlanov in poudaril, da je bil zadnji dogodek v dru\u0161tvu pred prisilnim premorom zaradi koronavirusa letna skup\u0161\u010dina 11. marca. Dodal je, da je Zagreb prizadel tudi mo\u010dan potres, v prostorih dru\u0161tva so bile po\u0161kodovane mize, s sten so padle slike, zavese, pokali in priznanja, iz stanovanja nad knji\u017enico je tekla voda in namo\u010dila zidove, knjig na sre\u010do ni po\u0161kodovala. Na nekaterih delih je omet padel s stropa, ponekod so na stenah vidne razpoke. Prizor dan po potresu je bil res grd. Od potresa do danes je popravljeno in po\u010di\u0161\u010deno kar je bilo mo\u017eno. Predsednik je napovedal, da bodo v dru\u0161tvu v poletnih mesecih de\u017eurstva, naslednje sre\u010danje pa bi lahko izvedli konec leta in tako obele\u017eili dan slovenske dr\u017eavnosti in dan samostojnosti in enotnosti, kar pa bo predvsem odvisno od epidemiolo\u0161kih razmer.<\/p>\n<p>Prijetno dru\u017eenje \u010dlanov na prvem \u201epokoronskem&#8221; sre\u010danju je spremljalo glasbeno presene\u010denje dueta, v katerem sta \u0161tudenta zagreb\u0161ke Glasbene akademije Matic Zakonj\u0161ek in Davor Ne\u010dak. (akm)<\/p>\n<p>Ve\u010d v Novem odmevu 73.<\/p>\n<p>Foto: Antun Bukovec<\/p>\n\n\t\t<style type=\"text\/css\">\n\t\t\t#gallery-1 {\n\t\t\t\tmargin: auto;\n\t\t\t}\n\t\t\t#gallery-1 .gallery-item {\n\t\t\t\tfloat: left;\n\t\t\t\tmargin-top: 10px;\n\t\t\t\ttext-align: center;\n\t\t\t\twidth: 33%;\n\t\t\t}\n\t\t\t#gallery-1 img {\n\t\t\t\tborder: 2px solid #cfcfcf;\n\t\t\t}\n\t\t\t#gallery-1 .gallery-caption {\n\t\t\t\tmargin-left: 0;\n\t\t\t}\n\t\t\t\/* see gallery_shortcode() in wp-includes\/media.php *\/\n\t\t<\/style>\n\t\t<div id='gallery-1' class='gallery galleryid-4324 gallery-columns-3 gallery-size-medium'><dl class='gallery-item'>\n\t\t\t<dt class='gallery-icon landscape'>\n\t\t\t\t<a href='http:\/\/www.slovenci-zagreb.hr\/si\/wp-content\/uploads\/sites\/2\/2020\/06\/K3.jpg'><img decoding=\"async\" width=\"300\" height=\"201\" src=\"http:\/\/www.slovenci-zagreb.hr\/si\/wp-content\/uploads\/sites\/2\/2020\/06\/K3-300x201.jpg\" class=\"attachment-medium size-medium\" alt=\"\" aria-describedby=\"gallery-1-4327\" srcset=\"http:\/\/www.slovenci-zagreb.hr\/si\/wp-content\/uploads\/sites\/2\/2020\/06\/K3-200x134.jpg 200w, http:\/\/www.slovenci-zagreb.hr\/si\/wp-content\/uploads\/sites\/2\/2020\/06\/K3-300x201.jpg 300w, http:\/\/www.slovenci-zagreb.hr\/si\/wp-content\/uploads\/sites\/2\/2020\/06\/K3-400x267.jpg 400w, http:\/\/www.slovenci-zagreb.hr\/si\/wp-content\/uploads\/sites\/2\/2020\/06\/K3-600x401.jpg 600w, http:\/\/www.slovenci-zagreb.hr\/si\/wp-content\/uploads\/sites\/2\/2020\/06\/K3.jpg 700w\" sizes=\"(max-width: 300px) 100vw, 300px\" \/><\/a>\n\t\t\t<\/dt>\n\t\t\t\t<dd class='wp-caption-text gallery-caption' id='gallery-1-4327'>\n\t\t\t\tPredsednik Darko \u0160onc je med drugim dejal: \u201e\u010ce bi bil potres mo\u010dnej\u0161i in Zagreb obrisal z obli\u010dja zemlje, bi Zagreb ostal v imenu na\u0161ega dru\u0161tva, saj smo na letni skup\u0161\u010dini v ime na\u0161ega dru\u0161tva dodali ime Zagreb.&#8221;\n\t\t\t\t<\/dd><\/dl><dl class='gallery-item'>\n\t\t\t<dt class='gallery-icon landscape'>\n\t\t\t\t<a href='http:\/\/www.slovenci-zagreb.hr\/si\/wp-content\/uploads\/sites\/2\/2020\/06\/K6.jpg'><img decoding=\"async\" width=\"300\" height=\"201\" src=\"http:\/\/www.slovenci-zagreb.hr\/si\/wp-content\/uploads\/sites\/2\/2020\/06\/K6-300x201.jpg\" class=\"attachment-medium size-medium\" alt=\"\" srcset=\"http:\/\/www.slovenci-zagreb.hr\/si\/wp-content\/uploads\/sites\/2\/2020\/06\/K6-200x134.jpg 200w, http:\/\/www.slovenci-zagreb.hr\/si\/wp-content\/uploads\/sites\/2\/2020\/06\/K6-300x201.jpg 300w, http:\/\/www.slovenci-zagreb.hr\/si\/wp-content\/uploads\/sites\/2\/2020\/06\/K6-400x267.jpg 400w, http:\/\/www.slovenci-zagreb.hr\/si\/wp-content\/uploads\/sites\/2\/2020\/06\/K6-600x401.jpg 600w, http:\/\/www.slovenci-zagreb.hr\/si\/wp-content\/uploads\/sites\/2\/2020\/06\/K6.jpg 700w\" sizes=\"(max-width: 300px) 100vw, 300px\" \/><\/a>\n\t\t\t<\/dt><\/dl><dl class='gallery-item'>\n\t\t\t<dt class='gallery-icon landscape'>\n\t\t\t\t<a href='http:\/\/www.slovenci-zagreb.hr\/si\/wp-content\/uploads\/sites\/2\/2020\/06\/K5.jpg'><img decoding=\"async\" width=\"300\" height=\"201\" src=\"http:\/\/www.slovenci-zagreb.hr\/si\/wp-content\/uploads\/sites\/2\/2020\/06\/K5-300x201.jpg\" class=\"attachment-medium size-medium\" alt=\"\" aria-describedby=\"gallery-1-4329\" srcset=\"http:\/\/www.slovenci-zagreb.hr\/si\/wp-content\/uploads\/sites\/2\/2020\/06\/K5-200x134.jpg 200w, http:\/\/www.slovenci-zagreb.hr\/si\/wp-content\/uploads\/sites\/2\/2020\/06\/K5-300x201.jpg 300w, http:\/\/www.slovenci-zagreb.hr\/si\/wp-content\/uploads\/sites\/2\/2020\/06\/K5-400x267.jpg 400w, http:\/\/www.slovenci-zagreb.hr\/si\/wp-content\/uploads\/sites\/2\/2020\/06\/K5-600x401.jpg 600w, http:\/\/www.slovenci-zagreb.hr\/si\/wp-content\/uploads\/sites\/2\/2020\/06\/K5.jpg 700w\" sizes=\"(max-width: 300px) 100vw, 300px\" \/><\/a>\n\t\t\t<\/dt>\n\t\t\t\t<dd class='wp-caption-text gallery-caption' id='gallery-1-4329'>\n\t\t\t\tDuet Matic Zakonj\u0161ek in Davor Ne\u010dak (na klavirju).\n\t\t\t\t<\/dd><\/dl><br style=\"clear: both\" \/><dl class='gallery-item'>\n\t\t\t<dt class='gallery-icon landscape'>\n\t\t\t\t<a href='http:\/\/www.slovenci-zagreb.hr\/si\/wp-content\/uploads\/sites\/2\/2020\/06\/K4.jpg'><img decoding=\"async\" width=\"300\" height=\"201\" src=\"http:\/\/www.slovenci-zagreb.hr\/si\/wp-content\/uploads\/sites\/2\/2020\/06\/K4-300x201.jpg\" class=\"attachment-medium size-medium\" alt=\"\" srcset=\"http:\/\/www.slovenci-zagreb.hr\/si\/wp-content\/uploads\/sites\/2\/2020\/06\/K4-200x134.jpg 200w, http:\/\/www.slovenci-zagreb.hr\/si\/wp-content\/uploads\/sites\/2\/2020\/06\/K4-300x201.jpg 300w, http:\/\/www.slovenci-zagreb.hr\/si\/wp-content\/uploads\/sites\/2\/2020\/06\/K4-400x267.jpg 400w, http:\/\/www.slovenci-zagreb.hr\/si\/wp-content\/uploads\/sites\/2\/2020\/06\/K4-600x401.jpg 600w, http:\/\/www.slovenci-zagreb.hr\/si\/wp-content\/uploads\/sites\/2\/2020\/06\/K4.jpg 700w\" sizes=\"(max-width: 300px) 100vw, 300px\" \/><\/a>\n\t\t\t<\/dt><\/dl><dl class='gallery-item'>\n\t\t\t<dt class='gallery-icon landscape'>\n\t\t\t\t<a href='http:\/\/www.slovenci-zagreb.hr\/si\/wp-content\/uploads\/sites\/2\/2020\/06\/K1.jpg'><img decoding=\"async\" width=\"300\" height=\"200\" src=\"http:\/\/www.slovenci-zagreb.hr\/si\/wp-content\/uploads\/sites\/2\/2020\/06\/K1-300x200.jpg\" class=\"attachment-medium size-medium\" alt=\"\" aria-describedby=\"gallery-1-4325\" srcset=\"http:\/\/www.slovenci-zagreb.hr\/si\/wp-content\/uploads\/sites\/2\/2020\/06\/K1-200x134.jpg 200w, http:\/\/www.slovenci-zagreb.hr\/si\/wp-content\/uploads\/sites\/2\/2020\/06\/K1-300x200.jpg 300w, http:\/\/www.slovenci-zagreb.hr\/si\/wp-content\/uploads\/sites\/2\/2020\/06\/K1-400x267.jpg 400w, http:\/\/www.slovenci-zagreb.hr\/si\/wp-content\/uploads\/sites\/2\/2020\/06\/K1-600x401.jpg 600w, http:\/\/www.slovenci-zagreb.hr\/si\/wp-content\/uploads\/sites\/2\/2020\/06\/K1-768x513.jpg 768w, http:\/\/www.slovenci-zagreb.hr\/si\/wp-content\/uploads\/sites\/2\/2020\/06\/K1-800x534.jpg 800w, http:\/\/www.slovenci-zagreb.hr\/si\/wp-content\/uploads\/sites\/2\/2020\/06\/K1-1024x684.jpg 1024w, http:\/\/www.slovenci-zagreb.hr\/si\/wp-content\/uploads\/sites\/2\/2020\/06\/K1-1200x802.jpg 1200w\" sizes=\"(max-width: 300px) 100vw, 300px\" \/><\/a>\n\t\t\t<\/dt>\n\t\t\t\t<dd class='wp-caption-text gallery-caption' id='gallery-1-4325'>\n\t\t\t\t\u010clani so lahko prelistali novo \u0161tevilko Novega odmeva.\n\t\t\t\t<\/dd><\/dl><dl class='gallery-item'>\n\t\t\t<dt class='gallery-icon landscape'>\n\t\t\t\t<a href='http:\/\/www.slovenci-zagreb.hr\/si\/wp-content\/uploads\/sites\/2\/2020\/06\/K2.jpg'><img decoding=\"async\" width=\"300\" height=\"201\" src=\"http:\/\/www.slovenci-zagreb.hr\/si\/wp-content\/uploads\/sites\/2\/2020\/06\/K2-300x201.jpg\" class=\"attachment-medium size-medium\" alt=\"\" srcset=\"http:\/\/www.slovenci-zagreb.hr\/si\/wp-content\/uploads\/sites\/2\/2020\/06\/K2-200x134.jpg 200w, http:\/\/www.slovenci-zagreb.hr\/si\/wp-content\/uploads\/sites\/2\/2020\/06\/K2-300x201.jpg 300w, http:\/\/www.slovenci-zagreb.hr\/si\/wp-content\/uploads\/sites\/2\/2020\/06\/K2-400x267.jpg 400w, http:\/\/www.slovenci-zagreb.hr\/si\/wp-content\/uploads\/sites\/2\/2020\/06\/K2-600x401.jpg 600w, http:\/\/www.slovenci-zagreb.hr\/si\/wp-content\/uploads\/sites\/2\/2020\/06\/K2.jpg 700w\" sizes=\"(max-width: 300px) 100vw, 300px\" \/><\/a>\n\t\t\t<\/dt><\/dl><br style=\"clear: both\" \/>\n\t\t<\/div>\n\n","protected":false},"excerpt":{"rendered":"<p>Zagreb &#8211;\u00a0V Slovenskem domu Zagreb je bilo prvo \u201epokoronsko\u201c sre\u010danje&#8221; na katerem so se po ve\u010dmese\u010dnem premoru, ki ga je povzro\u010dil koronavirus, sestali \u010dlani\u00a0 dru\u0161tva in Sveta slovenske narodne manj\u0161ine Mesta Zagreb. Predsednik Darko \u0160onc je izrazil zadovoljstvo z odzivom \u010dlanov in poudaril, da je bil zadnji dogodek v dru\u0161tvu pred prisilnim premorom zaradi koronavirusa [&hellip;]<\/p>\n","protected":false},"author":3,"featured_media":4326,"comment_status":"closed","ping_status":"open","sticky":false,"template":"","format":"standard","meta":{"footnotes":""},"categories":[5],"tags":[],"yoast_head":"<!-- This site is optimized with the Yoast SEO plugin v22.0 - https:\/\/yoast.com\/wordpress\/plugins\/seo\/ -->\n<title>Prvo \u201epokoronsko\u201c sre\u010danje | Slovenski dom in Svet slovenske nacionalne manj\u0161ine Mesta Zagreb<\/title>\n<meta name=\"robots\" content=\"index, follow, max-snippet:-1, max-image-preview:large, max-video-preview:-1\" \/>\n<link rel=\"canonical\" href=\"http:\/\/www.slovenci-zagreb.hr\/si\/prvo-pokoronsko-srecanje\/\" \/>\n<meta property=\"og:locale\" content=\"sl_SI\" \/>\n<meta property=\"og:type\" content=\"article\" \/>\n<meta property=\"og:title\" content=\"Prvo \u201epokoronsko\u201c sre\u010danje | Slovenski dom in Svet slovenske nacionalne manj\u0161ine Mesta Zagreb\" \/>\n<meta property=\"og:description\" content=\"Zagreb &#8211;\u00a0V Slovenskem domu Zagreb je bilo prvo \u201epokoronsko\u201c sre\u010danje&#8221; na katerem so se po ve\u010dmese\u010dnem premoru, ki ga je povzro\u010dil koronavirus, sestali \u010dlani\u00a0 dru\u0161tva in Sveta slovenske narodne manj\u0161ine Mesta Zagreb. Predsednik Darko \u0160onc je izrazil zadovoljstvo z odzivom \u010dlanov in poudaril, da je bil zadnji dogodek v dru\u0161tvu pred prisilnim premorom zaradi koronavirusa [&hellip;]\" \/>\n<meta property=\"og:url\" content=\"http:\/\/www.slovenci-zagreb.hr\/si\/prvo-pokoronsko-srecanje\/\" \/>\n<meta property=\"og:site_name\" content=\"Slovenski dom in Svet slovenske nacionalne manj\u0161ine Mesta Zagreb\" \/>\n<meta property=\"article:published_time\" content=\"2020-06-19T09:55:56+00:00\" \/>\n<meta property=\"article:modified_time\" content=\"2020-06-23T18:04:32+00:00\" \/>\n<meta property=\"og:image\" content=\"http:\/\/www.slovenci-zagreb.hr\/si\/wp-content\/uploads\/sites\/2\/2020\/06\/K2.jpg\" \/>\n\t<meta property=\"og:image:width\" content=\"700\" \/>\n\t<meta property=\"og:image:height\" content=\"468\" \/>\n\t<meta property=\"og:image:type\" content=\"image\/jpeg\" \/>\n<meta name=\"author\" content=\"agata\" \/>\n<meta name=\"twitter:label1\" content=\"Written by\" \/>\n\t<meta name=\"twitter:data1\" content=\"agata\" \/>\n\t<meta name=\"twitter:label2\" content=\"Est. reading time\" \/>\n\t<meta name=\"twitter:data2\" content=\"1 minuta\" \/>\n<script type=\"application\/ld+json\" class=\"yoast-schema-graph\">{\"@context\":\"https:\/\/schema.org\",\"@graph\":[{\"@type\":\"WebPage\",\"@id\":\"http:\/\/www.slovenci-zagreb.hr\/si\/prvo-pokoronsko-srecanje\/\",\"url\":\"http:\/\/www.slovenci-zagreb.hr\/si\/prvo-pokoronsko-srecanje\/\",\"name\":\"Prvo \u201epokoronsko\u201c sre\u010danje | Slovenski dom in Svet slovenske nacionalne manj\u0161ine Mesta Zagreb\",\"isPartOf\":{\"@id\":\"http:\/\/www.slovenci-zagreb.hr\/si\/#website\"},\"datePublished\":\"2020-06-19T09:55:56+00:00\",\"dateModified\":\"2020-06-23T18:04:32+00:00\",\"author\":{\"@id\":\"http:\/\/www.slovenci-zagreb.hr\/si\/#\/schema\/person\/a34ecc40aa73e6dd78780facef777d32\"},\"breadcrumb\":{\"@id\":\"http:\/\/www.slovenci-zagreb.hr\/si\/prvo-pokoronsko-srecanje\/#breadcrumb\"},\"inLanguage\":\"sl-SI\",\"potentialAction\":[{\"@type\":\"ReadAction\",\"target\":[\"http:\/\/www.slovenci-zagreb.hr\/si\/prvo-pokoronsko-srecanje\/\"]}]},{\"@type\":\"BreadcrumbList\",\"@id\":\"http:\/\/www.slovenci-zagreb.hr\/si\/prvo-pokoronsko-srecanje\/#breadcrumb\",\"itemListElement\":[{\"@type\":\"ListItem\",\"position\":1,\"name\":\"Home\",\"item\":\"http:\/\/www.slovenci-zagreb.hr\/si\/\"},{\"@type\":\"ListItem\",\"position\":2,\"name\":\"Prvo \u201epokoronsko\u201c sre\u010danje\"}]},{\"@type\":\"WebSite\",\"@id\":\"http:\/\/www.slovenci-zagreb.hr\/si\/#website\",\"url\":\"http:\/\/www.slovenci-zagreb.hr\/si\/\",\"name\":\"Slovenski dom in Svet slovenske nacionalne manj\u0161ine Mesta Zagreb\",\"description\":\"\",\"potentialAction\":[{\"@type\":\"SearchAction\",\"target\":{\"@type\":\"EntryPoint\",\"urlTemplate\":\"http:\/\/www.slovenci-zagreb.hr\/si\/?s={search_term_string}\"},\"query-input\":\"required name=search_term_string\"}],\"inLanguage\":\"sl-SI\"},{\"@type\":\"Person\",\"@id\":\"http:\/\/www.slovenci-zagreb.hr\/si\/#\/schema\/person\/a34ecc40aa73e6dd78780facef777d32\",\"name\":\"agata\",\"image\":{\"@type\":\"ImageObject\",\"inLanguage\":\"sl-SI\",\"@id\":\"http:\/\/www.slovenci-zagreb.hr\/si\/#\/schema\/person\/image\/\",\"url\":\"http:\/\/1.gravatar.com\/avatar\/42c070b2dbf14a48e0639733f946c907?s=96&d=mm&r=g\",\"contentUrl\":\"http:\/\/1.gravatar.com\/avatar\/42c070b2dbf14a48e0639733f946c907?s=96&d=mm&r=g\",\"caption\":\"agata\"},\"url\":\"http:\/\/www.slovenci-zagreb.hr\/si\/author\/agata\/\"}]}<\/script>\n<!-- \/ Yoast SEO plugin. -->","yoast_head_json":{"title":"Prvo \u201epokoronsko\u201c sre\u010danje | Slovenski dom in Svet slovenske nacionalne manj\u0161ine Mesta Zagreb","robots":{"index":"index","follow":"follow","max-snippet":"max-snippet:-1","max-image-preview":"max-image-preview:large","max-video-preview":"max-video-preview:-1"},"canonical":"http:\/\/www.slovenci-zagreb.hr\/si\/prvo-pokoronsko-srecanje\/","og_locale":"sl_SI","og_type":"article","og_title":"Prvo \u201epokoronsko\u201c sre\u010danje | Slovenski dom in Svet slovenske nacionalne manj\u0161ine Mesta Zagreb","og_description":"Zagreb &#8211;\u00a0V Slovenskem domu Zagreb je bilo prvo \u201epokoronsko\u201c sre\u010danje&#8221; na katerem so se po ve\u010dmese\u010dnem premoru, ki ga je povzro\u010dil koronavirus, sestali \u010dlani\u00a0 dru\u0161tva in Sveta slovenske narodne manj\u0161ine Mesta Zagreb. Predsednik Darko \u0160onc je izrazil zadovoljstvo z odzivom \u010dlanov in poudaril, da je bil zadnji dogodek v dru\u0161tvu pred prisilnim premorom zaradi koronavirusa [&hellip;]","og_url":"http:\/\/www.slovenci-zagreb.hr\/si\/prvo-pokoronsko-srecanje\/","og_site_name":"Slovenski dom in Svet slovenske nacionalne manj\u0161ine Mesta Zagreb","article_published_time":"2020-06-19T09:55:56+00:00","article_modified_time":"2020-06-23T18:04:32+00:00","og_image":[{"width":700,"height":468,"url":"http:\/\/www.slovenci-zagreb.hr\/si\/wp-content\/uploads\/sites\/2\/2020\/06\/K2.jpg","type":"image\/jpeg"}],"author":"agata","twitter_misc":{"Written by":"agata","Est. reading time":"1 minuta"},"schema":{"@context":"https:\/\/schema.org","@graph":[{"@type":"WebPage","@id":"http:\/\/www.slovenci-zagreb.hr\/si\/prvo-pokoronsko-srecanje\/","url":"http:\/\/www.slovenci-zagreb.hr\/si\/prvo-pokoronsko-srecanje\/","name":"Prvo \u201epokoronsko\u201c sre\u010danje | Slovenski dom in Svet slovenske nacionalne manj\u0161ine Mesta Zagreb","isPartOf":{"@id":"http:\/\/www.slovenci-zagreb.hr\/si\/#website"},"datePublished":"2020-06-19T09:55:56+00:00","dateModified":"2020-06-23T18:04:32+00:00","author":{"@id":"http:\/\/www.slovenci-zagreb.hr\/si\/#\/schema\/person\/a34ecc40aa73e6dd78780facef777d32"},"breadcrumb":{"@id":"http:\/\/www.slovenci-zagreb.hr\/si\/prvo-pokoronsko-srecanje\/#breadcrumb"},"inLanguage":"sl-SI","potentialAction":[{"@type":"ReadAction","target":["http:\/\/www.slovenci-zagreb.hr\/si\/prvo-pokoronsko-srecanje\/"]}]},{"@type":"BreadcrumbList","@id":"http:\/\/www.slovenci-zagreb.hr\/si\/prvo-pokoronsko-srecanje\/#breadcrumb","itemListElement":[{"@type":"ListItem","position":1,"name":"Home","item":"http:\/\/www.slovenci-zagreb.hr\/si\/"},{"@type":"ListItem","position":2,"name":"Prvo \u201epokoronsko\u201c sre\u010danje"}]},{"@type":"WebSite","@id":"http:\/\/www.slovenci-zagreb.hr\/si\/#website","url":"http:\/\/www.slovenci-zagreb.hr\/si\/","name":"Slovenski dom in Svet slovenske nacionalne manj\u0161ine Mesta Zagreb","description":"","potentialAction":[{"@type":"SearchAction","target":{"@type":"EntryPoint","urlTemplate":"http:\/\/www.slovenci-zagreb.hr\/si\/?s={search_term_string}"},"query-input":"required name=search_term_string"}],"inLanguage":"sl-SI"},{"@type":"Person","@id":"http:\/\/www.slovenci-zagreb.hr\/si\/#\/schema\/person\/a34ecc40aa73e6dd78780facef777d32","name":"agata","image":{"@type":"ImageObject","inLanguage":"sl-SI","@id":"http:\/\/www.slovenci-zagreb.hr\/si\/#\/schema\/person\/image\/","url":"http:\/\/1.gravatar.com\/avatar\/42c070b2dbf14a48e0639733f946c907?s=96&d=mm&r=g","contentUrl":"http:\/\/1.gravatar.com\/avatar\/42c070b2dbf14a48e0639733f946c907?s=96&d=mm&r=g","caption":"agata"},"url":"http:\/\/www.slovenci-zagreb.hr\/si\/author\/agata\/"}]}},"_links":{"self":[{"href":"http:\/\/www.slovenci-zagreb.hr\/si\/wp-json\/wp\/v2\/posts\/4324"}],"collection":[{"href":"http:\/\/www.slovenci-zagreb.hr\/si\/wp-json\/wp\/v2\/posts"}],"about":[{"href":"http:\/\/www.slovenci-zagreb.hr\/si\/wp-json\/wp\/v2\/types\/post"}],"author":[{"embeddable":true,"href":"http:\/\/www.slovenci-zagreb.hr\/si\/wp-json\/wp\/v2\/users\/3"}],"replies":[{"embeddable":true,"href":"http:\/\/www.slovenci-zagreb.hr\/si\/wp-json\/wp\/v2\/comments?post=4324"}],"version-history":[{"count":4,"href":"http:\/\/www.slovenci-zagreb.hr\/si\/wp-json\/wp\/v2\/posts\/4324\/revisions"}],"predecessor-version":[{"id":4335,"href":"http:\/\/www.slovenci-zagreb.hr\/si\/wp-json\/wp\/v2\/posts\/4324\/revisions\/4335"}],"wp:featuredmedia":[{"embeddable":true,"href":"http:\/\/www.slovenci-zagreb.hr\/si\/wp-json\/wp\/v2\/media\/4326"}],"wp:attachment":[{"href":"http:\/\/www.slovenci-zagreb.hr\/si\/wp-json\/wp\/v2\/media?parent=4324"}],"wp:term":[{"taxonomy":"category","embeddable":true,"href":"http:\/\/www.slovenci-zagreb.hr\/si\/wp-json\/wp\/v2\/categories?post=4324"},{"taxonomy":"post_tag","embeddable":true,"href":"http:\/\/www.slovenci-zagreb.hr\/si\/wp-json\/wp\/v2\/tags?post=4324"}],"curies":[{"name":"wp","href":"https:\/\/api.w.org\/{rel}","templated":true}]}}