{"id":4851,"date":"2021-06-10T12:11:19","date_gmt":"2021-06-10T10:11:19","guid":{"rendered":"http:\/\/www.slovenci-zagreb.hr\/si\/?p=4851"},"modified":"2021-06-10T12:30:20","modified_gmt":"2021-06-10T10:30:20","slug":"festival-ljubljana-kraj-kjer-tudi-poletje-sanje-postanejo-resnicnost","status":"publish","type":"post","link":"http:\/\/www.slovenci-zagreb.hr\/si\/festival-ljubljana-kraj-kjer-tudi-poletje-sanje-postanejo-resnicnost\/","title":{"rendered":"Festival Ljubljana &#8211; kraj, kjer bodo tudi to poletje sanje postale resni\u010dnost"},"content":{"rendered":"<p>V svoji 69. izdaji bo Festival Ljubljana od 1. julija do 8. septembra kraj, kjer bodo sanje postale resni\u010dnost, ki jo bodo do\u017eiveli ljubitelji klasi\u010dne in moderne klasi\u010dne glasbe, je bilo poudarjeno v\u010deraj na predstavitvi festivala v preddverju Male dvorane Lisinski v Zagrebu. Besede o \u201esanjah, ki postanejo resni\u010dnost&#8221;, ki jih je na za\u010detku tiskovne konference izrekel ravnatelj Koncertne dvorane Varoslava Lisinskega Dra\u017een Siri\u0161\u010devi\u0107, so dobile potrditev v programu Festivala Ljubljana, ki ga je predstavil direktor festivala Darko Brlek.\u00a0 <a href=\"https:\/\/www.tportal.hr\/kultura\/clanak\/festival-ljubljana-mjesto-gdje-i-ovoga-ljeta-san-postaje-stvarnost-20210609\">\u00a0\u00a0https:\/\/www.tportal.hr\/kultura\/clanak\/festival-ljubljana-mjesto-gdje-i-ovoga-ljeta-san-postaje-stvarnost-20210609<\/a><\/p>\n<p><a href=\"https:\/\/ljubljanafestival.si\/\">https:\/\/ljubljanafestival.si\/<\/a><\/p>\n\n\t\t<style type=\"text\/css\">\n\t\t\t#gallery-1 {\n\t\t\t\tmargin: auto;\n\t\t\t}\n\t\t\t#gallery-1 .gallery-item {\n\t\t\t\tfloat: left;\n\t\t\t\tmargin-top: 10px;\n\t\t\t\ttext-align: center;\n\t\t\t\twidth: 100%;\n\t\t\t}\n\t\t\t#gallery-1 img {\n\t\t\t\tborder: 2px solid #cfcfcf;\n\t\t\t}\n\t\t\t#gallery-1 .gallery-caption {\n\t\t\t\tmargin-left: 0;\n\t\t\t}\n\t\t\t\/* see gallery_shortcode() in wp-includes\/media.php *\/\n\t\t<\/style>\n\t\t<div id='gallery-1' class='gallery galleryid-4851 gallery-columns-1 gallery-size-medium'><dl class='gallery-item'>\n\t\t\t<dt class='gallery-icon landscape'>\n\t\t\t\t<a href='http:\/\/www.slovenci-zagreb.hr\/si\/wp-content\/uploads\/sites\/2\/2021\/06\/69-LF-kartica-logo.jpg'><img decoding=\"async\" width=\"300\" height=\"274\" src=\"http:\/\/www.slovenci-zagreb.hr\/si\/wp-content\/uploads\/sites\/2\/2021\/06\/69-LF-kartica-logo-300x274.jpg\" class=\"attachment-medium size-medium\" alt=\"\" srcset=\"http:\/\/www.slovenci-zagreb.hr\/si\/wp-content\/uploads\/sites\/2\/2021\/06\/69-LF-kartica-logo-200x183.jpg 200w, http:\/\/www.slovenci-zagreb.hr\/si\/wp-content\/uploads\/sites\/2\/2021\/06\/69-LF-kartica-logo-300x274.jpg 300w, http:\/\/www.slovenci-zagreb.hr\/si\/wp-content\/uploads\/sites\/2\/2021\/06\/69-LF-kartica-logo-400x366.jpg 400w, http:\/\/www.slovenci-zagreb.hr\/si\/wp-content\/uploads\/sites\/2\/2021\/06\/69-LF-kartica-logo-600x549.jpg 600w, http:\/\/www.slovenci-zagreb.hr\/si\/wp-content\/uploads\/sites\/2\/2021\/06\/69-LF-kartica-logo.jpg 700w\" sizes=\"(max-width: 300px) 100vw, 300px\" \/><\/a>\n\t\t\t<\/dt><\/dl><br style=\"clear: both\" \/>\n\t\t<\/div>\n\n","protected":false},"excerpt":{"rendered":"<p>V svoji 69. izdaji bo Festival Ljubljana od 1. julija do 8. septembra kraj, kjer bodo sanje postale resni\u010dnost, ki jo bodo do\u017eiveli ljubitelji klasi\u010dne in moderne klasi\u010dne glasbe, je bilo poudarjeno v\u010deraj na predstavitvi festivala v preddverju Male dvorane Lisinski v Zagrebu. Besede o \u201esanjah, ki postanejo resni\u010dnost&#8221;, ki jih je na za\u010detku tiskovne [&hellip;]<\/p>\n","protected":false},"author":3,"featured_media":4855,"comment_status":"closed","ping_status":"open","sticky":false,"template":"","format":"standard","meta":{"footnotes":""},"categories":[5],"tags":[],"yoast_head":"<!-- This site is optimized with the Yoast SEO plugin v22.0 - https:\/\/yoast.com\/wordpress\/plugins\/seo\/ -->\n<title>Festival Ljubljana - kraj, kjer bodo tudi to poletje sanje postale resni\u010dnost | Slovenski dom in Svet slovenske nacionalne manj\u0161ine Mesta Zagreb<\/title>\n<meta name=\"robots\" content=\"index, follow, max-snippet:-1, max-image-preview:large, max-video-preview:-1\" \/>\n<link rel=\"canonical\" href=\"http:\/\/www.slovenci-zagreb.hr\/si\/festival-ljubljana-kraj-kjer-tudi-poletje-sanje-postanejo-resnicnost\/\" \/>\n<meta property=\"og:locale\" content=\"sl_SI\" \/>\n<meta property=\"og:type\" content=\"article\" \/>\n<meta property=\"og:title\" content=\"Festival Ljubljana - kraj, kjer bodo tudi to poletje sanje postale resni\u010dnost | Slovenski dom in Svet slovenske nacionalne manj\u0161ine Mesta Zagreb\" \/>\n<meta property=\"og:description\" content=\"V svoji 69. izdaji bo Festival Ljubljana od 1. julija do 8. septembra kraj, kjer bodo sanje postale resni\u010dnost, ki jo bodo do\u017eiveli ljubitelji klasi\u010dne in moderne klasi\u010dne glasbe, je bilo poudarjeno v\u010deraj na predstavitvi festivala v preddverju Male dvorane Lisinski v Zagrebu. Besede o \u201esanjah, ki postanejo resni\u010dnost&#8221;, ki jih je na za\u010detku tiskovne [&hellip;]\" \/>\n<meta property=\"og:url\" content=\"http:\/\/www.slovenci-zagreb.hr\/si\/festival-ljubljana-kraj-kjer-tudi-poletje-sanje-postanejo-resnicnost\/\" \/>\n<meta property=\"og:site_name\" content=\"Slovenski dom in Svet slovenske nacionalne manj\u0161ine Mesta Zagreb\" \/>\n<meta property=\"article:published_time\" content=\"2021-06-10T10:11:19+00:00\" \/>\n<meta property=\"article:modified_time\" content=\"2021-06-10T10:30:20+00:00\" \/>\n<meta property=\"og:image\" content=\"http:\/\/www.slovenci-zagreb.hr\/si\/wp-content\/uploads\/sites\/2\/2021\/06\/69-LF-kartica-logo.jpg\" \/>\n\t<meta property=\"og:image:width\" content=\"700\" \/>\n\t<meta property=\"og:image:height\" content=\"640\" \/>\n\t<meta property=\"og:image:type\" content=\"image\/jpeg\" \/>\n<meta name=\"author\" content=\"agata\" \/>\n<meta name=\"twitter:label1\" content=\"Written by\" \/>\n\t<meta name=\"twitter:data1\" content=\"agata\" \/>\n\t<meta name=\"twitter:label2\" content=\"Est. reading time\" \/>\n\t<meta name=\"twitter:data2\" content=\"1 minuta\" \/>\n<script type=\"application\/ld+json\" class=\"yoast-schema-graph\">{\"@context\":\"https:\/\/schema.org\",\"@graph\":[{\"@type\":\"WebPage\",\"@id\":\"http:\/\/www.slovenci-zagreb.hr\/si\/festival-ljubljana-kraj-kjer-tudi-poletje-sanje-postanejo-resnicnost\/\",\"url\":\"http:\/\/www.slovenci-zagreb.hr\/si\/festival-ljubljana-kraj-kjer-tudi-poletje-sanje-postanejo-resnicnost\/\",\"name\":\"Festival Ljubljana - kraj, kjer bodo tudi to poletje sanje postale resni\u010dnost | Slovenski dom in Svet slovenske nacionalne manj\u0161ine Mesta Zagreb\",\"isPartOf\":{\"@id\":\"http:\/\/www.slovenci-zagreb.hr\/si\/#website\"},\"datePublished\":\"2021-06-10T10:11:19+00:00\",\"dateModified\":\"2021-06-10T10:30:20+00:00\",\"author\":{\"@id\":\"http:\/\/www.slovenci-zagreb.hr\/si\/#\/schema\/person\/a34ecc40aa73e6dd78780facef777d32\"},\"breadcrumb\":{\"@id\":\"http:\/\/www.slovenci-zagreb.hr\/si\/festival-ljubljana-kraj-kjer-tudi-poletje-sanje-postanejo-resnicnost\/#breadcrumb\"},\"inLanguage\":\"sl-SI\",\"potentialAction\":[{\"@type\":\"ReadAction\",\"target\":[\"http:\/\/www.slovenci-zagreb.hr\/si\/festival-ljubljana-kraj-kjer-tudi-poletje-sanje-postanejo-resnicnost\/\"]}]},{\"@type\":\"BreadcrumbList\",\"@id\":\"http:\/\/www.slovenci-zagreb.hr\/si\/festival-ljubljana-kraj-kjer-tudi-poletje-sanje-postanejo-resnicnost\/#breadcrumb\",\"itemListElement\":[{\"@type\":\"ListItem\",\"position\":1,\"name\":\"Home\",\"item\":\"http:\/\/www.slovenci-zagreb.hr\/si\/\"},{\"@type\":\"ListItem\",\"position\":2,\"name\":\"Festival Ljubljana &#8211; kraj, kjer bodo tudi to poletje sanje postale resni\u010dnost\"}]},{\"@type\":\"WebSite\",\"@id\":\"http:\/\/www.slovenci-zagreb.hr\/si\/#website\",\"url\":\"http:\/\/www.slovenci-zagreb.hr\/si\/\",\"name\":\"Slovenski dom in Svet slovenske nacionalne manj\u0161ine Mesta Zagreb\",\"description\":\"\",\"potentialAction\":[{\"@type\":\"SearchAction\",\"target\":{\"@type\":\"EntryPoint\",\"urlTemplate\":\"http:\/\/www.slovenci-zagreb.hr\/si\/?s={search_term_string}\"},\"query-input\":\"required name=search_term_string\"}],\"inLanguage\":\"sl-SI\"},{\"@type\":\"Person\",\"@id\":\"http:\/\/www.slovenci-zagreb.hr\/si\/#\/schema\/person\/a34ecc40aa73e6dd78780facef777d32\",\"name\":\"agata\",\"image\":{\"@type\":\"ImageObject\",\"inLanguage\":\"sl-SI\",\"@id\":\"http:\/\/www.slovenci-zagreb.hr\/si\/#\/schema\/person\/image\/\",\"url\":\"http:\/\/1.gravatar.com\/avatar\/42c070b2dbf14a48e0639733f946c907?s=96&d=mm&r=g\",\"contentUrl\":\"http:\/\/1.gravatar.com\/avatar\/42c070b2dbf14a48e0639733f946c907?s=96&d=mm&r=g\",\"caption\":\"agata\"},\"url\":\"http:\/\/www.slovenci-zagreb.hr\/si\/author\/agata\/\"}]}<\/script>\n<!-- \/ Yoast SEO plugin. -->","yoast_head_json":{"title":"Festival Ljubljana - kraj, kjer bodo tudi to poletje sanje postale resni\u010dnost | Slovenski dom in Svet slovenske nacionalne manj\u0161ine Mesta Zagreb","robots":{"index":"index","follow":"follow","max-snippet":"max-snippet:-1","max-image-preview":"max-image-preview:large","max-video-preview":"max-video-preview:-1"},"canonical":"http:\/\/www.slovenci-zagreb.hr\/si\/festival-ljubljana-kraj-kjer-tudi-poletje-sanje-postanejo-resnicnost\/","og_locale":"sl_SI","og_type":"article","og_title":"Festival Ljubljana - kraj, kjer bodo tudi to poletje sanje postale resni\u010dnost | Slovenski dom in Svet slovenske nacionalne manj\u0161ine Mesta Zagreb","og_description":"V svoji 69. izdaji bo Festival Ljubljana od 1. julija do 8. septembra kraj, kjer bodo sanje postale resni\u010dnost, ki jo bodo do\u017eiveli ljubitelji klasi\u010dne in moderne klasi\u010dne glasbe, je bilo poudarjeno v\u010deraj na predstavitvi festivala v preddverju Male dvorane Lisinski v Zagrebu. Besede o \u201esanjah, ki postanejo resni\u010dnost&#8221;, ki jih je na za\u010detku tiskovne [&hellip;]","og_url":"http:\/\/www.slovenci-zagreb.hr\/si\/festival-ljubljana-kraj-kjer-tudi-poletje-sanje-postanejo-resnicnost\/","og_site_name":"Slovenski dom in Svet slovenske nacionalne manj\u0161ine Mesta Zagreb","article_published_time":"2021-06-10T10:11:19+00:00","article_modified_time":"2021-06-10T10:30:20+00:00","og_image":[{"width":700,"height":640,"url":"http:\/\/www.slovenci-zagreb.hr\/si\/wp-content\/uploads\/sites\/2\/2021\/06\/69-LF-kartica-logo.jpg","type":"image\/jpeg"}],"author":"agata","twitter_misc":{"Written by":"agata","Est. reading time":"1 minuta"},"schema":{"@context":"https:\/\/schema.org","@graph":[{"@type":"WebPage","@id":"http:\/\/www.slovenci-zagreb.hr\/si\/festival-ljubljana-kraj-kjer-tudi-poletje-sanje-postanejo-resnicnost\/","url":"http:\/\/www.slovenci-zagreb.hr\/si\/festival-ljubljana-kraj-kjer-tudi-poletje-sanje-postanejo-resnicnost\/","name":"Festival Ljubljana - kraj, kjer bodo tudi to poletje sanje postale resni\u010dnost | Slovenski dom in Svet slovenske nacionalne manj\u0161ine Mesta Zagreb","isPartOf":{"@id":"http:\/\/www.slovenci-zagreb.hr\/si\/#website"},"datePublished":"2021-06-10T10:11:19+00:00","dateModified":"2021-06-10T10:30:20+00:00","author":{"@id":"http:\/\/www.slovenci-zagreb.hr\/si\/#\/schema\/person\/a34ecc40aa73e6dd78780facef777d32"},"breadcrumb":{"@id":"http:\/\/www.slovenci-zagreb.hr\/si\/festival-ljubljana-kraj-kjer-tudi-poletje-sanje-postanejo-resnicnost\/#breadcrumb"},"inLanguage":"sl-SI","potentialAction":[{"@type":"ReadAction","target":["http:\/\/www.slovenci-zagreb.hr\/si\/festival-ljubljana-kraj-kjer-tudi-poletje-sanje-postanejo-resnicnost\/"]}]},{"@type":"BreadcrumbList","@id":"http:\/\/www.slovenci-zagreb.hr\/si\/festival-ljubljana-kraj-kjer-tudi-poletje-sanje-postanejo-resnicnost\/#breadcrumb","itemListElement":[{"@type":"ListItem","position":1,"name":"Home","item":"http:\/\/www.slovenci-zagreb.hr\/si\/"},{"@type":"ListItem","position":2,"name":"Festival Ljubljana &#8211; kraj, kjer bodo tudi to poletje sanje postale resni\u010dnost"}]},{"@type":"WebSite","@id":"http:\/\/www.slovenci-zagreb.hr\/si\/#website","url":"http:\/\/www.slovenci-zagreb.hr\/si\/","name":"Slovenski dom in Svet slovenske nacionalne manj\u0161ine Mesta Zagreb","description":"","potentialAction":[{"@type":"SearchAction","target":{"@type":"EntryPoint","urlTemplate":"http:\/\/www.slovenci-zagreb.hr\/si\/?s={search_term_string}"},"query-input":"required name=search_term_string"}],"inLanguage":"sl-SI"},{"@type":"Person","@id":"http:\/\/www.slovenci-zagreb.hr\/si\/#\/schema\/person\/a34ecc40aa73e6dd78780facef777d32","name":"agata","image":{"@type":"ImageObject","inLanguage":"sl-SI","@id":"http:\/\/www.slovenci-zagreb.hr\/si\/#\/schema\/person\/image\/","url":"http:\/\/1.gravatar.com\/avatar\/42c070b2dbf14a48e0639733f946c907?s=96&d=mm&r=g","contentUrl":"http:\/\/1.gravatar.com\/avatar\/42c070b2dbf14a48e0639733f946c907?s=96&d=mm&r=g","caption":"agata"},"url":"http:\/\/www.slovenci-zagreb.hr\/si\/author\/agata\/"}]}},"_links":{"self":[{"href":"http:\/\/www.slovenci-zagreb.hr\/si\/wp-json\/wp\/v2\/posts\/4851"}],"collection":[{"href":"http:\/\/www.slovenci-zagreb.hr\/si\/wp-json\/wp\/v2\/posts"}],"about":[{"href":"http:\/\/www.slovenci-zagreb.hr\/si\/wp-json\/wp\/v2\/types\/post"}],"author":[{"embeddable":true,"href":"http:\/\/www.slovenci-zagreb.hr\/si\/wp-json\/wp\/v2\/users\/3"}],"replies":[{"embeddable":true,"href":"http:\/\/www.slovenci-zagreb.hr\/si\/wp-json\/wp\/v2\/comments?post=4851"}],"version-history":[{"count":5,"href":"http:\/\/www.slovenci-zagreb.hr\/si\/wp-json\/wp\/v2\/posts\/4851\/revisions"}],"predecessor-version":[{"id":4858,"href":"http:\/\/www.slovenci-zagreb.hr\/si\/wp-json\/wp\/v2\/posts\/4851\/revisions\/4858"}],"wp:featuredmedia":[{"embeddable":true,"href":"http:\/\/www.slovenci-zagreb.hr\/si\/wp-json\/wp\/v2\/media\/4855"}],"wp:attachment":[{"href":"http:\/\/www.slovenci-zagreb.hr\/si\/wp-json\/wp\/v2\/media?parent=4851"}],"wp:term":[{"taxonomy":"category","embeddable":true,"href":"http:\/\/www.slovenci-zagreb.hr\/si\/wp-json\/wp\/v2\/categories?post=4851"},{"taxonomy":"post_tag","embeddable":true,"href":"http:\/\/www.slovenci-zagreb.hr\/si\/wp-json\/wp\/v2\/tags?post=4851"}],"curies":[{"name":"wp","href":"https:\/\/api.w.org\/{rel}","templated":true}]}}