{"id":5141,"date":"2021-10-18T15:41:15","date_gmt":"2021-10-18T13:41:15","guid":{"rendered":"http:\/\/www.slovenci-zagreb.hr\/si\/?p=5141"},"modified":"2021-10-30T00:29:24","modified_gmt":"2021-10-29T22:29:24","slug":"odkrit-spomenik-francetu-presernu","status":"publish","type":"post","link":"http:\/\/www.slovenci-zagreb.hr\/si\/odkrit-spomenik-francetu-presernu\/","title":{"rendered":"Odkrit spomenik Francetu Pre\u0161ernu"},"content":{"rendered":"<p>V Aleji pesnikov na zagreb\u0161kem jezeru Bundek je sve\u010dano odkrit spomenik slovenskemu pesniku Francetu Pre\u0161ernu. Republika Slovenija in slovenska narodna manj\u0161ina na Hrva\u0161kem s postavitvijo spomenika obele\u017eujeta 30. obletnico osamosvojitve Slovenije. Pobudo za postavitev spomenika je leta 2016 dalo Veleposlani\u0161tvo Republike Slovenije, ki je v sodelovanju s Slovenskim domom Zagreb postavilo spomenik.<\/p>\n<p>Predsednik Slovenskega doma Zagreb in Sveta slovenske narodne manj\u0161ine Mesta Zagreb Darko \u0160onc je izpostavil: \u201eSlovenci v Zagrebu imamo zdaj dva doma, stari Slovenski dom Zagreb na Masarykovi ulici in nov dom v lepem parku Bundek&#8221;, ter se zahvalil Mestu Zagreb, Hrva\u0161ki in Sloveniji. \u017dupan Mesta Zagreb Tomislav Toma\u0161evi\u0107 je v svojem govoru dejal, da je to velik dan za Hrva\u0161ko in Slovenijo ter za krepitev prijateljskih odnosov med na\u0161imi dr\u017eavami in mesti.<\/p>\n<p>Po kulturnem programu, v katerem so nastopili Zlatko O\u017ebolt, Tadej Pi\u0161ek, Marjan Krajna, Matic Zakonj\u0161ek in Ivana Mileti\u0107, sta predsednik Republike Hrva\u0161ke Zoran Milanovi\u0107 in predsednik Republike Slovenije Borut Pahor odkrila spomenik Francetu Pre\u0161ernu. (akm)<\/p>\n<p>Ve\u010d v Novem odmevu 77.<\/p>\n<p><iframe title=\"YouTube video player\" src=\"https:\/\/www.youtube.com\/embed\/F-bEXPLGrL8\" width=\"770\" height=\"433\" frameborder=\"0\" allowfullscreen=\"allowfullscreen\"><\/iframe><\/p>\n<p>Foto, video: Antun Bukovec<\/p>\n\n\t\t<style type=\"text\/css\">\n\t\t\t#gallery-1 {\n\t\t\t\tmargin: auto;\n\t\t\t}\n\t\t\t#gallery-1 .gallery-item {\n\t\t\t\tfloat: left;\n\t\t\t\tmargin-top: 10px;\n\t\t\t\ttext-align: center;\n\t\t\t\twidth: 16%;\n\t\t\t}\n\t\t\t#gallery-1 img {\n\t\t\t\tborder: 2px solid #cfcfcf;\n\t\t\t}\n\t\t\t#gallery-1 .gallery-caption {\n\t\t\t\tmargin-left: 0;\n\t\t\t}\n\t\t\t\/* see gallery_shortcode() in wp-includes\/media.php *\/\n\t\t<\/style>\n\t\t<div id='gallery-1' class='gallery galleryid-5141 gallery-columns-6 gallery-size-medium'><dl class='gallery-item'>\n\t\t\t<dt class='gallery-icon portrait'>\n\t\t\t\t<a href='http:\/\/www.slovenci-zagreb.hr\/si\/wp-content\/uploads\/sites\/2\/2021\/10\/FP16.jpg'><img decoding=\"async\" width=\"200\" height=\"300\" src=\"http:\/\/www.slovenci-zagreb.hr\/si\/wp-content\/uploads\/sites\/2\/2021\/10\/FP16-200x300.jpg\" class=\"attachment-medium size-medium\" alt=\"\" srcset=\"http:\/\/www.slovenci-zagreb.hr\/si\/wp-content\/uploads\/sites\/2\/2021\/10\/FP16-200x300.jpg 200w, http:\/\/www.slovenci-zagreb.hr\/si\/wp-content\/uploads\/sites\/2\/2021\/10\/FP16-400x601.jpg 400w, http:\/\/www.slovenci-zagreb.hr\/si\/wp-content\/uploads\/sites\/2\/2021\/10\/FP16-600x901.jpg 600w, http:\/\/www.slovenci-zagreb.hr\/si\/wp-content\/uploads\/sites\/2\/2021\/10\/FP16-682x1024.jpg 682w, http:\/\/www.slovenci-zagreb.hr\/si\/wp-content\/uploads\/sites\/2\/2021\/10\/FP16.jpg 700w\" sizes=\"(max-width: 200px) 100vw, 200px\" \/><\/a>\n\t\t\t<\/dt><\/dl><dl class='gallery-item'>\n\t\t\t<dt class='gallery-icon landscape'>\n\t\t\t\t<a href='http:\/\/www.slovenci-zagreb.hr\/si\/wp-content\/uploads\/sites\/2\/2021\/10\/FP15.jpg'><img decoding=\"async\" width=\"300\" height=\"200\" src=\"http:\/\/www.slovenci-zagreb.hr\/si\/wp-content\/uploads\/sites\/2\/2021\/10\/FP15-300x200.jpg\" class=\"attachment-medium size-medium\" alt=\"\" aria-describedby=\"gallery-1-5157\" srcset=\"http:\/\/www.slovenci-zagreb.hr\/si\/wp-content\/uploads\/sites\/2\/2021\/10\/FP15-200x133.jpg 200w, http:\/\/www.slovenci-zagreb.hr\/si\/wp-content\/uploads\/sites\/2\/2021\/10\/FP15-300x200.jpg 300w, http:\/\/www.slovenci-zagreb.hr\/si\/wp-content\/uploads\/sites\/2\/2021\/10\/FP15-400x267.jpg 400w, http:\/\/www.slovenci-zagreb.hr\/si\/wp-content\/uploads\/sites\/2\/2021\/10\/FP15-600x400.jpg 600w, http:\/\/www.slovenci-zagreb.hr\/si\/wp-content\/uploads\/sites\/2\/2021\/10\/FP15.jpg 700w\" sizes=\"(max-width: 300px) 100vw, 300px\" \/><\/a>\n\t\t\t<\/dt>\n\t\t\t\t<dd class='wp-caption-text gallery-caption' id='gallery-1-5157'>\n\t\t\t\tDoprsni kip je postavljen na kamnit podstavek iz kra\u0161kega marmorja, visok 170 cm, z vklesano sedmo kitico Zdravljice v slovenskem in hrva\u0161kem jeziku. Za ureditev okolice spomenika in pripravo temelja na predlagani mikrolokaciji na Bundeku je poskrbelo Mesto Zagreb.\n\t\t\t\t<\/dd><\/dl><dl class='gallery-item'>\n\t\t\t<dt class='gallery-icon portrait'>\n\t\t\t\t<a href='http:\/\/www.slovenci-zagreb.hr\/si\/wp-content\/uploads\/sites\/2\/2021\/10\/FP14.jpg'><img decoding=\"async\" width=\"200\" height=\"300\" src=\"http:\/\/www.slovenci-zagreb.hr\/si\/wp-content\/uploads\/sites\/2\/2021\/10\/FP14-200x300.jpg\" class=\"attachment-medium size-medium\" alt=\"\" aria-describedby=\"gallery-1-5156\" srcset=\"http:\/\/www.slovenci-zagreb.hr\/si\/wp-content\/uploads\/sites\/2\/2021\/10\/FP14-200x300.jpg 200w, http:\/\/www.slovenci-zagreb.hr\/si\/wp-content\/uploads\/sites\/2\/2021\/10\/FP14-400x601.jpg 400w, http:\/\/www.slovenci-zagreb.hr\/si\/wp-content\/uploads\/sites\/2\/2021\/10\/FP14-600x901.jpg 600w, http:\/\/www.slovenci-zagreb.hr\/si\/wp-content\/uploads\/sites\/2\/2021\/10\/FP14-682x1024.jpg 682w, http:\/\/www.slovenci-zagreb.hr\/si\/wp-content\/uploads\/sites\/2\/2021\/10\/FP14.jpg 700w\" sizes=\"(max-width: 200px) 100vw, 200px\" \/><\/a>\n\t\t\t<\/dt>\n\t\t\t\t<dd class='wp-caption-text gallery-caption' id='gallery-1-5156'>\n\t\t\t\tSpomenik je delo slovenskega akademskega kiparja Metoda Frlica.\n\t\t\t\t<\/dd><\/dl><dl class='gallery-item'>\n\t\t\t<dt class='gallery-icon landscape'>\n\t\t\t\t<a href='http:\/\/www.slovenci-zagreb.hr\/si\/wp-content\/uploads\/sites\/2\/2021\/10\/FP1.jpg'><img decoding=\"async\" width=\"300\" height=\"200\" src=\"http:\/\/www.slovenci-zagreb.hr\/si\/wp-content\/uploads\/sites\/2\/2021\/10\/FP1-300x200.jpg\" class=\"attachment-medium size-medium\" alt=\"\" srcset=\"http:\/\/www.slovenci-zagreb.hr\/si\/wp-content\/uploads\/sites\/2\/2021\/10\/FP1-200x133.jpg 200w, http:\/\/www.slovenci-zagreb.hr\/si\/wp-content\/uploads\/sites\/2\/2021\/10\/FP1-300x200.jpg 300w, http:\/\/www.slovenci-zagreb.hr\/si\/wp-content\/uploads\/sites\/2\/2021\/10\/FP1-400x267.jpg 400w, http:\/\/www.slovenci-zagreb.hr\/si\/wp-content\/uploads\/sites\/2\/2021\/10\/FP1-600x400.jpg 600w, http:\/\/www.slovenci-zagreb.hr\/si\/wp-content\/uploads\/sites\/2\/2021\/10\/FP1.jpg 700w\" sizes=\"(max-width: 300px) 100vw, 300px\" \/><\/a>\n\t\t\t<\/dt><\/dl><dl class='gallery-item'>\n\t\t\t<dt class='gallery-icon landscape'>\n\t\t\t\t<a href='http:\/\/www.slovenci-zagreb.hr\/si\/wp-content\/uploads\/sites\/2\/2021\/10\/FP1_DS.jpg'><img decoding=\"async\" width=\"300\" height=\"200\" src=\"http:\/\/www.slovenci-zagreb.hr\/si\/wp-content\/uploads\/sites\/2\/2021\/10\/FP1_DS-300x200.jpg\" class=\"attachment-medium size-medium\" alt=\"\" srcset=\"http:\/\/www.slovenci-zagreb.hr\/si\/wp-content\/uploads\/sites\/2\/2021\/10\/FP1_DS-200x133.jpg 200w, http:\/\/www.slovenci-zagreb.hr\/si\/wp-content\/uploads\/sites\/2\/2021\/10\/FP1_DS-300x200.jpg 300w, http:\/\/www.slovenci-zagreb.hr\/si\/wp-content\/uploads\/sites\/2\/2021\/10\/FP1_DS-400x267.jpg 400w, http:\/\/www.slovenci-zagreb.hr\/si\/wp-content\/uploads\/sites\/2\/2021\/10\/FP1_DS-600x400.jpg 600w, http:\/\/www.slovenci-zagreb.hr\/si\/wp-content\/uploads\/sites\/2\/2021\/10\/FP1_DS.jpg 700w\" sizes=\"(max-width: 300px) 100vw, 300px\" \/><\/a>\n\t\t\t<\/dt><\/dl><dl class='gallery-item'>\n\t\t\t<dt class='gallery-icon landscape'>\n\t\t\t\t<a href='http:\/\/www.slovenci-zagreb.hr\/si\/wp-content\/uploads\/sites\/2\/2021\/10\/FP2.jpg'><img decoding=\"async\" width=\"300\" height=\"200\" src=\"http:\/\/www.slovenci-zagreb.hr\/si\/wp-content\/uploads\/sites\/2\/2021\/10\/FP2-300x200.jpg\" class=\"attachment-medium size-medium\" alt=\"\" srcset=\"http:\/\/www.slovenci-zagreb.hr\/si\/wp-content\/uploads\/sites\/2\/2021\/10\/FP2-200x133.jpg 200w, http:\/\/www.slovenci-zagreb.hr\/si\/wp-content\/uploads\/sites\/2\/2021\/10\/FP2-300x200.jpg 300w, http:\/\/www.slovenci-zagreb.hr\/si\/wp-content\/uploads\/sites\/2\/2021\/10\/FP2-400x267.jpg 400w, http:\/\/www.slovenci-zagreb.hr\/si\/wp-content\/uploads\/sites\/2\/2021\/10\/FP2-600x400.jpg 600w, http:\/\/www.slovenci-zagreb.hr\/si\/wp-content\/uploads\/sites\/2\/2021\/10\/FP2.jpg 700w\" sizes=\"(max-width: 300px) 100vw, 300px\" \/><\/a>\n\t\t\t<\/dt><\/dl><br style=\"clear: both\" \/><dl class='gallery-item'>\n\t\t\t<dt class='gallery-icon landscape'>\n\t\t\t\t<a href='http:\/\/www.slovenci-zagreb.hr\/si\/wp-content\/uploads\/sites\/2\/2021\/10\/FP3.jpg'><img decoding=\"async\" width=\"300\" height=\"169\" src=\"http:\/\/www.slovenci-zagreb.hr\/si\/wp-content\/uploads\/sites\/2\/2021\/10\/FP3-300x169.jpg\" class=\"attachment-medium size-medium\" alt=\"\" srcset=\"http:\/\/www.slovenci-zagreb.hr\/si\/wp-content\/uploads\/sites\/2\/2021\/10\/FP3-200x113.jpg 200w, http:\/\/www.slovenci-zagreb.hr\/si\/wp-content\/uploads\/sites\/2\/2021\/10\/FP3-300x169.jpg 300w, http:\/\/www.slovenci-zagreb.hr\/si\/wp-content\/uploads\/sites\/2\/2021\/10\/FP3-400x225.jpg 400w, http:\/\/www.slovenci-zagreb.hr\/si\/wp-content\/uploads\/sites\/2\/2021\/10\/FP3-600x338.jpg 600w, http:\/\/www.slovenci-zagreb.hr\/si\/wp-content\/uploads\/sites\/2\/2021\/10\/FP3.jpg 700w\" sizes=\"(max-width: 300px) 100vw, 300px\" \/><\/a>\n\t\t\t<\/dt><\/dl><dl class='gallery-item'>\n\t\t\t<dt class='gallery-icon landscape'>\n\t\t\t\t<a href='http:\/\/www.slovenci-zagreb.hr\/si\/wp-content\/uploads\/sites\/2\/2021\/10\/FP4.jpg'><img decoding=\"async\" width=\"300\" height=\"169\" src=\"http:\/\/www.slovenci-zagreb.hr\/si\/wp-content\/uploads\/sites\/2\/2021\/10\/FP4-300x169.jpg\" class=\"attachment-medium size-medium\" alt=\"\" srcset=\"http:\/\/www.slovenci-zagreb.hr\/si\/wp-content\/uploads\/sites\/2\/2021\/10\/FP4-200x113.jpg 200w, http:\/\/www.slovenci-zagreb.hr\/si\/wp-content\/uploads\/sites\/2\/2021\/10\/FP4-300x169.jpg 300w, http:\/\/www.slovenci-zagreb.hr\/si\/wp-content\/uploads\/sites\/2\/2021\/10\/FP4-400x225.jpg 400w, http:\/\/www.slovenci-zagreb.hr\/si\/wp-content\/uploads\/sites\/2\/2021\/10\/FP4-600x338.jpg 600w, http:\/\/www.slovenci-zagreb.hr\/si\/wp-content\/uploads\/sites\/2\/2021\/10\/FP4.jpg 700w\" sizes=\"(max-width: 300px) 100vw, 300px\" \/><\/a>\n\t\t\t<\/dt><\/dl><dl class='gallery-item'>\n\t\t\t<dt class='gallery-icon portrait'>\n\t\t\t\t<a href='http:\/\/www.slovenci-zagreb.hr\/si\/wp-content\/uploads\/sites\/2\/2021\/10\/FP5.jpg'><img decoding=\"async\" width=\"200\" height=\"300\" src=\"http:\/\/www.slovenci-zagreb.hr\/si\/wp-content\/uploads\/sites\/2\/2021\/10\/FP5-200x300.jpg\" class=\"attachment-medium size-medium\" alt=\"\" srcset=\"http:\/\/www.slovenci-zagreb.hr\/si\/wp-content\/uploads\/sites\/2\/2021\/10\/FP5-200x300.jpg 200w, http:\/\/www.slovenci-zagreb.hr\/si\/wp-content\/uploads\/sites\/2\/2021\/10\/FP5-400x601.jpg 400w, http:\/\/www.slovenci-zagreb.hr\/si\/wp-content\/uploads\/sites\/2\/2021\/10\/FP5-600x901.jpg 600w, http:\/\/www.slovenci-zagreb.hr\/si\/wp-content\/uploads\/sites\/2\/2021\/10\/FP5-682x1024.jpg 682w, http:\/\/www.slovenci-zagreb.hr\/si\/wp-content\/uploads\/sites\/2\/2021\/10\/FP5.jpg 700w\" sizes=\"(max-width: 200px) 100vw, 200px\" \/><\/a>\n\t\t\t<\/dt><\/dl><dl class='gallery-item'>\n\t\t\t<dt class='gallery-icon landscape'>\n\t\t\t\t<a href='http:\/\/www.slovenci-zagreb.hr\/si\/wp-content\/uploads\/sites\/2\/2021\/10\/FP6.jpg'><img decoding=\"async\" width=\"300\" height=\"200\" src=\"http:\/\/www.slovenci-zagreb.hr\/si\/wp-content\/uploads\/sites\/2\/2021\/10\/FP6-300x200.jpg\" class=\"attachment-medium size-medium\" alt=\"\" srcset=\"http:\/\/www.slovenci-zagreb.hr\/si\/wp-content\/uploads\/sites\/2\/2021\/10\/FP6-200x133.jpg 200w, http:\/\/www.slovenci-zagreb.hr\/si\/wp-content\/uploads\/sites\/2\/2021\/10\/FP6-300x200.jpg 300w, http:\/\/www.slovenci-zagreb.hr\/si\/wp-content\/uploads\/sites\/2\/2021\/10\/FP6-400x267.jpg 400w, http:\/\/www.slovenci-zagreb.hr\/si\/wp-content\/uploads\/sites\/2\/2021\/10\/FP6-600x400.jpg 600w, http:\/\/www.slovenci-zagreb.hr\/si\/wp-content\/uploads\/sites\/2\/2021\/10\/FP6.jpg 700w\" sizes=\"(max-width: 300px) 100vw, 300px\" \/><\/a>\n\t\t\t<\/dt><\/dl><dl class='gallery-item'>\n\t\t\t<dt class='gallery-icon landscape'>\n\t\t\t\t<a href='http:\/\/www.slovenci-zagreb.hr\/si\/wp-content\/uploads\/sites\/2\/2021\/10\/FP7.jpg'><img decoding=\"async\" width=\"300\" height=\"200\" src=\"http:\/\/www.slovenci-zagreb.hr\/si\/wp-content\/uploads\/sites\/2\/2021\/10\/FP7-300x200.jpg\" class=\"attachment-medium size-medium\" alt=\"\" srcset=\"http:\/\/www.slovenci-zagreb.hr\/si\/wp-content\/uploads\/sites\/2\/2021\/10\/FP7-200x133.jpg 200w, http:\/\/www.slovenci-zagreb.hr\/si\/wp-content\/uploads\/sites\/2\/2021\/10\/FP7-300x200.jpg 300w, http:\/\/www.slovenci-zagreb.hr\/si\/wp-content\/uploads\/sites\/2\/2021\/10\/FP7-400x267.jpg 400w, http:\/\/www.slovenci-zagreb.hr\/si\/wp-content\/uploads\/sites\/2\/2021\/10\/FP7-600x400.jpg 600w, http:\/\/www.slovenci-zagreb.hr\/si\/wp-content\/uploads\/sites\/2\/2021\/10\/FP7.jpg 700w\" sizes=\"(max-width: 300px) 100vw, 300px\" \/><\/a>\n\t\t\t<\/dt><\/dl><dl class='gallery-item'>\n\t\t\t<dt class='gallery-icon portrait'>\n\t\t\t\t<a href='http:\/\/www.slovenci-zagreb.hr\/si\/wp-content\/uploads\/sites\/2\/2021\/10\/FP8.jpg'><img decoding=\"async\" width=\"200\" height=\"300\" src=\"http:\/\/www.slovenci-zagreb.hr\/si\/wp-content\/uploads\/sites\/2\/2021\/10\/FP8-200x300.jpg\" class=\"attachment-medium size-medium\" alt=\"\" aria-describedby=\"gallery-1-5150\" srcset=\"http:\/\/www.slovenci-zagreb.hr\/si\/wp-content\/uploads\/sites\/2\/2021\/10\/FP8-200x300.jpg 200w, http:\/\/www.slovenci-zagreb.hr\/si\/wp-content\/uploads\/sites\/2\/2021\/10\/FP8-400x601.jpg 400w, http:\/\/www.slovenci-zagreb.hr\/si\/wp-content\/uploads\/sites\/2\/2021\/10\/FP8-600x901.jpg 600w, http:\/\/www.slovenci-zagreb.hr\/si\/wp-content\/uploads\/sites\/2\/2021\/10\/FP8-682x1024.jpg 682w, http:\/\/www.slovenci-zagreb.hr\/si\/wp-content\/uploads\/sites\/2\/2021\/10\/FP8.jpg 700w\" sizes=\"(max-width: 200px) 100vw, 200px\" \/><\/a>\n\t\t\t<\/dt>\n\t\t\t\t<dd class='wp-caption-text gallery-caption' id='gallery-1-5150'>\n\t\t\t\t\u201eHrva\u0161ko-slovenski odnosi so vse lep\u0161a in lep\u0161a zgodba in ni razloga, da ne bi ostali tak\u0161ni,&#8221; je dejal predsednik Zoran Milanovi\u0107.\n\t\t\t\t<\/dd><\/dl><br style=\"clear: both\" \/><dl class='gallery-item'>\n\t\t\t<dt class='gallery-icon landscape'>\n\t\t\t\t<a href='http:\/\/www.slovenci-zagreb.hr\/si\/wp-content\/uploads\/sites\/2\/2021\/10\/FP9.jpg'><img decoding=\"async\" width=\"300\" height=\"200\" src=\"http:\/\/www.slovenci-zagreb.hr\/si\/wp-content\/uploads\/sites\/2\/2021\/10\/FP9-300x200.jpg\" class=\"attachment-medium size-medium\" alt=\"\" srcset=\"http:\/\/www.slovenci-zagreb.hr\/si\/wp-content\/uploads\/sites\/2\/2021\/10\/FP9-200x133.jpg 200w, http:\/\/www.slovenci-zagreb.hr\/si\/wp-content\/uploads\/sites\/2\/2021\/10\/FP9-300x200.jpg 300w, http:\/\/www.slovenci-zagreb.hr\/si\/wp-content\/uploads\/sites\/2\/2021\/10\/FP9-400x267.jpg 400w, http:\/\/www.slovenci-zagreb.hr\/si\/wp-content\/uploads\/sites\/2\/2021\/10\/FP9-600x400.jpg 600w, http:\/\/www.slovenci-zagreb.hr\/si\/wp-content\/uploads\/sites\/2\/2021\/10\/FP9.jpg 700w\" sizes=\"(max-width: 300px) 100vw, 300px\" \/><\/a>\n\t\t\t<\/dt><\/dl><dl class='gallery-item'>\n\t\t\t<dt class='gallery-icon portrait'>\n\t\t\t\t<a href='http:\/\/www.slovenci-zagreb.hr\/si\/wp-content\/uploads\/sites\/2\/2021\/10\/FP10.jpg'><img decoding=\"async\" width=\"200\" height=\"300\" src=\"http:\/\/www.slovenci-zagreb.hr\/si\/wp-content\/uploads\/sites\/2\/2021\/10\/FP10-200x300.jpg\" class=\"attachment-medium size-medium\" alt=\"\" aria-describedby=\"gallery-1-5152\" srcset=\"http:\/\/www.slovenci-zagreb.hr\/si\/wp-content\/uploads\/sites\/2\/2021\/10\/FP10-200x300.jpg 200w, http:\/\/www.slovenci-zagreb.hr\/si\/wp-content\/uploads\/sites\/2\/2021\/10\/FP10-400x601.jpg 400w, http:\/\/www.slovenci-zagreb.hr\/si\/wp-content\/uploads\/sites\/2\/2021\/10\/FP10-600x901.jpg 600w, http:\/\/www.slovenci-zagreb.hr\/si\/wp-content\/uploads\/sites\/2\/2021\/10\/FP10-682x1024.jpg 682w, http:\/\/www.slovenci-zagreb.hr\/si\/wp-content\/uploads\/sites\/2\/2021\/10\/FP10.jpg 700w\" sizes=\"(max-width: 200px) 100vw, 200px\" \/><\/a>\n\t\t\t<\/dt>\n\t\t\t\t<dd class='wp-caption-text gallery-caption' id='gallery-1-5152'>\n\t\t\t\t\u201e\u017delim si, da bi bil ta dan praznik dobrega sosedstva, sobivanja, prijateljstva in zaupanja med obema narodoma,&#8221; je izpostavil predsednik Borut Pahor.\n\t\t\t\t<\/dd><\/dl><dl class='gallery-item'>\n\t\t\t<dt class='gallery-icon landscape'>\n\t\t\t\t<a href='http:\/\/www.slovenci-zagreb.hr\/si\/wp-content\/uploads\/sites\/2\/2021\/10\/FP11.jpg'><img decoding=\"async\" width=\"300\" height=\"200\" src=\"http:\/\/www.slovenci-zagreb.hr\/si\/wp-content\/uploads\/sites\/2\/2021\/10\/FP11-300x200.jpg\" class=\"attachment-medium size-medium\" alt=\"\" srcset=\"http:\/\/www.slovenci-zagreb.hr\/si\/wp-content\/uploads\/sites\/2\/2021\/10\/FP11-200x133.jpg 200w, http:\/\/www.slovenci-zagreb.hr\/si\/wp-content\/uploads\/sites\/2\/2021\/10\/FP11-300x200.jpg 300w, http:\/\/www.slovenci-zagreb.hr\/si\/wp-content\/uploads\/sites\/2\/2021\/10\/FP11-400x267.jpg 400w, http:\/\/www.slovenci-zagreb.hr\/si\/wp-content\/uploads\/sites\/2\/2021\/10\/FP11-600x400.jpg 600w, http:\/\/www.slovenci-zagreb.hr\/si\/wp-content\/uploads\/sites\/2\/2021\/10\/FP11.jpg 700w\" sizes=\"(max-width: 300px) 100vw, 300px\" \/><\/a>\n\t\t\t<\/dt><\/dl><dl class='gallery-item'>\n\t\t\t<dt class='gallery-icon portrait'>\n\t\t\t\t<a href='http:\/\/www.slovenci-zagreb.hr\/si\/wp-content\/uploads\/sites\/2\/2021\/10\/FP12.jpg'><img decoding=\"async\" width=\"210\" height=\"300\" src=\"http:\/\/www.slovenci-zagreb.hr\/si\/wp-content\/uploads\/sites\/2\/2021\/10\/FP12-210x300.jpg\" class=\"attachment-medium size-medium\" alt=\"\" srcset=\"http:\/\/www.slovenci-zagreb.hr\/si\/wp-content\/uploads\/sites\/2\/2021\/10\/FP12-200x286.jpg 200w, http:\/\/www.slovenci-zagreb.hr\/si\/wp-content\/uploads\/sites\/2\/2021\/10\/FP12-210x300.jpg 210w, http:\/\/www.slovenci-zagreb.hr\/si\/wp-content\/uploads\/sites\/2\/2021\/10\/FP12-400x571.jpg 400w, http:\/\/www.slovenci-zagreb.hr\/si\/wp-content\/uploads\/sites\/2\/2021\/10\/FP12-600x857.jpg 600w, http:\/\/www.slovenci-zagreb.hr\/si\/wp-content\/uploads\/sites\/2\/2021\/10\/FP12.jpg 700w\" sizes=\"(max-width: 210px) 100vw, 210px\" \/><\/a>\n\t\t\t<\/dt><\/dl><dl class='gallery-item'>\n\t\t\t<dt class='gallery-icon landscape'>\n\t\t\t\t<a href='http:\/\/www.slovenci-zagreb.hr\/si\/wp-content\/uploads\/sites\/2\/2021\/10\/FP13.jpg'><img decoding=\"async\" width=\"300\" height=\"200\" src=\"http:\/\/www.slovenci-zagreb.hr\/si\/wp-content\/uploads\/sites\/2\/2021\/10\/FP13-300x200.jpg\" class=\"attachment-medium size-medium\" alt=\"\" srcset=\"http:\/\/www.slovenci-zagreb.hr\/si\/wp-content\/uploads\/sites\/2\/2021\/10\/FP13-200x133.jpg 200w, http:\/\/www.slovenci-zagreb.hr\/si\/wp-content\/uploads\/sites\/2\/2021\/10\/FP13-300x200.jpg 300w, http:\/\/www.slovenci-zagreb.hr\/si\/wp-content\/uploads\/sites\/2\/2021\/10\/FP13-400x267.jpg 400w, http:\/\/www.slovenci-zagreb.hr\/si\/wp-content\/uploads\/sites\/2\/2021\/10\/FP13-600x400.jpg 600w, http:\/\/www.slovenci-zagreb.hr\/si\/wp-content\/uploads\/sites\/2\/2021\/10\/FP13.jpg 700w\" sizes=\"(max-width: 300px) 100vw, 300px\" \/><\/a>\n\t\t\t<\/dt><\/dl><dl class='gallery-item'>\n\t\t\t<dt class='gallery-icon landscape'>\n\t\t\t\t<a href='http:\/\/www.slovenci-zagreb.hr\/si\/wp-content\/uploads\/sites\/2\/2021\/10\/FP17.jpg'><img decoding=\"async\" width=\"300\" height=\"169\" src=\"http:\/\/www.slovenci-zagreb.hr\/si\/wp-content\/uploads\/sites\/2\/2021\/10\/FP17-300x169.jpg\" class=\"attachment-medium size-medium\" alt=\"\" srcset=\"http:\/\/www.slovenci-zagreb.hr\/si\/wp-content\/uploads\/sites\/2\/2021\/10\/FP17-200x113.jpg 200w, http:\/\/www.slovenci-zagreb.hr\/si\/wp-content\/uploads\/sites\/2\/2021\/10\/FP17-300x169.jpg 300w, http:\/\/www.slovenci-zagreb.hr\/si\/wp-content\/uploads\/sites\/2\/2021\/10\/FP17-400x225.jpg 400w, http:\/\/www.slovenci-zagreb.hr\/si\/wp-content\/uploads\/sites\/2\/2021\/10\/FP17-600x338.jpg 600w, http:\/\/www.slovenci-zagreb.hr\/si\/wp-content\/uploads\/sites\/2\/2021\/10\/FP17.jpg 700w\" sizes=\"(max-width: 300px) 100vw, 300px\" \/><\/a>\n\t\t\t<\/dt><\/dl><br style=\"clear: both\" \/>\n\t\t<\/div>\n\n","protected":false},"excerpt":{"rendered":"<p>V Aleji pesnikov na zagreb\u0161kem jezeru Bundek je sve\u010dano odkrit spomenik slovenskemu pesniku Francetu Pre\u0161ernu. Republika Slovenija in slovenska narodna manj\u0161ina na Hrva\u0161kem s postavitvijo spomenika obele\u017eujeta 30. obletnico osamosvojitve Slovenije. Pobudo za postavitev spomenika je leta 2016 dalo Veleposlani\u0161tvo Republike Slovenije, ki je v sodelovanju s Slovenskim domom Zagreb postavilo spomenik. Predsednik Slovenskega doma [&hellip;]<\/p>\n","protected":false},"author":3,"featured_media":5157,"comment_status":"closed","ping_status":"open","sticky":false,"template":"","format":"standard","meta":{"footnotes":""},"categories":[5],"tags":[],"yoast_head":"<!-- This site is optimized with the Yoast SEO plugin v22.0 - https:\/\/yoast.com\/wordpress\/plugins\/seo\/ -->\n<title>Odkrit spomenik Francetu Pre\u0161ernu | Slovenski dom in Svet slovenske nacionalne manj\u0161ine Mesta Zagreb<\/title>\n<meta name=\"robots\" content=\"index, follow, max-snippet:-1, max-image-preview:large, max-video-preview:-1\" \/>\n<link rel=\"canonical\" href=\"http:\/\/www.slovenci-zagreb.hr\/si\/odkrit-spomenik-francetu-presernu\/\" \/>\n<meta property=\"og:locale\" content=\"sl_SI\" \/>\n<meta property=\"og:type\" content=\"article\" \/>\n<meta property=\"og:title\" content=\"Odkrit spomenik Francetu Pre\u0161ernu | Slovenski dom in Svet slovenske nacionalne manj\u0161ine Mesta Zagreb\" \/>\n<meta property=\"og:description\" content=\"V Aleji pesnikov na zagreb\u0161kem jezeru Bundek je sve\u010dano odkrit spomenik slovenskemu pesniku Francetu Pre\u0161ernu. Republika Slovenija in slovenska narodna manj\u0161ina na Hrva\u0161kem s postavitvijo spomenika obele\u017eujeta 30. obletnico osamosvojitve Slovenije. Pobudo za postavitev spomenika je leta 2016 dalo Veleposlani\u0161tvo Republike Slovenije, ki je v sodelovanju s Slovenskim domom Zagreb postavilo spomenik. Predsednik Slovenskega doma [&hellip;]\" \/>\n<meta property=\"og:url\" content=\"http:\/\/www.slovenci-zagreb.hr\/si\/odkrit-spomenik-francetu-presernu\/\" \/>\n<meta property=\"og:site_name\" content=\"Slovenski dom in Svet slovenske nacionalne manj\u0161ine Mesta Zagreb\" \/>\n<meta property=\"article:published_time\" content=\"2021-10-18T13:41:15+00:00\" \/>\n<meta property=\"article:modified_time\" content=\"2021-10-29T22:29:24+00:00\" \/>\n<meta property=\"og:image\" content=\"http:\/\/www.slovenci-zagreb.hr\/si\/wp-content\/uploads\/sites\/2\/2021\/10\/FP15.jpg\" \/>\n\t<meta property=\"og:image:width\" content=\"700\" \/>\n\t<meta property=\"og:image:height\" content=\"467\" \/>\n\t<meta property=\"og:image:type\" content=\"image\/jpeg\" \/>\n<meta name=\"author\" content=\"agata\" \/>\n<meta name=\"twitter:label1\" content=\"Written by\" \/>\n\t<meta name=\"twitter:data1\" content=\"agata\" \/>\n\t<meta name=\"twitter:label2\" content=\"Est. reading time\" \/>\n\t<meta name=\"twitter:data2\" content=\"1 minuta\" \/>\n<script type=\"application\/ld+json\" class=\"yoast-schema-graph\">{\"@context\":\"https:\/\/schema.org\",\"@graph\":[{\"@type\":\"WebPage\",\"@id\":\"http:\/\/www.slovenci-zagreb.hr\/si\/odkrit-spomenik-francetu-presernu\/\",\"url\":\"http:\/\/www.slovenci-zagreb.hr\/si\/odkrit-spomenik-francetu-presernu\/\",\"name\":\"Odkrit spomenik Francetu Pre\u0161ernu | Slovenski dom in Svet slovenske nacionalne manj\u0161ine Mesta Zagreb\",\"isPartOf\":{\"@id\":\"http:\/\/www.slovenci-zagreb.hr\/si\/#website\"},\"datePublished\":\"2021-10-18T13:41:15+00:00\",\"dateModified\":\"2021-10-29T22:29:24+00:00\",\"author\":{\"@id\":\"http:\/\/www.slovenci-zagreb.hr\/si\/#\/schema\/person\/a34ecc40aa73e6dd78780facef777d32\"},\"breadcrumb\":{\"@id\":\"http:\/\/www.slovenci-zagreb.hr\/si\/odkrit-spomenik-francetu-presernu\/#breadcrumb\"},\"inLanguage\":\"sl-SI\",\"potentialAction\":[{\"@type\":\"ReadAction\",\"target\":[\"http:\/\/www.slovenci-zagreb.hr\/si\/odkrit-spomenik-francetu-presernu\/\"]}]},{\"@type\":\"BreadcrumbList\",\"@id\":\"http:\/\/www.slovenci-zagreb.hr\/si\/odkrit-spomenik-francetu-presernu\/#breadcrumb\",\"itemListElement\":[{\"@type\":\"ListItem\",\"position\":1,\"name\":\"Home\",\"item\":\"http:\/\/www.slovenci-zagreb.hr\/si\/\"},{\"@type\":\"ListItem\",\"position\":2,\"name\":\"Odkrit spomenik Francetu Pre\u0161ernu\"}]},{\"@type\":\"WebSite\",\"@id\":\"http:\/\/www.slovenci-zagreb.hr\/si\/#website\",\"url\":\"http:\/\/www.slovenci-zagreb.hr\/si\/\",\"name\":\"Slovenski dom in Svet slovenske nacionalne manj\u0161ine Mesta Zagreb\",\"description\":\"\",\"potentialAction\":[{\"@type\":\"SearchAction\",\"target\":{\"@type\":\"EntryPoint\",\"urlTemplate\":\"http:\/\/www.slovenci-zagreb.hr\/si\/?s={search_term_string}\"},\"query-input\":\"required name=search_term_string\"}],\"inLanguage\":\"sl-SI\"},{\"@type\":\"Person\",\"@id\":\"http:\/\/www.slovenci-zagreb.hr\/si\/#\/schema\/person\/a34ecc40aa73e6dd78780facef777d32\",\"name\":\"agata\",\"image\":{\"@type\":\"ImageObject\",\"inLanguage\":\"sl-SI\",\"@id\":\"http:\/\/www.slovenci-zagreb.hr\/si\/#\/schema\/person\/image\/\",\"url\":\"http:\/\/1.gravatar.com\/avatar\/42c070b2dbf14a48e0639733f946c907?s=96&d=mm&r=g\",\"contentUrl\":\"http:\/\/1.gravatar.com\/avatar\/42c070b2dbf14a48e0639733f946c907?s=96&d=mm&r=g\",\"caption\":\"agata\"},\"url\":\"http:\/\/www.slovenci-zagreb.hr\/si\/author\/agata\/\"}]}<\/script>\n<!-- \/ Yoast SEO plugin. -->","yoast_head_json":{"title":"Odkrit spomenik Francetu Pre\u0161ernu | Slovenski dom in Svet slovenske nacionalne manj\u0161ine Mesta Zagreb","robots":{"index":"index","follow":"follow","max-snippet":"max-snippet:-1","max-image-preview":"max-image-preview:large","max-video-preview":"max-video-preview:-1"},"canonical":"http:\/\/www.slovenci-zagreb.hr\/si\/odkrit-spomenik-francetu-presernu\/","og_locale":"sl_SI","og_type":"article","og_title":"Odkrit spomenik Francetu Pre\u0161ernu | Slovenski dom in Svet slovenske nacionalne manj\u0161ine Mesta Zagreb","og_description":"V Aleji pesnikov na zagreb\u0161kem jezeru Bundek je sve\u010dano odkrit spomenik slovenskemu pesniku Francetu Pre\u0161ernu. Republika Slovenija in slovenska narodna manj\u0161ina na Hrva\u0161kem s postavitvijo spomenika obele\u017eujeta 30. obletnico osamosvojitve Slovenije. Pobudo za postavitev spomenika je leta 2016 dalo Veleposlani\u0161tvo Republike Slovenije, ki je v sodelovanju s Slovenskim domom Zagreb postavilo spomenik. Predsednik Slovenskega doma [&hellip;]","og_url":"http:\/\/www.slovenci-zagreb.hr\/si\/odkrit-spomenik-francetu-presernu\/","og_site_name":"Slovenski dom in Svet slovenske nacionalne manj\u0161ine Mesta Zagreb","article_published_time":"2021-10-18T13:41:15+00:00","article_modified_time":"2021-10-29T22:29:24+00:00","og_image":[{"width":700,"height":467,"url":"http:\/\/www.slovenci-zagreb.hr\/si\/wp-content\/uploads\/sites\/2\/2021\/10\/FP15.jpg","type":"image\/jpeg"}],"author":"agata","twitter_misc":{"Written by":"agata","Est. reading time":"1 minuta"},"schema":{"@context":"https:\/\/schema.org","@graph":[{"@type":"WebPage","@id":"http:\/\/www.slovenci-zagreb.hr\/si\/odkrit-spomenik-francetu-presernu\/","url":"http:\/\/www.slovenci-zagreb.hr\/si\/odkrit-spomenik-francetu-presernu\/","name":"Odkrit spomenik Francetu Pre\u0161ernu | Slovenski dom in Svet slovenske nacionalne manj\u0161ine Mesta Zagreb","isPartOf":{"@id":"http:\/\/www.slovenci-zagreb.hr\/si\/#website"},"datePublished":"2021-10-18T13:41:15+00:00","dateModified":"2021-10-29T22:29:24+00:00","author":{"@id":"http:\/\/www.slovenci-zagreb.hr\/si\/#\/schema\/person\/a34ecc40aa73e6dd78780facef777d32"},"breadcrumb":{"@id":"http:\/\/www.slovenci-zagreb.hr\/si\/odkrit-spomenik-francetu-presernu\/#breadcrumb"},"inLanguage":"sl-SI","potentialAction":[{"@type":"ReadAction","target":["http:\/\/www.slovenci-zagreb.hr\/si\/odkrit-spomenik-francetu-presernu\/"]}]},{"@type":"BreadcrumbList","@id":"http:\/\/www.slovenci-zagreb.hr\/si\/odkrit-spomenik-francetu-presernu\/#breadcrumb","itemListElement":[{"@type":"ListItem","position":1,"name":"Home","item":"http:\/\/www.slovenci-zagreb.hr\/si\/"},{"@type":"ListItem","position":2,"name":"Odkrit spomenik Francetu Pre\u0161ernu"}]},{"@type":"WebSite","@id":"http:\/\/www.slovenci-zagreb.hr\/si\/#website","url":"http:\/\/www.slovenci-zagreb.hr\/si\/","name":"Slovenski dom in Svet slovenske nacionalne manj\u0161ine Mesta Zagreb","description":"","potentialAction":[{"@type":"SearchAction","target":{"@type":"EntryPoint","urlTemplate":"http:\/\/www.slovenci-zagreb.hr\/si\/?s={search_term_string}"},"query-input":"required name=search_term_string"}],"inLanguage":"sl-SI"},{"@type":"Person","@id":"http:\/\/www.slovenci-zagreb.hr\/si\/#\/schema\/person\/a34ecc40aa73e6dd78780facef777d32","name":"agata","image":{"@type":"ImageObject","inLanguage":"sl-SI","@id":"http:\/\/www.slovenci-zagreb.hr\/si\/#\/schema\/person\/image\/","url":"http:\/\/1.gravatar.com\/avatar\/42c070b2dbf14a48e0639733f946c907?s=96&d=mm&r=g","contentUrl":"http:\/\/1.gravatar.com\/avatar\/42c070b2dbf14a48e0639733f946c907?s=96&d=mm&r=g","caption":"agata"},"url":"http:\/\/www.slovenci-zagreb.hr\/si\/author\/agata\/"}]}},"_links":{"self":[{"href":"http:\/\/www.slovenci-zagreb.hr\/si\/wp-json\/wp\/v2\/posts\/5141"}],"collection":[{"href":"http:\/\/www.slovenci-zagreb.hr\/si\/wp-json\/wp\/v2\/posts"}],"about":[{"href":"http:\/\/www.slovenci-zagreb.hr\/si\/wp-json\/wp\/v2\/types\/post"}],"author":[{"embeddable":true,"href":"http:\/\/www.slovenci-zagreb.hr\/si\/wp-json\/wp\/v2\/users\/3"}],"replies":[{"embeddable":true,"href":"http:\/\/www.slovenci-zagreb.hr\/si\/wp-json\/wp\/v2\/comments?post=5141"}],"version-history":[{"count":9,"href":"http:\/\/www.slovenci-zagreb.hr\/si\/wp-json\/wp\/v2\/posts\/5141\/revisions"}],"predecessor-version":[{"id":5179,"href":"http:\/\/www.slovenci-zagreb.hr\/si\/wp-json\/wp\/v2\/posts\/5141\/revisions\/5179"}],"wp:featuredmedia":[{"embeddable":true,"href":"http:\/\/www.slovenci-zagreb.hr\/si\/wp-json\/wp\/v2\/media\/5157"}],"wp:attachment":[{"href":"http:\/\/www.slovenci-zagreb.hr\/si\/wp-json\/wp\/v2\/media?parent=5141"}],"wp:term":[{"taxonomy":"category","embeddable":true,"href":"http:\/\/www.slovenci-zagreb.hr\/si\/wp-json\/wp\/v2\/categories?post=5141"},{"taxonomy":"post_tag","embeddable":true,"href":"http:\/\/www.slovenci-zagreb.hr\/si\/wp-json\/wp\/v2\/tags?post=5141"}],"curies":[{"name":"wp","href":"https:\/\/api.w.org\/{rel}","templated":true}]}}