{"id":5308,"date":"2022-02-08T14:29:23","date_gmt":"2022-02-08T13:29:23","guid":{"rendered":"http:\/\/www.slovenci-zagreb.hr\/si\/?p=5308"},"modified":"2022-02-08T14:31:09","modified_gmt":"2022-02-08T13:31:09","slug":"presernov-dan-s-filmskimi-klasikami","status":"publish","type":"post","link":"http:\/\/www.slovenci-zagreb.hr\/si\/presernov-dan-s-filmskimi-klasikami\/","title":{"rendered":"Pre\u0161ernov dan s filmskimi klasikami"},"content":{"rendered":"<p>Na Pre\u0161ernov dan vas Slovenski filmski center vabi k ogledu treh slovenskih filmskih klasik legendarnih re\u017eiserjev in Badjurovih nagrajencev za \u017eivljenjsko delo: Cukrarna re\u017eiserja Jo\u017eeta Poga\u010dnika, Barva spomina re\u017eiserjev Jo\u017eeta Babi\u010da in Giorgia Sestana ter Slavica exception re\u017eiserja Maka Sajka.<\/p>\n<p>Vse tri filme je produciral Filmski studio Viba film, montirala pa Darinka Per\u0161in, ki se je v svojem opusu podpisala pod ve\u010d kot 20 celove\u010dernih igranih filmov in ve\u010d kot 100 kratkih filmov vseh zvrsti.<\/p>\n<p><strong><u>POVEZAVE ZA OGLED FILMOV SO DOSTOPNE SAMO 8. FEBRUARJA 2022, 24 UR:<\/u><\/strong><\/p>\n<p><a href=\"https:\/\/bsf.si\/sl\/dogodki\/presernov-dan-2022\/#news_image-1\"><strong>Cukrarna, re\u017eija Jo\u017ee Poga\u010dnik, Jugoslavija (Slovenija), 1972, 13&#8242;<\/strong><\/a><\/p>\n<p><a href=\"https:\/\/bsf.si\/sl\/dogodki\/presernov-dan-2022\/#news_image-2\"><strong>Barva spomina, re\u017eija Jo\u017ee Babi\u010d in Giorgio Sestan, Jugoslavija (Slovenija), 1967, 13&#8242;<\/strong><\/a><\/p>\n<p><a href=\"https:\/\/bsf.si\/sl\/dogodki\/presernov-dan-2022\/#news_image-3\"><strong>Slavica exception, re\u017eija Mak Sajko, Jugoslavija (Slovenija), 1971, 11&#8242;<\/strong><\/a><\/p>\n<p>&nbsp;<\/p>\n\n\t\t<style type=\"text\/css\">\n\t\t\t#gallery-1 {\n\t\t\t\tmargin: auto;\n\t\t\t}\n\t\t\t#gallery-1 .gallery-item {\n\t\t\t\tfloat: left;\n\t\t\t\tmargin-top: 10px;\n\t\t\t\ttext-align: center;\n\t\t\t\twidth: 50%;\n\t\t\t}\n\t\t\t#gallery-1 img {\n\t\t\t\tborder: 2px solid #cfcfcf;\n\t\t\t}\n\t\t\t#gallery-1 .gallery-caption {\n\t\t\t\tmargin-left: 0;\n\t\t\t}\n\t\t\t\/* see gallery_shortcode() in wp-includes\/media.php *\/\n\t\t<\/style>\n\t\t<div id='gallery-1' class='gallery galleryid-5308 gallery-columns-2 gallery-size-medium'><dl class='gallery-item'>\n\t\t\t<dt class='gallery-icon landscape'>\n\t\t\t\t<a href='http:\/\/www.slovenci-zagreb.hr\/si\/wp-content\/uploads\/sites\/2\/2022\/02\/Presernov_dan_2022.jpg.276x394_q95_2x.jpg'><img decoding=\"async\" width=\"300\" height=\"157\" src=\"http:\/\/www.slovenci-zagreb.hr\/si\/wp-content\/uploads\/sites\/2\/2022\/02\/Presernov_dan_2022.jpg.276x394_q95_2x-300x157.jpg\" class=\"attachment-medium size-medium\" alt=\"\" srcset=\"http:\/\/www.slovenci-zagreb.hr\/si\/wp-content\/uploads\/sites\/2\/2022\/02\/Presernov_dan_2022.jpg.276x394_q95_2x-200x105.jpg 200w, http:\/\/www.slovenci-zagreb.hr\/si\/wp-content\/uploads\/sites\/2\/2022\/02\/Presernov_dan_2022.jpg.276x394_q95_2x-300x157.jpg 300w, http:\/\/www.slovenci-zagreb.hr\/si\/wp-content\/uploads\/sites\/2\/2022\/02\/Presernov_dan_2022.jpg.276x394_q95_2x-400x209.jpg 400w, http:\/\/www.slovenci-zagreb.hr\/si\/wp-content\/uploads\/sites\/2\/2022\/02\/Presernov_dan_2022.jpg.276x394_q95_2x.jpg 552w\" sizes=\"(max-width: 300px) 100vw, 300px\" \/><\/a>\n\t\t\t<\/dt><\/dl><dl class='gallery-item'>\n\t\t\t<dt class='gallery-icon landscape'>\n\t\t\t\t<a href='http:\/\/www.slovenci-zagreb.hr\/si\/wp-content\/uploads\/sites\/2\/2022\/02\/logo-Slovenski-filmski-center_color_positive.jpg'><img decoding=\"async\" width=\"300\" height=\"225\" src=\"http:\/\/www.slovenci-zagreb.hr\/si\/wp-content\/uploads\/sites\/2\/2022\/02\/logo-Slovenski-filmski-center_color_positive-300x225.jpg\" class=\"attachment-medium size-medium\" alt=\"\" srcset=\"http:\/\/www.slovenci-zagreb.hr\/si\/wp-content\/uploads\/sites\/2\/2022\/02\/logo-Slovenski-filmski-center_color_positive-200x150.jpg 200w, http:\/\/www.slovenci-zagreb.hr\/si\/wp-content\/uploads\/sites\/2\/2022\/02\/logo-Slovenski-filmski-center_color_positive-300x225.jpg 300w, http:\/\/www.slovenci-zagreb.hr\/si\/wp-content\/uploads\/sites\/2\/2022\/02\/logo-Slovenski-filmski-center_color_positive-400x300.jpg 400w, http:\/\/www.slovenci-zagreb.hr\/si\/wp-content\/uploads\/sites\/2\/2022\/02\/logo-Slovenski-filmski-center_color_positive-600x450.jpg 600w, http:\/\/www.slovenci-zagreb.hr\/si\/wp-content\/uploads\/sites\/2\/2022\/02\/logo-Slovenski-filmski-center_color_positive.jpg 700w\" sizes=\"(max-width: 300px) 100vw, 300px\" \/><\/a>\n\t\t\t<\/dt><\/dl><br style=\"clear: both\" \/>\n\t\t<\/div>\n\n","protected":false},"excerpt":{"rendered":"<p>Na Pre\u0161ernov dan vas Slovenski filmski center vabi k ogledu treh slovenskih filmskih klasik legendarnih re\u017eiserjev in Badjurovih nagrajencev za \u017eivljenjsko delo: Cukrarna re\u017eiserja Jo\u017eeta Poga\u010dnika, Barva spomina re\u017eiserjev Jo\u017eeta Babi\u010da in Giorgia Sestana ter Slavica exception re\u017eiserja Maka Sajka. Vse tri filme je produciral Filmski studio Viba film, montirala pa Darinka Per\u0161in, ki se [&hellip;]<\/p>\n","protected":false},"author":3,"featured_media":5309,"comment_status":"closed","ping_status":"open","sticky":false,"template":"","format":"standard","meta":{"footnotes":""},"categories":[5],"tags":[],"yoast_head":"<!-- This site is optimized with the Yoast SEO plugin v22.0 - https:\/\/yoast.com\/wordpress\/plugins\/seo\/ -->\n<title>Pre\u0161ernov dan s filmskimi klasikami | Slovenski dom in Svet slovenske nacionalne manj\u0161ine Mesta Zagreb<\/title>\n<meta name=\"robots\" content=\"index, follow, max-snippet:-1, max-image-preview:large, max-video-preview:-1\" \/>\n<link rel=\"canonical\" href=\"http:\/\/www.slovenci-zagreb.hr\/si\/presernov-dan-s-filmskimi-klasikami\/\" \/>\n<meta property=\"og:locale\" content=\"sl_SI\" \/>\n<meta property=\"og:type\" content=\"article\" \/>\n<meta property=\"og:title\" content=\"Pre\u0161ernov dan s filmskimi klasikami | Slovenski dom in Svet slovenske nacionalne manj\u0161ine Mesta Zagreb\" \/>\n<meta property=\"og:description\" content=\"Na Pre\u0161ernov dan vas Slovenski filmski center vabi k ogledu treh slovenskih filmskih klasik legendarnih re\u017eiserjev in Badjurovih nagrajencev za \u017eivljenjsko delo: Cukrarna re\u017eiserja Jo\u017eeta Poga\u010dnika, Barva spomina re\u017eiserjev Jo\u017eeta Babi\u010da in Giorgia Sestana ter Slavica exception re\u017eiserja Maka Sajka. Vse tri filme je produciral Filmski studio Viba film, montirala pa Darinka Per\u0161in, ki se [&hellip;]\" \/>\n<meta property=\"og:url\" content=\"http:\/\/www.slovenci-zagreb.hr\/si\/presernov-dan-s-filmskimi-klasikami\/\" \/>\n<meta property=\"og:site_name\" content=\"Slovenski dom in Svet slovenske nacionalne manj\u0161ine Mesta Zagreb\" \/>\n<meta property=\"article:published_time\" content=\"2022-02-08T13:29:23+00:00\" \/>\n<meta property=\"article:modified_time\" content=\"2022-02-08T13:31:09+00:00\" \/>\n<meta property=\"og:image\" content=\"http:\/\/www.slovenci-zagreb.hr\/si\/wp-content\/uploads\/sites\/2\/2022\/02\/Presernov_dan_2022.jpg.276x394_q95_2x.jpg\" \/>\n\t<meta property=\"og:image:width\" content=\"552\" \/>\n\t<meta property=\"og:image:height\" content=\"289\" \/>\n\t<meta property=\"og:image:type\" content=\"image\/jpeg\" \/>\n<meta name=\"author\" content=\"agata\" \/>\n<meta name=\"twitter:label1\" content=\"Written by\" \/>\n\t<meta name=\"twitter:data1\" content=\"agata\" \/>\n\t<meta name=\"twitter:label2\" content=\"Est. reading time\" \/>\n\t<meta name=\"twitter:data2\" content=\"1 minuta\" \/>\n<script type=\"application\/ld+json\" class=\"yoast-schema-graph\">{\"@context\":\"https:\/\/schema.org\",\"@graph\":[{\"@type\":\"WebPage\",\"@id\":\"http:\/\/www.slovenci-zagreb.hr\/si\/presernov-dan-s-filmskimi-klasikami\/\",\"url\":\"http:\/\/www.slovenci-zagreb.hr\/si\/presernov-dan-s-filmskimi-klasikami\/\",\"name\":\"Pre\u0161ernov dan s filmskimi klasikami | Slovenski dom in Svet slovenske nacionalne manj\u0161ine Mesta Zagreb\",\"isPartOf\":{\"@id\":\"http:\/\/www.slovenci-zagreb.hr\/si\/#website\"},\"datePublished\":\"2022-02-08T13:29:23+00:00\",\"dateModified\":\"2022-02-08T13:31:09+00:00\",\"author\":{\"@id\":\"http:\/\/www.slovenci-zagreb.hr\/si\/#\/schema\/person\/a34ecc40aa73e6dd78780facef777d32\"},\"breadcrumb\":{\"@id\":\"http:\/\/www.slovenci-zagreb.hr\/si\/presernov-dan-s-filmskimi-klasikami\/#breadcrumb\"},\"inLanguage\":\"sl-SI\",\"potentialAction\":[{\"@type\":\"ReadAction\",\"target\":[\"http:\/\/www.slovenci-zagreb.hr\/si\/presernov-dan-s-filmskimi-klasikami\/\"]}]},{\"@type\":\"BreadcrumbList\",\"@id\":\"http:\/\/www.slovenci-zagreb.hr\/si\/presernov-dan-s-filmskimi-klasikami\/#breadcrumb\",\"itemListElement\":[{\"@type\":\"ListItem\",\"position\":1,\"name\":\"Home\",\"item\":\"http:\/\/www.slovenci-zagreb.hr\/si\/\"},{\"@type\":\"ListItem\",\"position\":2,\"name\":\"Pre\u0161ernov dan s filmskimi klasikami\"}]},{\"@type\":\"WebSite\",\"@id\":\"http:\/\/www.slovenci-zagreb.hr\/si\/#website\",\"url\":\"http:\/\/www.slovenci-zagreb.hr\/si\/\",\"name\":\"Slovenski dom in Svet slovenske nacionalne manj\u0161ine Mesta Zagreb\",\"description\":\"\",\"potentialAction\":[{\"@type\":\"SearchAction\",\"target\":{\"@type\":\"EntryPoint\",\"urlTemplate\":\"http:\/\/www.slovenci-zagreb.hr\/si\/?s={search_term_string}\"},\"query-input\":\"required name=search_term_string\"}],\"inLanguage\":\"sl-SI\"},{\"@type\":\"Person\",\"@id\":\"http:\/\/www.slovenci-zagreb.hr\/si\/#\/schema\/person\/a34ecc40aa73e6dd78780facef777d32\",\"name\":\"agata\",\"image\":{\"@type\":\"ImageObject\",\"inLanguage\":\"sl-SI\",\"@id\":\"http:\/\/www.slovenci-zagreb.hr\/si\/#\/schema\/person\/image\/\",\"url\":\"http:\/\/1.gravatar.com\/avatar\/42c070b2dbf14a48e0639733f946c907?s=96&d=mm&r=g\",\"contentUrl\":\"http:\/\/1.gravatar.com\/avatar\/42c070b2dbf14a48e0639733f946c907?s=96&d=mm&r=g\",\"caption\":\"agata\"},\"url\":\"http:\/\/www.slovenci-zagreb.hr\/si\/author\/agata\/\"}]}<\/script>\n<!-- \/ Yoast SEO plugin. -->","yoast_head_json":{"title":"Pre\u0161ernov dan s filmskimi klasikami | Slovenski dom in Svet slovenske nacionalne manj\u0161ine Mesta Zagreb","robots":{"index":"index","follow":"follow","max-snippet":"max-snippet:-1","max-image-preview":"max-image-preview:large","max-video-preview":"max-video-preview:-1"},"canonical":"http:\/\/www.slovenci-zagreb.hr\/si\/presernov-dan-s-filmskimi-klasikami\/","og_locale":"sl_SI","og_type":"article","og_title":"Pre\u0161ernov dan s filmskimi klasikami | Slovenski dom in Svet slovenske nacionalne manj\u0161ine Mesta Zagreb","og_description":"Na Pre\u0161ernov dan vas Slovenski filmski center vabi k ogledu treh slovenskih filmskih klasik legendarnih re\u017eiserjev in Badjurovih nagrajencev za \u017eivljenjsko delo: Cukrarna re\u017eiserja Jo\u017eeta Poga\u010dnika, Barva spomina re\u017eiserjev Jo\u017eeta Babi\u010da in Giorgia Sestana ter Slavica exception re\u017eiserja Maka Sajka. Vse tri filme je produciral Filmski studio Viba film, montirala pa Darinka Per\u0161in, ki se [&hellip;]","og_url":"http:\/\/www.slovenci-zagreb.hr\/si\/presernov-dan-s-filmskimi-klasikami\/","og_site_name":"Slovenski dom in Svet slovenske nacionalne manj\u0161ine Mesta Zagreb","article_published_time":"2022-02-08T13:29:23+00:00","article_modified_time":"2022-02-08T13:31:09+00:00","og_image":[{"width":552,"height":289,"url":"http:\/\/www.slovenci-zagreb.hr\/si\/wp-content\/uploads\/sites\/2\/2022\/02\/Presernov_dan_2022.jpg.276x394_q95_2x.jpg","type":"image\/jpeg"}],"author":"agata","twitter_misc":{"Written by":"agata","Est. reading time":"1 minuta"},"schema":{"@context":"https:\/\/schema.org","@graph":[{"@type":"WebPage","@id":"http:\/\/www.slovenci-zagreb.hr\/si\/presernov-dan-s-filmskimi-klasikami\/","url":"http:\/\/www.slovenci-zagreb.hr\/si\/presernov-dan-s-filmskimi-klasikami\/","name":"Pre\u0161ernov dan s filmskimi klasikami | Slovenski dom in Svet slovenske nacionalne manj\u0161ine Mesta Zagreb","isPartOf":{"@id":"http:\/\/www.slovenci-zagreb.hr\/si\/#website"},"datePublished":"2022-02-08T13:29:23+00:00","dateModified":"2022-02-08T13:31:09+00:00","author":{"@id":"http:\/\/www.slovenci-zagreb.hr\/si\/#\/schema\/person\/a34ecc40aa73e6dd78780facef777d32"},"breadcrumb":{"@id":"http:\/\/www.slovenci-zagreb.hr\/si\/presernov-dan-s-filmskimi-klasikami\/#breadcrumb"},"inLanguage":"sl-SI","potentialAction":[{"@type":"ReadAction","target":["http:\/\/www.slovenci-zagreb.hr\/si\/presernov-dan-s-filmskimi-klasikami\/"]}]},{"@type":"BreadcrumbList","@id":"http:\/\/www.slovenci-zagreb.hr\/si\/presernov-dan-s-filmskimi-klasikami\/#breadcrumb","itemListElement":[{"@type":"ListItem","position":1,"name":"Home","item":"http:\/\/www.slovenci-zagreb.hr\/si\/"},{"@type":"ListItem","position":2,"name":"Pre\u0161ernov dan s filmskimi klasikami"}]},{"@type":"WebSite","@id":"http:\/\/www.slovenci-zagreb.hr\/si\/#website","url":"http:\/\/www.slovenci-zagreb.hr\/si\/","name":"Slovenski dom in Svet slovenske nacionalne manj\u0161ine Mesta Zagreb","description":"","potentialAction":[{"@type":"SearchAction","target":{"@type":"EntryPoint","urlTemplate":"http:\/\/www.slovenci-zagreb.hr\/si\/?s={search_term_string}"},"query-input":"required name=search_term_string"}],"inLanguage":"sl-SI"},{"@type":"Person","@id":"http:\/\/www.slovenci-zagreb.hr\/si\/#\/schema\/person\/a34ecc40aa73e6dd78780facef777d32","name":"agata","image":{"@type":"ImageObject","inLanguage":"sl-SI","@id":"http:\/\/www.slovenci-zagreb.hr\/si\/#\/schema\/person\/image\/","url":"http:\/\/1.gravatar.com\/avatar\/42c070b2dbf14a48e0639733f946c907?s=96&d=mm&r=g","contentUrl":"http:\/\/1.gravatar.com\/avatar\/42c070b2dbf14a48e0639733f946c907?s=96&d=mm&r=g","caption":"agata"},"url":"http:\/\/www.slovenci-zagreb.hr\/si\/author\/agata\/"}]}},"_links":{"self":[{"href":"http:\/\/www.slovenci-zagreb.hr\/si\/wp-json\/wp\/v2\/posts\/5308"}],"collection":[{"href":"http:\/\/www.slovenci-zagreb.hr\/si\/wp-json\/wp\/v2\/posts"}],"about":[{"href":"http:\/\/www.slovenci-zagreb.hr\/si\/wp-json\/wp\/v2\/types\/post"}],"author":[{"embeddable":true,"href":"http:\/\/www.slovenci-zagreb.hr\/si\/wp-json\/wp\/v2\/users\/3"}],"replies":[{"embeddable":true,"href":"http:\/\/www.slovenci-zagreb.hr\/si\/wp-json\/wp\/v2\/comments?post=5308"}],"version-history":[{"count":2,"href":"http:\/\/www.slovenci-zagreb.hr\/si\/wp-json\/wp\/v2\/posts\/5308\/revisions"}],"predecessor-version":[{"id":5312,"href":"http:\/\/www.slovenci-zagreb.hr\/si\/wp-json\/wp\/v2\/posts\/5308\/revisions\/5312"}],"wp:featuredmedia":[{"embeddable":true,"href":"http:\/\/www.slovenci-zagreb.hr\/si\/wp-json\/wp\/v2\/media\/5309"}],"wp:attachment":[{"href":"http:\/\/www.slovenci-zagreb.hr\/si\/wp-json\/wp\/v2\/media?parent=5308"}],"wp:term":[{"taxonomy":"category","embeddable":true,"href":"http:\/\/www.slovenci-zagreb.hr\/si\/wp-json\/wp\/v2\/categories?post=5308"},{"taxonomy":"post_tag","embeddable":true,"href":"http:\/\/www.slovenci-zagreb.hr\/si\/wp-json\/wp\/v2\/tags?post=5308"}],"curies":[{"name":"wp","href":"https:\/\/api.w.org\/{rel}","templated":true}]}}