{"id":5742,"date":"2022-08-23T15:04:06","date_gmt":"2022-08-23T13:04:06","guid":{"rendered":"http:\/\/www.slovenci-zagreb.hr\/si\/?p=5742"},"modified":"2022-08-23T15:04:51","modified_gmt":"2022-08-23T13:04:51","slug":"tecaji-slovenskega-jezika","status":"publish","type":"post","link":"http:\/\/www.slovenci-zagreb.hr\/si\/tecaji-slovenskega-jezika\/","title":{"rendered":"Te\u010daji slovenskega jezika"},"content":{"rendered":"<p>Obve\u0161\u010damo vas, da so v jesenskem \u010dasu \u0161tudijskega leta 2022\/23 ponovno na voljo \u0161tipendije za te\u010daje sloven\u0161\u010dine, namenjene odraslim Slovencem, ki \u017eivijo v zamejstvu in po svetu.<\/p>\n<p>Na voljo so \u0161tipendije za naslednje te\u010daje:<\/p>\n<p><strong>Popoldanski te\u010daj slovenskega jezika na spletu, jesen 2022: <a href=\"https:\/\/centerslo.si\/tecaji-za-odrasle\/tecaji\/popoldanski-tecaj-slovenskega-jezika-na-spletu\/\">https:\/\/centerslo.si\/tecaji-za-odrasle\/tecaji\/popoldanski-tecaj-slovenskega-jezika-na-spletu\/<\/a> <\/strong><\/p>\n<ul>\n<li>\u0161tipendija krije samo \u0161olnino, ne pa tudi bivanja: <a href=\"https:\/\/centerslo.si\/tecaji-za-odrasle\/splosne-informacije\/stipendije\/\">https:\/\/centerslo.si\/tecaji-za-odrasle\/splosne-informacije\/stipendije\/<\/a><\/li>\n<li>rok za prijavo:\u00a0<strong>31.\u00a0avgust 2022<\/strong><\/li>\n<\/ul>\n<p><strong>Jutranji te\u010daj slovenskega jezika na spletu, jesen 2022: <a href=\"https:\/\/centerslo.si\/tecaji-za-odrasle\/tecaji\/jutranji-tecaj-slovenskega-jezika-na-spletu\/\">https:\/\/centerslo.si\/tecaji-za-odrasle\/tecaji\/jutranji-tecaj-slovenskega-jezika-na-spletu\/<\/a> <\/strong><\/p>\n<ul>\n<li>\u0161tipendija krije samo \u0161olnino, ne pa tudi bivanja: <a href=\"https:\/\/centerslo.si\/tecaji-za-odrasle\/splosne-informacije\/stipendije\/\">https:\/\/centerslo.si\/tecaji-za-odrasle\/splosne-informacije\/stipendije\/<\/a><\/li>\n<li>rok za prijavo:\u00a0<strong>31. avgust 2022<\/strong><\/li>\n<\/ul>\n<p><strong>Zimska \u0161ola slovenskega jezika v \u017eivo in na spletu 2023: <a href=\"https:\/\/centerslo.si\/tecaji-za-odrasle\/tecaji\/zimska-sola\/\">https:\/\/centerslo.si\/tecaji-za-odrasle\/tecaji\/zimska-sola\/<\/a> in <a href=\"https:\/\/centerslo.si\/tecaji-za-odrasle\/tecaji\/zimska-sola-na-spletu\/\">https:\/\/centerslo.si\/tecaji-za-odrasle\/tecaji\/zimska-sola-na-spletu\/<\/a> <\/strong><\/p>\n<ul>\n<li>\u0161tipendija krije samo \u0161olnino, ne pa tudi bivanja: <a href=\"https:\/\/centerslo.si\/tecaji-za-odrasle\/splosne-informacije\/stipendije\/\">https:\/\/centerslo.si\/tecaji-za-odrasle\/splosne-informacije\/stipendije\/<\/a><\/li>\n<li>rok za prijavo:\u00a0<strong>31. avgust 2022<\/strong><\/li>\n<\/ul>\n<p><strong>Spomladanska \u0161ola slovenskega jezika 2023: <a href=\"https:\/\/centerslo.si\/tecaji-za-odrasle\/tecaji\/spomladanska-sola\/\">https:\/\/centerslo.si\/tecaji-za-odrasle\/tecaji\/spomladanska-sola\/<\/a> <\/strong><\/p>\n<ul>\n<li>\u0161tipendija krije samo \u0161olnino, ne pa tudi bivanja: <a href=\"https:\/\/centerslo.si\/tecaji-za-odrasle\/splosne-informacije\/stipendije\/\">https:\/\/centerslo.si\/tecaji-za-odrasle\/splosne-informacije\/stipendije\/<\/a><\/li>\n<li>rok za prijavo:\u00a0<strong>31. avgust 2022<\/strong><\/li>\n<\/ul>\n<p><a href=\"http:\/\/www.slovenci-zagreb.hr\/si\/wp-content\/uploads\/sites\/2\/2022\/08\/czs_znak_barvni_mali.jpg\"><img decoding=\"async\" class=\"aligncenter size-full wp-image-5743\" src=\"http:\/\/www.slovenci-zagreb.hr\/si\/wp-content\/uploads\/sites\/2\/2022\/08\/czs_znak_barvni_mali.jpg\" alt=\"\" width=\"595\" height=\"238\" srcset=\"http:\/\/www.slovenci-zagreb.hr\/si\/wp-content\/uploads\/sites\/2\/2022\/08\/czs_znak_barvni_mali-200x80.jpg 200w, http:\/\/www.slovenci-zagreb.hr\/si\/wp-content\/uploads\/sites\/2\/2022\/08\/czs_znak_barvni_mali-300x120.jpg 300w, http:\/\/www.slovenci-zagreb.hr\/si\/wp-content\/uploads\/sites\/2\/2022\/08\/czs_znak_barvni_mali-400x160.jpg 400w, http:\/\/www.slovenci-zagreb.hr\/si\/wp-content\/uploads\/sites\/2\/2022\/08\/czs_znak_barvni_mali.jpg 595w\" sizes=\"(max-width: 595px) 100vw, 595px\" \/><\/a><\/p>\n<p>&nbsp;<\/p>\n","protected":false},"excerpt":{"rendered":"<p>Obve\u0161\u010damo vas, da so v jesenskem \u010dasu \u0161tudijskega leta 2022\/23 ponovno na voljo \u0161tipendije za te\u010daje sloven\u0161\u010dine, namenjene odraslim Slovencem, ki \u017eivijo v zamejstvu in po svetu. Na voljo so \u0161tipendije za naslednje te\u010daje: Popoldanski te\u010daj slovenskega jezika na spletu, jesen 2022: https:\/\/centerslo.si\/tecaji-za-odrasle\/tecaji\/popoldanski-tecaj-slovenskega-jezika-na-spletu\/ \u0161tipendija krije samo \u0161olnino, ne pa tudi bivanja: https:\/\/centerslo.si\/tecaji-za-odrasle\/splosne-informacije\/stipendije\/ rok za prijavo:\u00a031.\u00a0avgust [&hellip;]<\/p>\n","protected":false},"author":3,"featured_media":5744,"comment_status":"closed","ping_status":"open","sticky":false,"template":"","format":"standard","meta":{"footnotes":""},"categories":[5],"tags":[],"yoast_head":"<!-- This site is optimized with the Yoast SEO plugin v22.0 - https:\/\/yoast.com\/wordpress\/plugins\/seo\/ -->\n<title>Te\u010daji slovenskega jezika | Slovenski dom in Svet slovenske nacionalne manj\u0161ine Mesta Zagreb<\/title>\n<meta name=\"robots\" content=\"index, follow, max-snippet:-1, max-image-preview:large, max-video-preview:-1\" \/>\n<link rel=\"canonical\" href=\"http:\/\/www.slovenci-zagreb.hr\/si\/tecaji-slovenskega-jezika\/\" \/>\n<meta property=\"og:locale\" content=\"sl_SI\" \/>\n<meta property=\"og:type\" content=\"article\" \/>\n<meta property=\"og:title\" content=\"Te\u010daji slovenskega jezika | Slovenski dom in Svet slovenske nacionalne manj\u0161ine Mesta Zagreb\" \/>\n<meta property=\"og:description\" content=\"Obve\u0161\u010damo vas, da so v jesenskem \u010dasu \u0161tudijskega leta 2022\/23 ponovno na voljo \u0161tipendije za te\u010daje sloven\u0161\u010dine, namenjene odraslim Slovencem, ki \u017eivijo v zamejstvu in po svetu. Na voljo so \u0161tipendije za naslednje te\u010daje: Popoldanski te\u010daj slovenskega jezika na spletu, jesen 2022: https:\/\/centerslo.si\/tecaji-za-odrasle\/tecaji\/popoldanski-tecaj-slovenskega-jezika-na-spletu\/ \u0161tipendija krije samo \u0161olnino, ne pa tudi bivanja: https:\/\/centerslo.si\/tecaji-za-odrasle\/splosne-informacije\/stipendije\/ rok za prijavo:\u00a031.\u00a0avgust [&hellip;]\" \/>\n<meta property=\"og:url\" content=\"http:\/\/www.slovenci-zagreb.hr\/si\/tecaji-slovenskega-jezika\/\" \/>\n<meta property=\"og:site_name\" content=\"Slovenski dom in Svet slovenske nacionalne manj\u0161ine Mesta Zagreb\" \/>\n<meta property=\"article:published_time\" content=\"2022-08-23T13:04:06+00:00\" \/>\n<meta property=\"article:modified_time\" content=\"2022-08-23T13:04:51+00:00\" \/>\n<meta property=\"og:image\" content=\"http:\/\/www.slovenci-zagreb.hr\/si\/wp-content\/uploads\/sites\/2\/2022\/08\/slovenscina.jpg\" \/>\n\t<meta property=\"og:image:width\" content=\"700\" \/>\n\t<meta property=\"og:image:height\" content=\"700\" \/>\n\t<meta property=\"og:image:type\" content=\"image\/jpeg\" \/>\n<meta name=\"author\" content=\"agata\" \/>\n<meta name=\"twitter:label1\" content=\"Written by\" \/>\n\t<meta name=\"twitter:data1\" content=\"agata\" \/>\n\t<meta name=\"twitter:label2\" content=\"Est. reading time\" \/>\n\t<meta name=\"twitter:data2\" content=\"1 minuta\" \/>\n<script type=\"application\/ld+json\" class=\"yoast-schema-graph\">{\"@context\":\"https:\/\/schema.org\",\"@graph\":[{\"@type\":\"WebPage\",\"@id\":\"http:\/\/www.slovenci-zagreb.hr\/si\/tecaji-slovenskega-jezika\/\",\"url\":\"http:\/\/www.slovenci-zagreb.hr\/si\/tecaji-slovenskega-jezika\/\",\"name\":\"Te\u010daji slovenskega jezika | Slovenski dom in Svet slovenske nacionalne manj\u0161ine Mesta Zagreb\",\"isPartOf\":{\"@id\":\"http:\/\/www.slovenci-zagreb.hr\/si\/#website\"},\"datePublished\":\"2022-08-23T13:04:06+00:00\",\"dateModified\":\"2022-08-23T13:04:51+00:00\",\"author\":{\"@id\":\"http:\/\/www.slovenci-zagreb.hr\/si\/#\/schema\/person\/a34ecc40aa73e6dd78780facef777d32\"},\"breadcrumb\":{\"@id\":\"http:\/\/www.slovenci-zagreb.hr\/si\/tecaji-slovenskega-jezika\/#breadcrumb\"},\"inLanguage\":\"sl-SI\",\"potentialAction\":[{\"@type\":\"ReadAction\",\"target\":[\"http:\/\/www.slovenci-zagreb.hr\/si\/tecaji-slovenskega-jezika\/\"]}]},{\"@type\":\"BreadcrumbList\",\"@id\":\"http:\/\/www.slovenci-zagreb.hr\/si\/tecaji-slovenskega-jezika\/#breadcrumb\",\"itemListElement\":[{\"@type\":\"ListItem\",\"position\":1,\"name\":\"Home\",\"item\":\"http:\/\/www.slovenci-zagreb.hr\/si\/\"},{\"@type\":\"ListItem\",\"position\":2,\"name\":\"Te\u010daji slovenskega jezika\"}]},{\"@type\":\"WebSite\",\"@id\":\"http:\/\/www.slovenci-zagreb.hr\/si\/#website\",\"url\":\"http:\/\/www.slovenci-zagreb.hr\/si\/\",\"name\":\"Slovenski dom in Svet slovenske nacionalne manj\u0161ine Mesta Zagreb\",\"description\":\"\",\"potentialAction\":[{\"@type\":\"SearchAction\",\"target\":{\"@type\":\"EntryPoint\",\"urlTemplate\":\"http:\/\/www.slovenci-zagreb.hr\/si\/?s={search_term_string}\"},\"query-input\":\"required name=search_term_string\"}],\"inLanguage\":\"sl-SI\"},{\"@type\":\"Person\",\"@id\":\"http:\/\/www.slovenci-zagreb.hr\/si\/#\/schema\/person\/a34ecc40aa73e6dd78780facef777d32\",\"name\":\"agata\",\"image\":{\"@type\":\"ImageObject\",\"inLanguage\":\"sl-SI\",\"@id\":\"http:\/\/www.slovenci-zagreb.hr\/si\/#\/schema\/person\/image\/\",\"url\":\"http:\/\/1.gravatar.com\/avatar\/42c070b2dbf14a48e0639733f946c907?s=96&d=mm&r=g\",\"contentUrl\":\"http:\/\/1.gravatar.com\/avatar\/42c070b2dbf14a48e0639733f946c907?s=96&d=mm&r=g\",\"caption\":\"agata\"},\"url\":\"http:\/\/www.slovenci-zagreb.hr\/si\/author\/agata\/\"}]}<\/script>\n<!-- \/ Yoast SEO plugin. -->","yoast_head_json":{"title":"Te\u010daji slovenskega jezika | Slovenski dom in Svet slovenske nacionalne manj\u0161ine Mesta Zagreb","robots":{"index":"index","follow":"follow","max-snippet":"max-snippet:-1","max-image-preview":"max-image-preview:large","max-video-preview":"max-video-preview:-1"},"canonical":"http:\/\/www.slovenci-zagreb.hr\/si\/tecaji-slovenskega-jezika\/","og_locale":"sl_SI","og_type":"article","og_title":"Te\u010daji slovenskega jezika | Slovenski dom in Svet slovenske nacionalne manj\u0161ine Mesta Zagreb","og_description":"Obve\u0161\u010damo vas, da so v jesenskem \u010dasu \u0161tudijskega leta 2022\/23 ponovno na voljo \u0161tipendije za te\u010daje sloven\u0161\u010dine, namenjene odraslim Slovencem, ki \u017eivijo v zamejstvu in po svetu. Na voljo so \u0161tipendije za naslednje te\u010daje: Popoldanski te\u010daj slovenskega jezika na spletu, jesen 2022: https:\/\/centerslo.si\/tecaji-za-odrasle\/tecaji\/popoldanski-tecaj-slovenskega-jezika-na-spletu\/ \u0161tipendija krije samo \u0161olnino, ne pa tudi bivanja: https:\/\/centerslo.si\/tecaji-za-odrasle\/splosne-informacije\/stipendije\/ rok za prijavo:\u00a031.\u00a0avgust [&hellip;]","og_url":"http:\/\/www.slovenci-zagreb.hr\/si\/tecaji-slovenskega-jezika\/","og_site_name":"Slovenski dom in Svet slovenske nacionalne manj\u0161ine Mesta Zagreb","article_published_time":"2022-08-23T13:04:06+00:00","article_modified_time":"2022-08-23T13:04:51+00:00","og_image":[{"width":700,"height":700,"url":"http:\/\/www.slovenci-zagreb.hr\/si\/wp-content\/uploads\/sites\/2\/2022\/08\/slovenscina.jpg","type":"image\/jpeg"}],"author":"agata","twitter_misc":{"Written by":"agata","Est. reading time":"1 minuta"},"schema":{"@context":"https:\/\/schema.org","@graph":[{"@type":"WebPage","@id":"http:\/\/www.slovenci-zagreb.hr\/si\/tecaji-slovenskega-jezika\/","url":"http:\/\/www.slovenci-zagreb.hr\/si\/tecaji-slovenskega-jezika\/","name":"Te\u010daji slovenskega jezika | Slovenski dom in Svet slovenske nacionalne manj\u0161ine Mesta Zagreb","isPartOf":{"@id":"http:\/\/www.slovenci-zagreb.hr\/si\/#website"},"datePublished":"2022-08-23T13:04:06+00:00","dateModified":"2022-08-23T13:04:51+00:00","author":{"@id":"http:\/\/www.slovenci-zagreb.hr\/si\/#\/schema\/person\/a34ecc40aa73e6dd78780facef777d32"},"breadcrumb":{"@id":"http:\/\/www.slovenci-zagreb.hr\/si\/tecaji-slovenskega-jezika\/#breadcrumb"},"inLanguage":"sl-SI","potentialAction":[{"@type":"ReadAction","target":["http:\/\/www.slovenci-zagreb.hr\/si\/tecaji-slovenskega-jezika\/"]}]},{"@type":"BreadcrumbList","@id":"http:\/\/www.slovenci-zagreb.hr\/si\/tecaji-slovenskega-jezika\/#breadcrumb","itemListElement":[{"@type":"ListItem","position":1,"name":"Home","item":"http:\/\/www.slovenci-zagreb.hr\/si\/"},{"@type":"ListItem","position":2,"name":"Te\u010daji slovenskega jezika"}]},{"@type":"WebSite","@id":"http:\/\/www.slovenci-zagreb.hr\/si\/#website","url":"http:\/\/www.slovenci-zagreb.hr\/si\/","name":"Slovenski dom in Svet slovenske nacionalne manj\u0161ine Mesta Zagreb","description":"","potentialAction":[{"@type":"SearchAction","target":{"@type":"EntryPoint","urlTemplate":"http:\/\/www.slovenci-zagreb.hr\/si\/?s={search_term_string}"},"query-input":"required name=search_term_string"}],"inLanguage":"sl-SI"},{"@type":"Person","@id":"http:\/\/www.slovenci-zagreb.hr\/si\/#\/schema\/person\/a34ecc40aa73e6dd78780facef777d32","name":"agata","image":{"@type":"ImageObject","inLanguage":"sl-SI","@id":"http:\/\/www.slovenci-zagreb.hr\/si\/#\/schema\/person\/image\/","url":"http:\/\/1.gravatar.com\/avatar\/42c070b2dbf14a48e0639733f946c907?s=96&d=mm&r=g","contentUrl":"http:\/\/1.gravatar.com\/avatar\/42c070b2dbf14a48e0639733f946c907?s=96&d=mm&r=g","caption":"agata"},"url":"http:\/\/www.slovenci-zagreb.hr\/si\/author\/agata\/"}]}},"_links":{"self":[{"href":"http:\/\/www.slovenci-zagreb.hr\/si\/wp-json\/wp\/v2\/posts\/5742"}],"collection":[{"href":"http:\/\/www.slovenci-zagreb.hr\/si\/wp-json\/wp\/v2\/posts"}],"about":[{"href":"http:\/\/www.slovenci-zagreb.hr\/si\/wp-json\/wp\/v2\/types\/post"}],"author":[{"embeddable":true,"href":"http:\/\/www.slovenci-zagreb.hr\/si\/wp-json\/wp\/v2\/users\/3"}],"replies":[{"embeddable":true,"href":"http:\/\/www.slovenci-zagreb.hr\/si\/wp-json\/wp\/v2\/comments?post=5742"}],"version-history":[{"count":2,"href":"http:\/\/www.slovenci-zagreb.hr\/si\/wp-json\/wp\/v2\/posts\/5742\/revisions"}],"predecessor-version":[{"id":5746,"href":"http:\/\/www.slovenci-zagreb.hr\/si\/wp-json\/wp\/v2\/posts\/5742\/revisions\/5746"}],"wp:featuredmedia":[{"embeddable":true,"href":"http:\/\/www.slovenci-zagreb.hr\/si\/wp-json\/wp\/v2\/media\/5744"}],"wp:attachment":[{"href":"http:\/\/www.slovenci-zagreb.hr\/si\/wp-json\/wp\/v2\/media?parent=5742"}],"wp:term":[{"taxonomy":"category","embeddable":true,"href":"http:\/\/www.slovenci-zagreb.hr\/si\/wp-json\/wp\/v2\/categories?post=5742"},{"taxonomy":"post_tag","embeddable":true,"href":"http:\/\/www.slovenci-zagreb.hr\/si\/wp-json\/wp\/v2\/tags?post=5742"}],"curies":[{"name":"wp","href":"https:\/\/api.w.org\/{rel}","templated":true}]}}