{"id":615,"date":"2013-06-29T08:00:15","date_gmt":"2013-06-29T06:00:15","guid":{"rendered":"http:\/\/www.slovenci-zagreb.hr\/si\/?p=615"},"modified":"2014-04-01T23:23:56","modified_gmt":"2014-04-01T21:23:56","slug":"slovenska-pesnica-maja-gal-stromar-na-24-vrazovi-ljubici","status":"publish","type":"post","link":"http:\/\/www.slovenci-zagreb.hr\/si\/slovenska-pesnica-maja-gal-stromar-na-24-vrazovi-ljubici\/","title":{"rendered":"Slovenska pesnica Maja Gal \u0160tromar na 24. Vrazovi Ljubici"},"content":{"rendered":"<p>Samobor \u2013 \u017de drugo leto zapovrstjo se je Svet slovenske narodne manj\u0161ine Mesta Zagreb pridru\u017eil organizatorjem tradicionalnega festivala hrva\u0161ke ljubezenske poezije (Ljudski univerzi Samobor, Samoborskemu muzeju, Dru\u0161tvu hrva\u0161kih knji\u017eevnikov) in pokroviteljema, Mestni ob\u010dini Samobor in Zagreb\u0161ki \u017eupaniji, na katerem je sodelovala tudi slovenska pesnica Maja Gal \u0160tromar.<\/p>\n<p>Pesniki so se najprej zbrali pri \u017eupnijski cerkvi svete Anastazije pri grobu Ljubice Cantilly, neusli\u0161ane Vrazove ljubezni, kjer so polo\u017eili cvetje, Vesna Buri\u0107 z Ljudske univerze Samobor in legendarni hrva\u0161ki pesnik Pajo Kani\u017eaj pa sta pesnikom za\u017eelela dobrodo\u0161lico. Za padle v domovinski vojni so sodelujo\u010di pri\u017egali sve\u010do in polo\u017eili cvetje v Parku domovinske zahvalnosti. Po prijetnem sprehodu po Samoborju sta pred Samoborskim muzejem o Stanku Vrazu spregovorila direktor muzeja Miroslav Milohni\u0107 in namestnica samoborskega \u017eupana Sanja Horvat Ivekovi\u0107, ki je za\u017eelela dobrodo\u0161lico ljubiteljem poezije in toplo pozdravila predstavnike slovenske skupnosti, v imenu katere je \u010dlanica Sveta Polona Jurini\u0107 polo\u017eila \u0161opek na spomenik Stanka Vraza, ki se je rodil 30. junija, s \u010dimer so obele\u017eili njegovo 203. obletnico rojstva.<\/p>\n<p>Ena najlep\u0161ih ljubezenskih zgodb o Julijani Cantilly in Vrazu zagotovo ne bo pozabljena, zahvaljujo\u010d pesnikom, ki so tudi letos posebej za to prilo\u017enost napisali in v Galeriji Prica prebrali svojo ljubezensko poezijo, ki bo naslednje leto iz\u0161la v zbirki pesmi. Vsestranska slovenska umetnica iz Ljubljane Maja Gal \u0160tromar je v sloven\u0161\u010dini prebrala svojo poezijo in vzbudila veliko zanimanje za svoje izjemno bogato delo.<\/p>\n<p>Ve\u010der ljubezenske poezije je z ne\u017enim Petrarkovim sonetom Franza Liszta polep\u0161ala znana pianistka iz Samoborja Lana Genc. Vseh 45 pesnikov, ki so se po kon\u010danem sre\u010danju \u0161e dolgo dru\u017eili, je prejelo pesni\u0161ko zbirko z lanskoletnega sre\u010danja.<\/p>\n<p><strong>Spomin na Vraza obele\u017eili tudi v Zagrebu<\/strong><\/p>\n<p>\u010clani SSNM MZ so 12. junija v okviru projekta Kultura v stiku tradicionalno polo\u017eili venec na spominsko plo\u0161\u010do Stanku Vrazu (30.6.1810, Cerovec \u2013 20.5.1851, Zagreb) v Opati\u0161ki ulici na stavbi Hrva\u0161ke akademije znanosti in umetnosti, v kateri je Vraz umrl. 203. obletnica rojstva Stanka Vraza je bila obele\u017eena s kratkim govorom predsednika Sveta Darka \u0160onca o Vrazu in z ljubezenskimi pesmimi iz \u0110ulabij, ki jih je pred stavbo HAZU recitiral igralec in \u010dlan Sveta Ivica Kunej. (a.k.m.)<\/p>\n<p><strong>Maja Gal \u0160tromar<\/strong><\/p>\n<p>je vsestranska umetnica: igralka, pesnica in pisateljica, prevajalka, gledali\u0161ka pedagoginja. Sicer diplomirana romanistka je tudi diplomantka Mednarodne \u0161ole za gledali\u0161\u010de Jacquesa Lecoqa v Parizu. V gledali\u0161\u010du je tako doma kot v tujini odigrala ve\u010d kot 34 vlog, posnela ve\u010d kot 23 filmov. Izdala je 8 avtorskih knjig, od tega \u0161tiri pesni\u0161ke zbirke <em><strong>Goga 66000, Na predpomlad mi reci ti, \u017de \u010de\u0161nje\u010das, Boginja z zamudo-Dea in ritardo (zbirka s CD)<\/strong><\/em>, tri romane <em><strong>Amigdalino srce, Lju.beznica ali Svetloba po dekretu, Misli name, ko ti je lepo<\/strong><\/em> ter monodramo <em><strong>Alma Ajka<\/strong><\/em>, ki je slovensko-arabska izdaja Aleksandrijske knji\u017enice.<\/p>\n<p>Pred izidom so njena nova romana <em><strong>Potaknjenci<\/strong><\/em> in <em><strong>\u017denska drugje<\/strong><\/em> ter gledali\u0161ki vademekum <em><strong>\u010crkolandija<\/strong><\/em> (pravljica, besedilo in gledali\u0161ki priro\u010dnik). Pi\u0161e gledali\u0161ka besedila za otro\u0161ke predstave, <em><strong>Cifromanija, \u010crkolandija, Kako je Nejc prevzgojil babico, Jan in njegovi zobki, Hladilnik Gore\u010dnik, Eko u\u010dna ura, radijske igre za odrasle, Alkimija srca, Father, d. o. o. \u2013 dru\u017eba z omejeno odgovornostjo, Vademekum sr(e)\u010dnosti, Ljubezen v \u010dasu kolerabe, Tri \u017eenske<\/strong><\/em>, in mladinske igrane igre v ve\u010d delih <em><strong>\u010casoplov, Ana Tomi ja<\/strong><\/em>.<\/p>\n<p>Ve\u010d informacij o avtorici lahko preberete na <a href=\"http:\/\/www.majagalstromar.si\" target=\"_blank\">www.majagalstromar.si<\/a>.<\/p>\n<div id=\"attachment_618\" style=\"width: 470px\" class=\"wp-caption aligncenter\"><img decoding=\"async\" aria-describedby=\"caption-attachment-618\" class=\"size-full wp-image-618\" alt=\"Maja Gal \u0160tromar ob spomeniku Stanka Vraza pred Samoborskim muzejem. Foto: a.k.m.\" src=\"http:\/\/www.slovenci-zagreb.hr\/si\/wp-content\/uploads\/sites\/2\/2014\/04\/MAJA_VRAZ_web.jpg\" width=\"460\" height=\"613\" srcset=\"http:\/\/www.slovenci-zagreb.hr\/si\/wp-content\/uploads\/sites\/2\/2014\/04\/MAJA_VRAZ_web-225x300.jpg 225w, http:\/\/www.slovenci-zagreb.hr\/si\/wp-content\/uploads\/sites\/2\/2014\/04\/MAJA_VRAZ_web.jpg 460w\" sizes=\"(max-width: 460px) 100vw, 460px\" \/><p id=\"caption-attachment-618\" class=\"wp-caption-text\">Maja Gal \u0160tromar ob spomeniku Stanka Vraza pred Samoborskim muzejem. Foto: a.k.m.<\/p><\/div>\n<div id=\"attachment_616\" style=\"width: 470px\" class=\"wp-caption aligncenter\"><img decoding=\"async\" aria-describedby=\"caption-attachment-616\" class=\"size-full wp-image-616\" alt=\"Recitiranje pesnice Maje Gal \u0160tromar iz Ljubljane v Galeriji Prica v Samoborju. Foto: a.k.m.\" src=\"http:\/\/www.slovenci-zagreb.hr\/si\/wp-content\/uploads\/sites\/2\/2014\/04\/MAJA_web.jpg\" width=\"460\" height=\"613\" srcset=\"http:\/\/www.slovenci-zagreb.hr\/si\/wp-content\/uploads\/sites\/2\/2014\/04\/MAJA_web-225x300.jpg 225w, http:\/\/www.slovenci-zagreb.hr\/si\/wp-content\/uploads\/sites\/2\/2014\/04\/MAJA_web.jpg 460w\" sizes=\"(max-width: 460px) 100vw, 460px\" \/><p id=\"caption-attachment-616\" class=\"wp-caption-text\">Recitiranje pesnice Maje Gal \u0160tromar iz Ljubljane v Galeriji Prica v Samoborju. Foto: a.k.m.<\/p><\/div>\n<p>&nbsp;<\/p>\n","protected":false},"excerpt":{"rendered":"<p>Samobor \u2013 \u017de drugo leto zapovrstjo se je Svet slovenske narodne manj\u0161ine Mesta Zagreb pridru\u017eil organizatorjem tradicionalnega festivala hrva\u0161ke ljubezenske poezije (Ljudski univerzi Samobor, Samoborskemu muzeju, Dru\u0161tvu hrva\u0161kih knji\u017eevnikov) in pokroviteljema, Mestni ob\u010dini Samobor in Zagreb\u0161ki \u017eupaniji, na katerem je sodelovala tudi slovenska pesnica Maja Gal \u0160tromar. Pesniki so se najprej zbrali pri \u017eupnijski cerkvi [&hellip;]<\/p>\n","protected":false},"author":1,"featured_media":617,"comment_status":"closed","ping_status":"open","sticky":false,"template":"","format":"standard","meta":{"footnotes":""},"categories":[5],"tags":[],"yoast_head":"<!-- This site is optimized with the Yoast SEO plugin v22.0 - https:\/\/yoast.com\/wordpress\/plugins\/seo\/ -->\n<title>Slovenska pesnica Maja Gal \u0160tromar na 24. Vrazovi Ljubici | Slovenski dom in Svet slovenske nacionalne manj\u0161ine Mesta Zagreb<\/title>\n<meta name=\"robots\" content=\"index, follow, max-snippet:-1, max-image-preview:large, max-video-preview:-1\" \/>\n<link rel=\"canonical\" href=\"http:\/\/www.slovenci-zagreb.hr\/si\/slovenska-pesnica-maja-gal-stromar-na-24-vrazovi-ljubici\/\" \/>\n<meta property=\"og:locale\" content=\"sl_SI\" \/>\n<meta property=\"og:type\" content=\"article\" \/>\n<meta property=\"og:title\" content=\"Slovenska pesnica Maja Gal \u0160tromar na 24. Vrazovi Ljubici | Slovenski dom in Svet slovenske nacionalne manj\u0161ine Mesta Zagreb\" \/>\n<meta property=\"og:description\" content=\"Samobor \u2013 \u017de drugo leto zapovrstjo se je Svet slovenske narodne manj\u0161ine Mesta Zagreb pridru\u017eil organizatorjem tradicionalnega festivala hrva\u0161ke ljubezenske poezije (Ljudski univerzi Samobor, Samoborskemu muzeju, Dru\u0161tvu hrva\u0161kih knji\u017eevnikov) in pokroviteljema, Mestni ob\u010dini Samobor in Zagreb\u0161ki \u017eupaniji, na katerem je sodelovala tudi slovenska pesnica Maja Gal \u0160tromar. Pesniki so se najprej zbrali pri \u017eupnijski cerkvi [&hellip;]\" \/>\n<meta property=\"og:url\" content=\"http:\/\/www.slovenci-zagreb.hr\/si\/slovenska-pesnica-maja-gal-stromar-na-24-vrazovi-ljubici\/\" \/>\n<meta property=\"og:site_name\" content=\"Slovenski dom in Svet slovenske nacionalne manj\u0161ine Mesta Zagreb\" \/>\n<meta property=\"article:published_time\" content=\"2013-06-29T06:00:15+00:00\" \/>\n<meta property=\"article:modified_time\" content=\"2014-04-01T21:23:56+00:00\" \/>\n<meta property=\"og:image\" content=\"http:\/\/www.slovenci-zagreb.hr\/si\/wp-content\/uploads\/sites\/2\/2014\/04\/LJUBICIN_GROB_web.jpg\" \/>\n\t<meta property=\"og:image:width\" content=\"170\" \/>\n\t<meta property=\"og:image:height\" content=\"227\" \/>\n\t<meta property=\"og:image:type\" content=\"image\/jpeg\" \/>\n<meta name=\"author\" content=\"edin.dji\" \/>\n<meta name=\"twitter:label1\" content=\"Written by\" \/>\n\t<meta name=\"twitter:data1\" content=\"edin.dji\" \/>\n\t<meta name=\"twitter:label2\" content=\"Est. reading time\" \/>\n\t<meta name=\"twitter:data2\" content=\"3 minute\" \/>\n<script type=\"application\/ld+json\" class=\"yoast-schema-graph\">{\"@context\":\"https:\/\/schema.org\",\"@graph\":[{\"@type\":\"WebPage\",\"@id\":\"http:\/\/www.slovenci-zagreb.hr\/si\/slovenska-pesnica-maja-gal-stromar-na-24-vrazovi-ljubici\/\",\"url\":\"http:\/\/www.slovenci-zagreb.hr\/si\/slovenska-pesnica-maja-gal-stromar-na-24-vrazovi-ljubici\/\",\"name\":\"Slovenska pesnica Maja Gal \u0160tromar na 24. Vrazovi Ljubici | Slovenski dom in Svet slovenske nacionalne manj\u0161ine Mesta Zagreb\",\"isPartOf\":{\"@id\":\"http:\/\/www.slovenci-zagreb.hr\/si\/#website\"},\"datePublished\":\"2013-06-29T06:00:15+00:00\",\"dateModified\":\"2014-04-01T21:23:56+00:00\",\"author\":{\"@id\":\"http:\/\/www.slovenci-zagreb.hr\/si\/#\/schema\/person\/6676f710a91979474558fea82bc41a0a\"},\"breadcrumb\":{\"@id\":\"http:\/\/www.slovenci-zagreb.hr\/si\/slovenska-pesnica-maja-gal-stromar-na-24-vrazovi-ljubici\/#breadcrumb\"},\"inLanguage\":\"sl-SI\",\"potentialAction\":[{\"@type\":\"ReadAction\",\"target\":[\"http:\/\/www.slovenci-zagreb.hr\/si\/slovenska-pesnica-maja-gal-stromar-na-24-vrazovi-ljubici\/\"]}]},{\"@type\":\"BreadcrumbList\",\"@id\":\"http:\/\/www.slovenci-zagreb.hr\/si\/slovenska-pesnica-maja-gal-stromar-na-24-vrazovi-ljubici\/#breadcrumb\",\"itemListElement\":[{\"@type\":\"ListItem\",\"position\":1,\"name\":\"Home\",\"item\":\"http:\/\/www.slovenci-zagreb.hr\/si\/\"},{\"@type\":\"ListItem\",\"position\":2,\"name\":\"Slovenska pesnica Maja Gal \u0160tromar na 24. Vrazovi Ljubici\"}]},{\"@type\":\"WebSite\",\"@id\":\"http:\/\/www.slovenci-zagreb.hr\/si\/#website\",\"url\":\"http:\/\/www.slovenci-zagreb.hr\/si\/\",\"name\":\"Slovenski dom in Svet slovenske nacionalne manj\u0161ine Mesta Zagreb\",\"description\":\"\",\"potentialAction\":[{\"@type\":\"SearchAction\",\"target\":{\"@type\":\"EntryPoint\",\"urlTemplate\":\"http:\/\/www.slovenci-zagreb.hr\/si\/?s={search_term_string}\"},\"query-input\":\"required name=search_term_string\"}],\"inLanguage\":\"sl-SI\"},{\"@type\":\"Person\",\"@id\":\"http:\/\/www.slovenci-zagreb.hr\/si\/#\/schema\/person\/6676f710a91979474558fea82bc41a0a\",\"name\":\"edin.dji\",\"image\":{\"@type\":\"ImageObject\",\"inLanguage\":\"sl-SI\",\"@id\":\"http:\/\/www.slovenci-zagreb.hr\/si\/#\/schema\/person\/image\/\",\"url\":\"http:\/\/0.gravatar.com\/avatar\/6136fa88afb87b83090822617871c230?s=96&d=mm&r=g\",\"contentUrl\":\"http:\/\/0.gravatar.com\/avatar\/6136fa88afb87b83090822617871c230?s=96&d=mm&r=g\",\"caption\":\"edin.dji\"},\"url\":\"http:\/\/www.slovenci-zagreb.hr\/si\/author\/edin-dji\/\"}]}<\/script>\n<!-- \/ Yoast SEO plugin. -->","yoast_head_json":{"title":"Slovenska pesnica Maja Gal \u0160tromar na 24. Vrazovi Ljubici | Slovenski dom in Svet slovenske nacionalne manj\u0161ine Mesta Zagreb","robots":{"index":"index","follow":"follow","max-snippet":"max-snippet:-1","max-image-preview":"max-image-preview:large","max-video-preview":"max-video-preview:-1"},"canonical":"http:\/\/www.slovenci-zagreb.hr\/si\/slovenska-pesnica-maja-gal-stromar-na-24-vrazovi-ljubici\/","og_locale":"sl_SI","og_type":"article","og_title":"Slovenska pesnica Maja Gal \u0160tromar na 24. Vrazovi Ljubici | Slovenski dom in Svet slovenske nacionalne manj\u0161ine Mesta Zagreb","og_description":"Samobor \u2013 \u017de drugo leto zapovrstjo se je Svet slovenske narodne manj\u0161ine Mesta Zagreb pridru\u017eil organizatorjem tradicionalnega festivala hrva\u0161ke ljubezenske poezije (Ljudski univerzi Samobor, Samoborskemu muzeju, Dru\u0161tvu hrva\u0161kih knji\u017eevnikov) in pokroviteljema, Mestni ob\u010dini Samobor in Zagreb\u0161ki \u017eupaniji, na katerem je sodelovala tudi slovenska pesnica Maja Gal \u0160tromar. Pesniki so se najprej zbrali pri \u017eupnijski cerkvi [&hellip;]","og_url":"http:\/\/www.slovenci-zagreb.hr\/si\/slovenska-pesnica-maja-gal-stromar-na-24-vrazovi-ljubici\/","og_site_name":"Slovenski dom in Svet slovenske nacionalne manj\u0161ine Mesta Zagreb","article_published_time":"2013-06-29T06:00:15+00:00","article_modified_time":"2014-04-01T21:23:56+00:00","og_image":[{"width":170,"height":227,"url":"http:\/\/www.slovenci-zagreb.hr\/si\/wp-content\/uploads\/sites\/2\/2014\/04\/LJUBICIN_GROB_web.jpg","type":"image\/jpeg"}],"author":"edin.dji","twitter_misc":{"Written by":"edin.dji","Est. reading time":"3 minute"},"schema":{"@context":"https:\/\/schema.org","@graph":[{"@type":"WebPage","@id":"http:\/\/www.slovenci-zagreb.hr\/si\/slovenska-pesnica-maja-gal-stromar-na-24-vrazovi-ljubici\/","url":"http:\/\/www.slovenci-zagreb.hr\/si\/slovenska-pesnica-maja-gal-stromar-na-24-vrazovi-ljubici\/","name":"Slovenska pesnica Maja Gal \u0160tromar na 24. Vrazovi Ljubici | Slovenski dom in Svet slovenske nacionalne manj\u0161ine Mesta Zagreb","isPartOf":{"@id":"http:\/\/www.slovenci-zagreb.hr\/si\/#website"},"datePublished":"2013-06-29T06:00:15+00:00","dateModified":"2014-04-01T21:23:56+00:00","author":{"@id":"http:\/\/www.slovenci-zagreb.hr\/si\/#\/schema\/person\/6676f710a91979474558fea82bc41a0a"},"breadcrumb":{"@id":"http:\/\/www.slovenci-zagreb.hr\/si\/slovenska-pesnica-maja-gal-stromar-na-24-vrazovi-ljubici\/#breadcrumb"},"inLanguage":"sl-SI","potentialAction":[{"@type":"ReadAction","target":["http:\/\/www.slovenci-zagreb.hr\/si\/slovenska-pesnica-maja-gal-stromar-na-24-vrazovi-ljubici\/"]}]},{"@type":"BreadcrumbList","@id":"http:\/\/www.slovenci-zagreb.hr\/si\/slovenska-pesnica-maja-gal-stromar-na-24-vrazovi-ljubici\/#breadcrumb","itemListElement":[{"@type":"ListItem","position":1,"name":"Home","item":"http:\/\/www.slovenci-zagreb.hr\/si\/"},{"@type":"ListItem","position":2,"name":"Slovenska pesnica Maja Gal \u0160tromar na 24. Vrazovi Ljubici"}]},{"@type":"WebSite","@id":"http:\/\/www.slovenci-zagreb.hr\/si\/#website","url":"http:\/\/www.slovenci-zagreb.hr\/si\/","name":"Slovenski dom in Svet slovenske nacionalne manj\u0161ine Mesta Zagreb","description":"","potentialAction":[{"@type":"SearchAction","target":{"@type":"EntryPoint","urlTemplate":"http:\/\/www.slovenci-zagreb.hr\/si\/?s={search_term_string}"},"query-input":"required name=search_term_string"}],"inLanguage":"sl-SI"},{"@type":"Person","@id":"http:\/\/www.slovenci-zagreb.hr\/si\/#\/schema\/person\/6676f710a91979474558fea82bc41a0a","name":"edin.dji","image":{"@type":"ImageObject","inLanguage":"sl-SI","@id":"http:\/\/www.slovenci-zagreb.hr\/si\/#\/schema\/person\/image\/","url":"http:\/\/0.gravatar.com\/avatar\/6136fa88afb87b83090822617871c230?s=96&d=mm&r=g","contentUrl":"http:\/\/0.gravatar.com\/avatar\/6136fa88afb87b83090822617871c230?s=96&d=mm&r=g","caption":"edin.dji"},"url":"http:\/\/www.slovenci-zagreb.hr\/si\/author\/edin-dji\/"}]}},"_links":{"self":[{"href":"http:\/\/www.slovenci-zagreb.hr\/si\/wp-json\/wp\/v2\/posts\/615"}],"collection":[{"href":"http:\/\/www.slovenci-zagreb.hr\/si\/wp-json\/wp\/v2\/posts"}],"about":[{"href":"http:\/\/www.slovenci-zagreb.hr\/si\/wp-json\/wp\/v2\/types\/post"}],"author":[{"embeddable":true,"href":"http:\/\/www.slovenci-zagreb.hr\/si\/wp-json\/wp\/v2\/users\/1"}],"replies":[{"embeddable":true,"href":"http:\/\/www.slovenci-zagreb.hr\/si\/wp-json\/wp\/v2\/comments?post=615"}],"version-history":[{"count":3,"href":"http:\/\/www.slovenci-zagreb.hr\/si\/wp-json\/wp\/v2\/posts\/615\/revisions"}],"predecessor-version":[{"id":621,"href":"http:\/\/www.slovenci-zagreb.hr\/si\/wp-json\/wp\/v2\/posts\/615\/revisions\/621"}],"wp:featuredmedia":[{"embeddable":true,"href":"http:\/\/www.slovenci-zagreb.hr\/si\/wp-json\/wp\/v2\/media\/617"}],"wp:attachment":[{"href":"http:\/\/www.slovenci-zagreb.hr\/si\/wp-json\/wp\/v2\/media?parent=615"}],"wp:term":[{"taxonomy":"category","embeddable":true,"href":"http:\/\/www.slovenci-zagreb.hr\/si\/wp-json\/wp\/v2\/categories?post=615"},{"taxonomy":"post_tag","embeddable":true,"href":"http:\/\/www.slovenci-zagreb.hr\/si\/wp-json\/wp\/v2\/tags?post=615"}],"curies":[{"name":"wp","href":"https:\/\/api.w.org\/{rel}","templated":true}]}}