{"id":6433,"date":"2023-10-26T08:52:16","date_gmt":"2023-10-26T06:52:16","guid":{"rendered":"http:\/\/www.slovenci-zagreb.hr\/si\/?p=6433"},"modified":"2023-10-31T15:16:31","modified_gmt":"2023-10-31T14:16:31","slug":"kuhamo-slovenske-jedi-prvi-petek","status":"publish","type":"post","link":"http:\/\/www.slovenci-zagreb.hr\/si\/kuhamo-slovenske-jedi-prvi-petek\/","title":{"rendered":"Kuhamo slovenske jedi &#8211; Prvi petek"},"content":{"rendered":"<p><strong>3. novembra 2023, ob 18. uri, KUHAMO SLOVENSKE JEDI \u2013 PRVI PETEK, Slovenski dom Zagreb, Masarykova 13<\/strong><\/p>\n<p>Zadi\u0161alo bo po doma\u010dem <em>ajmohtu<\/em>, priljubljeni jedi na \u017elico, ki spada med slovensko kulinari\u010dno dedi\u0161\u010dino na\u0161ih babic<br \/>\n3. novembra 2023 bomo ob 18.00 uri kuhali pi\u0161\u010dan\u010dji ajmoht, slovensko narodno jed, ki so jo gospodinje v\u010dasih pripravljale iz slab\u0161ih delov mesa, drobovine in zelenjave. <em>Ajmoht<\/em> so ljudje neko\u010d jedli zaradi energetske izdatnosti in ugodnih u\u010dinkov na \u017eelodec. To je bila jed, ki so jo u\u017eivale porodnice, ljudje ki so potrebovali mo\u010d ter bolniki, ki so okrevali po bolezni.<\/p>\n<p>Pridru\u017eite se nam ob kuhanju priljubljene jedi. Upamo, da tudi nam da mo\u010d, da se skupaj poveselimo, kot so to na\u0161i predniki po\u010deli neko\u010d.<\/p>\n<p><a href=\"http:\/\/www.slovenci-zagreb.hr\/si\/wp-content\/uploads\/sites\/2\/2023\/10\/ajmoht.jpg\"><img decoding=\"async\" class=\"aligncenter size-full wp-image-6434\" src=\"http:\/\/www.slovenci-zagreb.hr\/si\/wp-content\/uploads\/sites\/2\/2023\/10\/ajmoht.jpg\" alt=\"\" width=\"313\" height=\"416\" srcset=\"http:\/\/www.slovenci-zagreb.hr\/si\/wp-content\/uploads\/sites\/2\/2023\/10\/ajmoht-200x266.jpg 200w, http:\/\/www.slovenci-zagreb.hr\/si\/wp-content\/uploads\/sites\/2\/2023\/10\/ajmoht-226x300.jpg 226w, http:\/\/www.slovenci-zagreb.hr\/si\/wp-content\/uploads\/sites\/2\/2023\/10\/ajmoht.jpg 313w\" sizes=\"(max-width: 313px) 100vw, 313px\" \/><\/a><\/p>\n<p>&nbsp;<\/p>\n","protected":false},"excerpt":{"rendered":"<p>3. novembra 2023, ob 18. uri, KUHAMO SLOVENSKE JEDI \u2013 PRVI PETEK, Slovenski dom Zagreb, Masarykova 13 Zadi\u0161alo bo po doma\u010dem ajmohtu, priljubljeni jedi na \u017elico, ki spada med slovensko kulinari\u010dno dedi\u0161\u010dino na\u0161ih babic 3. novembra 2023 bomo ob 18.00 uri kuhali pi\u0161\u010dan\u010dji ajmoht, slovensko narodno jed, ki so jo gospodinje v\u010dasih pripravljale iz slab\u0161ih [&hellip;]<\/p>\n","protected":false},"author":3,"featured_media":0,"comment_status":"closed","ping_status":"open","sticky":false,"template":"","format":"standard","meta":{"footnotes":""},"categories":[3],"tags":[],"yoast_head":"<!-- This site is optimized with the Yoast SEO plugin v22.0 - https:\/\/yoast.com\/wordpress\/plugins\/seo\/ -->\n<title>Kuhamo slovenske jedi - Prvi petek | Slovenski dom in Svet slovenske nacionalne manj\u0161ine Mesta Zagreb<\/title>\n<meta name=\"robots\" content=\"index, follow, max-snippet:-1, max-image-preview:large, max-video-preview:-1\" \/>\n<link rel=\"canonical\" href=\"http:\/\/www.slovenci-zagreb.hr\/si\/kuhamo-slovenske-jedi-prvi-petek\/\" \/>\n<meta property=\"og:locale\" content=\"sl_SI\" \/>\n<meta property=\"og:type\" content=\"article\" \/>\n<meta property=\"og:title\" content=\"Kuhamo slovenske jedi - Prvi petek | Slovenski dom in Svet slovenske nacionalne manj\u0161ine Mesta Zagreb\" \/>\n<meta property=\"og:description\" content=\"3. novembra 2023, ob 18. uri, KUHAMO SLOVENSKE JEDI \u2013 PRVI PETEK, Slovenski dom Zagreb, Masarykova 13 Zadi\u0161alo bo po doma\u010dem ajmohtu, priljubljeni jedi na \u017elico, ki spada med slovensko kulinari\u010dno dedi\u0161\u010dino na\u0161ih babic 3. novembra 2023 bomo ob 18.00 uri kuhali pi\u0161\u010dan\u010dji ajmoht, slovensko narodno jed, ki so jo gospodinje v\u010dasih pripravljale iz slab\u0161ih [&hellip;]\" \/>\n<meta property=\"og:url\" content=\"http:\/\/www.slovenci-zagreb.hr\/si\/kuhamo-slovenske-jedi-prvi-petek\/\" \/>\n<meta property=\"og:site_name\" content=\"Slovenski dom in Svet slovenske nacionalne manj\u0161ine Mesta Zagreb\" \/>\n<meta property=\"article:published_time\" content=\"2023-10-26T06:52:16+00:00\" \/>\n<meta property=\"article:modified_time\" content=\"2023-10-31T14:16:31+00:00\" \/>\n<meta property=\"og:image\" content=\"http:\/\/www.slovenci-zagreb.hr\/si\/wp-content\/uploads\/sites\/2\/2023\/10\/ajmoht.jpg\" \/>\n<meta name=\"author\" content=\"agata\" \/>\n<meta name=\"twitter:label1\" content=\"Written by\" \/>\n\t<meta name=\"twitter:data1\" content=\"agata\" \/>\n\t<meta name=\"twitter:label2\" content=\"Est. reading time\" \/>\n\t<meta name=\"twitter:data2\" content=\"1 minuta\" \/>\n<script type=\"application\/ld+json\" class=\"yoast-schema-graph\">{\"@context\":\"https:\/\/schema.org\",\"@graph\":[{\"@type\":\"WebPage\",\"@id\":\"http:\/\/www.slovenci-zagreb.hr\/si\/kuhamo-slovenske-jedi-prvi-petek\/\",\"url\":\"http:\/\/www.slovenci-zagreb.hr\/si\/kuhamo-slovenske-jedi-prvi-petek\/\",\"name\":\"Kuhamo slovenske jedi - Prvi petek | Slovenski dom in Svet slovenske nacionalne manj\u0161ine Mesta Zagreb\",\"isPartOf\":{\"@id\":\"http:\/\/www.slovenci-zagreb.hr\/si\/#website\"},\"datePublished\":\"2023-10-26T06:52:16+00:00\",\"dateModified\":\"2023-10-31T14:16:31+00:00\",\"author\":{\"@id\":\"http:\/\/www.slovenci-zagreb.hr\/si\/#\/schema\/person\/a34ecc40aa73e6dd78780facef777d32\"},\"breadcrumb\":{\"@id\":\"http:\/\/www.slovenci-zagreb.hr\/si\/kuhamo-slovenske-jedi-prvi-petek\/#breadcrumb\"},\"inLanguage\":\"sl-SI\",\"potentialAction\":[{\"@type\":\"ReadAction\",\"target\":[\"http:\/\/www.slovenci-zagreb.hr\/si\/kuhamo-slovenske-jedi-prvi-petek\/\"]}]},{\"@type\":\"BreadcrumbList\",\"@id\":\"http:\/\/www.slovenci-zagreb.hr\/si\/kuhamo-slovenske-jedi-prvi-petek\/#breadcrumb\",\"itemListElement\":[{\"@type\":\"ListItem\",\"position\":1,\"name\":\"Home\",\"item\":\"http:\/\/www.slovenci-zagreb.hr\/si\/\"},{\"@type\":\"ListItem\",\"position\":2,\"name\":\"Kuhamo slovenske jedi &#8211; Prvi petek\"}]},{\"@type\":\"WebSite\",\"@id\":\"http:\/\/www.slovenci-zagreb.hr\/si\/#website\",\"url\":\"http:\/\/www.slovenci-zagreb.hr\/si\/\",\"name\":\"Slovenski dom in Svet slovenske nacionalne manj\u0161ine Mesta Zagreb\",\"description\":\"\",\"potentialAction\":[{\"@type\":\"SearchAction\",\"target\":{\"@type\":\"EntryPoint\",\"urlTemplate\":\"http:\/\/www.slovenci-zagreb.hr\/si\/?s={search_term_string}\"},\"query-input\":\"required name=search_term_string\"}],\"inLanguage\":\"sl-SI\"},{\"@type\":\"Person\",\"@id\":\"http:\/\/www.slovenci-zagreb.hr\/si\/#\/schema\/person\/a34ecc40aa73e6dd78780facef777d32\",\"name\":\"agata\",\"image\":{\"@type\":\"ImageObject\",\"inLanguage\":\"sl-SI\",\"@id\":\"http:\/\/www.slovenci-zagreb.hr\/si\/#\/schema\/person\/image\/\",\"url\":\"http:\/\/1.gravatar.com\/avatar\/42c070b2dbf14a48e0639733f946c907?s=96&d=mm&r=g\",\"contentUrl\":\"http:\/\/1.gravatar.com\/avatar\/42c070b2dbf14a48e0639733f946c907?s=96&d=mm&r=g\",\"caption\":\"agata\"},\"url\":\"http:\/\/www.slovenci-zagreb.hr\/si\/author\/agata\/\"}]}<\/script>\n<!-- \/ Yoast SEO plugin. -->","yoast_head_json":{"title":"Kuhamo slovenske jedi - Prvi petek | Slovenski dom in Svet slovenske nacionalne manj\u0161ine Mesta Zagreb","robots":{"index":"index","follow":"follow","max-snippet":"max-snippet:-1","max-image-preview":"max-image-preview:large","max-video-preview":"max-video-preview:-1"},"canonical":"http:\/\/www.slovenci-zagreb.hr\/si\/kuhamo-slovenske-jedi-prvi-petek\/","og_locale":"sl_SI","og_type":"article","og_title":"Kuhamo slovenske jedi - Prvi petek | Slovenski dom in Svet slovenske nacionalne manj\u0161ine Mesta Zagreb","og_description":"3. novembra 2023, ob 18. uri, KUHAMO SLOVENSKE JEDI \u2013 PRVI PETEK, Slovenski dom Zagreb, Masarykova 13 Zadi\u0161alo bo po doma\u010dem ajmohtu, priljubljeni jedi na \u017elico, ki spada med slovensko kulinari\u010dno dedi\u0161\u010dino na\u0161ih babic 3. novembra 2023 bomo ob 18.00 uri kuhali pi\u0161\u010dan\u010dji ajmoht, slovensko narodno jed, ki so jo gospodinje v\u010dasih pripravljale iz slab\u0161ih [&hellip;]","og_url":"http:\/\/www.slovenci-zagreb.hr\/si\/kuhamo-slovenske-jedi-prvi-petek\/","og_site_name":"Slovenski dom in Svet slovenske nacionalne manj\u0161ine Mesta Zagreb","article_published_time":"2023-10-26T06:52:16+00:00","article_modified_time":"2023-10-31T14:16:31+00:00","og_image":[{"url":"http:\/\/www.slovenci-zagreb.hr\/si\/wp-content\/uploads\/sites\/2\/2023\/10\/ajmoht.jpg"}],"author":"agata","twitter_misc":{"Written by":"agata","Est. reading time":"1 minuta"},"schema":{"@context":"https:\/\/schema.org","@graph":[{"@type":"WebPage","@id":"http:\/\/www.slovenci-zagreb.hr\/si\/kuhamo-slovenske-jedi-prvi-petek\/","url":"http:\/\/www.slovenci-zagreb.hr\/si\/kuhamo-slovenske-jedi-prvi-petek\/","name":"Kuhamo slovenske jedi - Prvi petek | Slovenski dom in Svet slovenske nacionalne manj\u0161ine Mesta Zagreb","isPartOf":{"@id":"http:\/\/www.slovenci-zagreb.hr\/si\/#website"},"datePublished":"2023-10-26T06:52:16+00:00","dateModified":"2023-10-31T14:16:31+00:00","author":{"@id":"http:\/\/www.slovenci-zagreb.hr\/si\/#\/schema\/person\/a34ecc40aa73e6dd78780facef777d32"},"breadcrumb":{"@id":"http:\/\/www.slovenci-zagreb.hr\/si\/kuhamo-slovenske-jedi-prvi-petek\/#breadcrumb"},"inLanguage":"sl-SI","potentialAction":[{"@type":"ReadAction","target":["http:\/\/www.slovenci-zagreb.hr\/si\/kuhamo-slovenske-jedi-prvi-petek\/"]}]},{"@type":"BreadcrumbList","@id":"http:\/\/www.slovenci-zagreb.hr\/si\/kuhamo-slovenske-jedi-prvi-petek\/#breadcrumb","itemListElement":[{"@type":"ListItem","position":1,"name":"Home","item":"http:\/\/www.slovenci-zagreb.hr\/si\/"},{"@type":"ListItem","position":2,"name":"Kuhamo slovenske jedi &#8211; Prvi petek"}]},{"@type":"WebSite","@id":"http:\/\/www.slovenci-zagreb.hr\/si\/#website","url":"http:\/\/www.slovenci-zagreb.hr\/si\/","name":"Slovenski dom in Svet slovenske nacionalne manj\u0161ine Mesta Zagreb","description":"","potentialAction":[{"@type":"SearchAction","target":{"@type":"EntryPoint","urlTemplate":"http:\/\/www.slovenci-zagreb.hr\/si\/?s={search_term_string}"},"query-input":"required name=search_term_string"}],"inLanguage":"sl-SI"},{"@type":"Person","@id":"http:\/\/www.slovenci-zagreb.hr\/si\/#\/schema\/person\/a34ecc40aa73e6dd78780facef777d32","name":"agata","image":{"@type":"ImageObject","inLanguage":"sl-SI","@id":"http:\/\/www.slovenci-zagreb.hr\/si\/#\/schema\/person\/image\/","url":"http:\/\/1.gravatar.com\/avatar\/42c070b2dbf14a48e0639733f946c907?s=96&d=mm&r=g","contentUrl":"http:\/\/1.gravatar.com\/avatar\/42c070b2dbf14a48e0639733f946c907?s=96&d=mm&r=g","caption":"agata"},"url":"http:\/\/www.slovenci-zagreb.hr\/si\/author\/agata\/"}]}},"_links":{"self":[{"href":"http:\/\/www.slovenci-zagreb.hr\/si\/wp-json\/wp\/v2\/posts\/6433"}],"collection":[{"href":"http:\/\/www.slovenci-zagreb.hr\/si\/wp-json\/wp\/v2\/posts"}],"about":[{"href":"http:\/\/www.slovenci-zagreb.hr\/si\/wp-json\/wp\/v2\/types\/post"}],"author":[{"embeddable":true,"href":"http:\/\/www.slovenci-zagreb.hr\/si\/wp-json\/wp\/v2\/users\/3"}],"replies":[{"embeddable":true,"href":"http:\/\/www.slovenci-zagreb.hr\/si\/wp-json\/wp\/v2\/comments?post=6433"}],"version-history":[{"count":1,"href":"http:\/\/www.slovenci-zagreb.hr\/si\/wp-json\/wp\/v2\/posts\/6433\/revisions"}],"predecessor-version":[{"id":6435,"href":"http:\/\/www.slovenci-zagreb.hr\/si\/wp-json\/wp\/v2\/posts\/6433\/revisions\/6435"}],"wp:attachment":[{"href":"http:\/\/www.slovenci-zagreb.hr\/si\/wp-json\/wp\/v2\/media?parent=6433"}],"wp:term":[{"taxonomy":"category","embeddable":true,"href":"http:\/\/www.slovenci-zagreb.hr\/si\/wp-json\/wp\/v2\/categories?post=6433"},{"taxonomy":"post_tag","embeddable":true,"href":"http:\/\/www.slovenci-zagreb.hr\/si\/wp-json\/wp\/v2\/tags?post=6433"}],"curies":[{"name":"wp","href":"https:\/\/api.w.org\/{rel}","templated":true}]}}