{"id":6626,"date":"2024-02-08T15:45:39","date_gmt":"2024-02-08T14:45:39","guid":{"rendered":"http:\/\/www.slovenci-zagreb.hr\/si\/?p=6626"},"modified":"2024-02-08T15:47:28","modified_gmt":"2024-02-08T14:47:28","slug":"pustna-zabava","status":"publish","type":"post","link":"http:\/\/www.slovenci-zagreb.hr\/si\/pustna-zabava\/","title":{"rendered":"Pustna zabava"},"content":{"rendered":"<p style=\"text-align: center\">Spo\u0161tovani \u010dlani in prijatelji,<\/p>\n<p style=\"text-align: center\">pust je tu, \u010das je za nor\u010dije in smeh! V\u00a0<strong>Slovenskem domu Zagreb<\/strong>\u00a0vas \u010daka prava pustna zabava,<\/p>\n<p style=\"text-align: center\">v\u00a0<strong>ponedeljek<\/strong>,<strong>\u00a012. februarja 2024<\/strong>\u00a0ob\u00a0<strong>18. uri<\/strong>\u00a0se bomo zbrali vsi, ki radi ple\u0161emo, pojemo in se veselimo.<\/p>\n<p style=\"text-align: center\">Ne skrbite za maske, saj jih imamo dovolj, na\u0161e \u010dlanice so jih izdelale z ljubeznijo in spretnostjo. \u010ce pa \u017eelite, vam bomo z veseljem svetovali, kako se na\u0161emiti, da boste zablesteli v svoji pustni podobi.<\/p>\n<p style=\"text-align: center\">V maskah ali ne, z dru\u017eino ali veselo dru\u017ebo, pridru\u017eite se nam v na\u0161em domu, kjer <strong>ne bo manjkalo zabave, plesa, pesmi in tudi nagrad<\/strong>. Veselo bo!<\/p>\n<p style=\"text-align: center\">Prijazno vabljeni.<\/p>\n\n\t\t<style type=\"text\/css\">\n\t\t\t#gallery-1 {\n\t\t\t\tmargin: auto;\n\t\t\t}\n\t\t\t#gallery-1 .gallery-item {\n\t\t\t\tfloat: left;\n\t\t\t\tmargin-top: 10px;\n\t\t\t\ttext-align: center;\n\t\t\t\twidth: 100%;\n\t\t\t}\n\t\t\t#gallery-1 img {\n\t\t\t\tborder: 2px solid #cfcfcf;\n\t\t\t}\n\t\t\t#gallery-1 .gallery-caption {\n\t\t\t\tmargin-left: 0;\n\t\t\t}\n\t\t\t\/* see gallery_shortcode() in wp-includes\/media.php *\/\n\t\t<\/style>\n\t\t<div id='gallery-1' class='gallery galleryid-6626 gallery-columns-1 gallery-size-medium'><dl class='gallery-item'>\n\t\t\t<dt class='gallery-icon portrait'>\n\t\t\t\t<a href='http:\/\/www.slovenci-zagreb.hr\/si\/wp-content\/uploads\/sites\/2\/2024\/02\/pust.jpg'><img decoding=\"async\" width=\"262\" height=\"300\" src=\"http:\/\/www.slovenci-zagreb.hr\/si\/wp-content\/uploads\/sites\/2\/2024\/02\/pust-262x300.jpg\" class=\"attachment-medium size-medium\" alt=\"\" srcset=\"http:\/\/www.slovenci-zagreb.hr\/si\/wp-content\/uploads\/sites\/2\/2024\/02\/pust-200x229.jpg 200w, http:\/\/www.slovenci-zagreb.hr\/si\/wp-content\/uploads\/sites\/2\/2024\/02\/pust-262x300.jpg 262w, http:\/\/www.slovenci-zagreb.hr\/si\/wp-content\/uploads\/sites\/2\/2024\/02\/pust-400x458.jpg 400w, http:\/\/www.slovenci-zagreb.hr\/si\/wp-content\/uploads\/sites\/2\/2024\/02\/pust.jpg 500w\" sizes=\"(max-width: 262px) 100vw, 262px\" \/><\/a>\n\t\t\t<\/dt><\/dl><br style=\"clear: both\" \/>\n\t\t<\/div>\n\n","protected":false},"excerpt":{"rendered":"<p>Spo\u0161tovani \u010dlani in prijatelji, pust je tu, \u010das je za nor\u010dije in smeh! V\u00a0Slovenskem domu Zagreb\u00a0vas \u010daka prava pustna zabava, v\u00a0ponedeljek,\u00a012. februarja 2024\u00a0ob\u00a018. uri\u00a0se bomo zbrali vsi, ki radi ple\u0161emo, pojemo in se veselimo. Ne skrbite za maske, saj jih imamo dovolj, na\u0161e \u010dlanice so jih izdelale z ljubeznijo in spretnostjo. \u010ce pa \u017eelite, vam [&hellip;]<\/p>\n","protected":false},"author":3,"featured_media":0,"comment_status":"closed","ping_status":"open","sticky":false,"template":"","format":"standard","meta":{"footnotes":""},"categories":[3],"tags":[],"yoast_head":"<!-- This site is optimized with the Yoast SEO plugin v22.0 - https:\/\/yoast.com\/wordpress\/plugins\/seo\/ -->\n<title>Pustna zabava | Slovenski dom in Svet slovenske nacionalne manj\u0161ine Mesta Zagreb<\/title>\n<meta name=\"robots\" content=\"index, follow, max-snippet:-1, max-image-preview:large, max-video-preview:-1\" \/>\n<link rel=\"canonical\" href=\"https:\/\/www.slovenci-zagreb.hr\/si\/pustna-zabava\/\" \/>\n<meta property=\"og:locale\" content=\"sl_SI\" \/>\n<meta property=\"og:type\" content=\"article\" \/>\n<meta property=\"og:title\" content=\"Pustna zabava | Slovenski dom in Svet slovenske nacionalne manj\u0161ine Mesta Zagreb\" \/>\n<meta property=\"og:description\" content=\"Spo\u0161tovani \u010dlani in prijatelji, pust je tu, \u010das je za nor\u010dije in smeh! V\u00a0Slovenskem domu Zagreb\u00a0vas \u010daka prava pustna zabava, v\u00a0ponedeljek,\u00a012. februarja 2024\u00a0ob\u00a018. uri\u00a0se bomo zbrali vsi, ki radi ple\u0161emo, pojemo in se veselimo. Ne skrbite za maske, saj jih imamo dovolj, na\u0161e \u010dlanice so jih izdelale z ljubeznijo in spretnostjo. \u010ce pa \u017eelite, vam [&hellip;]\" \/>\n<meta property=\"og:url\" content=\"https:\/\/www.slovenci-zagreb.hr\/si\/pustna-zabava\/\" \/>\n<meta property=\"og:site_name\" content=\"Slovenski dom in Svet slovenske nacionalne manj\u0161ine Mesta Zagreb\" \/>\n<meta property=\"article:published_time\" content=\"2024-02-08T14:45:39+00:00\" \/>\n<meta property=\"article:modified_time\" content=\"2024-02-08T14:47:28+00:00\" \/>\n<meta property=\"og:image\" content=\"https:\/\/www.slovenci-zagreb.hr\/si\/wp-content\/uploads\/sites\/2\/2024\/02\/pust-262x300.jpg\" \/>\n<meta name=\"author\" content=\"agata\" \/>\n<meta name=\"twitter:label1\" content=\"Written by\" \/>\n\t<meta name=\"twitter:data1\" content=\"agata\" \/>\n\t<meta name=\"twitter:label2\" content=\"Est. reading time\" \/>\n\t<meta name=\"twitter:data2\" content=\"1 minuta\" \/>\n<script type=\"application\/ld+json\" class=\"yoast-schema-graph\">{\"@context\":\"https:\/\/schema.org\",\"@graph\":[{\"@type\":\"WebPage\",\"@id\":\"https:\/\/www.slovenci-zagreb.hr\/si\/pustna-zabava\/\",\"url\":\"https:\/\/www.slovenci-zagreb.hr\/si\/pustna-zabava\/\",\"name\":\"Pustna zabava | Slovenski dom in Svet slovenske nacionalne manj\u0161ine Mesta Zagreb\",\"isPartOf\":{\"@id\":\"http:\/\/www.slovenci-zagreb.hr\/si\/#website\"},\"datePublished\":\"2024-02-08T14:45:39+00:00\",\"dateModified\":\"2024-02-08T14:47:28+00:00\",\"author\":{\"@id\":\"http:\/\/www.slovenci-zagreb.hr\/si\/#\/schema\/person\/a34ecc40aa73e6dd78780facef777d32\"},\"breadcrumb\":{\"@id\":\"https:\/\/www.slovenci-zagreb.hr\/si\/pustna-zabava\/#breadcrumb\"},\"inLanguage\":\"sl-SI\",\"potentialAction\":[{\"@type\":\"ReadAction\",\"target\":[\"https:\/\/www.slovenci-zagreb.hr\/si\/pustna-zabava\/\"]}]},{\"@type\":\"BreadcrumbList\",\"@id\":\"https:\/\/www.slovenci-zagreb.hr\/si\/pustna-zabava\/#breadcrumb\",\"itemListElement\":[{\"@type\":\"ListItem\",\"position\":1,\"name\":\"Home\",\"item\":\"http:\/\/www.slovenci-zagreb.hr\/si\/\"},{\"@type\":\"ListItem\",\"position\":2,\"name\":\"Pustna zabava\"}]},{\"@type\":\"WebSite\",\"@id\":\"http:\/\/www.slovenci-zagreb.hr\/si\/#website\",\"url\":\"http:\/\/www.slovenci-zagreb.hr\/si\/\",\"name\":\"Slovenski dom in Svet slovenske nacionalne manj\u0161ine Mesta Zagreb\",\"description\":\"\",\"potentialAction\":[{\"@type\":\"SearchAction\",\"target\":{\"@type\":\"EntryPoint\",\"urlTemplate\":\"http:\/\/www.slovenci-zagreb.hr\/si\/?s={search_term_string}\"},\"query-input\":\"required name=search_term_string\"}],\"inLanguage\":\"sl-SI\"},{\"@type\":\"Person\",\"@id\":\"http:\/\/www.slovenci-zagreb.hr\/si\/#\/schema\/person\/a34ecc40aa73e6dd78780facef777d32\",\"name\":\"agata\",\"image\":{\"@type\":\"ImageObject\",\"inLanguage\":\"sl-SI\",\"@id\":\"http:\/\/www.slovenci-zagreb.hr\/si\/#\/schema\/person\/image\/\",\"url\":\"http:\/\/1.gravatar.com\/avatar\/42c070b2dbf14a48e0639733f946c907?s=96&d=mm&r=g\",\"contentUrl\":\"http:\/\/1.gravatar.com\/avatar\/42c070b2dbf14a48e0639733f946c907?s=96&d=mm&r=g\",\"caption\":\"agata\"},\"url\":\"http:\/\/www.slovenci-zagreb.hr\/si\/author\/agata\/\"}]}<\/script>\n<!-- \/ Yoast SEO plugin. -->","yoast_head_json":{"title":"Pustna zabava | Slovenski dom in Svet slovenske nacionalne manj\u0161ine Mesta Zagreb","robots":{"index":"index","follow":"follow","max-snippet":"max-snippet:-1","max-image-preview":"max-image-preview:large","max-video-preview":"max-video-preview:-1"},"canonical":"https:\/\/www.slovenci-zagreb.hr\/si\/pustna-zabava\/","og_locale":"sl_SI","og_type":"article","og_title":"Pustna zabava | Slovenski dom in Svet slovenske nacionalne manj\u0161ine Mesta Zagreb","og_description":"Spo\u0161tovani \u010dlani in prijatelji, pust je tu, \u010das je za nor\u010dije in smeh! V\u00a0Slovenskem domu Zagreb\u00a0vas \u010daka prava pustna zabava, v\u00a0ponedeljek,\u00a012. februarja 2024\u00a0ob\u00a018. uri\u00a0se bomo zbrali vsi, ki radi ple\u0161emo, pojemo in se veselimo. Ne skrbite za maske, saj jih imamo dovolj, na\u0161e \u010dlanice so jih izdelale z ljubeznijo in spretnostjo. \u010ce pa \u017eelite, vam [&hellip;]","og_url":"https:\/\/www.slovenci-zagreb.hr\/si\/pustna-zabava\/","og_site_name":"Slovenski dom in Svet slovenske nacionalne manj\u0161ine Mesta Zagreb","article_published_time":"2024-02-08T14:45:39+00:00","article_modified_time":"2024-02-08T14:47:28+00:00","og_image":[{"url":"https:\/\/www.slovenci-zagreb.hr\/si\/wp-content\/uploads\/sites\/2\/2024\/02\/pust-262x300.jpg"}],"author":"agata","twitter_misc":{"Written by":"agata","Est. reading time":"1 minuta"},"schema":{"@context":"https:\/\/schema.org","@graph":[{"@type":"WebPage","@id":"https:\/\/www.slovenci-zagreb.hr\/si\/pustna-zabava\/","url":"https:\/\/www.slovenci-zagreb.hr\/si\/pustna-zabava\/","name":"Pustna zabava | Slovenski dom in Svet slovenske nacionalne manj\u0161ine Mesta Zagreb","isPartOf":{"@id":"http:\/\/www.slovenci-zagreb.hr\/si\/#website"},"datePublished":"2024-02-08T14:45:39+00:00","dateModified":"2024-02-08T14:47:28+00:00","author":{"@id":"http:\/\/www.slovenci-zagreb.hr\/si\/#\/schema\/person\/a34ecc40aa73e6dd78780facef777d32"},"breadcrumb":{"@id":"https:\/\/www.slovenci-zagreb.hr\/si\/pustna-zabava\/#breadcrumb"},"inLanguage":"sl-SI","potentialAction":[{"@type":"ReadAction","target":["https:\/\/www.slovenci-zagreb.hr\/si\/pustna-zabava\/"]}]},{"@type":"BreadcrumbList","@id":"https:\/\/www.slovenci-zagreb.hr\/si\/pustna-zabava\/#breadcrumb","itemListElement":[{"@type":"ListItem","position":1,"name":"Home","item":"http:\/\/www.slovenci-zagreb.hr\/si\/"},{"@type":"ListItem","position":2,"name":"Pustna zabava"}]},{"@type":"WebSite","@id":"http:\/\/www.slovenci-zagreb.hr\/si\/#website","url":"http:\/\/www.slovenci-zagreb.hr\/si\/","name":"Slovenski dom in Svet slovenske nacionalne manj\u0161ine Mesta Zagreb","description":"","potentialAction":[{"@type":"SearchAction","target":{"@type":"EntryPoint","urlTemplate":"http:\/\/www.slovenci-zagreb.hr\/si\/?s={search_term_string}"},"query-input":"required name=search_term_string"}],"inLanguage":"sl-SI"},{"@type":"Person","@id":"http:\/\/www.slovenci-zagreb.hr\/si\/#\/schema\/person\/a34ecc40aa73e6dd78780facef777d32","name":"agata","image":{"@type":"ImageObject","inLanguage":"sl-SI","@id":"http:\/\/www.slovenci-zagreb.hr\/si\/#\/schema\/person\/image\/","url":"http:\/\/1.gravatar.com\/avatar\/42c070b2dbf14a48e0639733f946c907?s=96&d=mm&r=g","contentUrl":"http:\/\/1.gravatar.com\/avatar\/42c070b2dbf14a48e0639733f946c907?s=96&d=mm&r=g","caption":"agata"},"url":"http:\/\/www.slovenci-zagreb.hr\/si\/author\/agata\/"}]}},"_links":{"self":[{"href":"http:\/\/www.slovenci-zagreb.hr\/si\/wp-json\/wp\/v2\/posts\/6626"}],"collection":[{"href":"http:\/\/www.slovenci-zagreb.hr\/si\/wp-json\/wp\/v2\/posts"}],"about":[{"href":"http:\/\/www.slovenci-zagreb.hr\/si\/wp-json\/wp\/v2\/types\/post"}],"author":[{"embeddable":true,"href":"http:\/\/www.slovenci-zagreb.hr\/si\/wp-json\/wp\/v2\/users\/3"}],"replies":[{"embeddable":true,"href":"http:\/\/www.slovenci-zagreb.hr\/si\/wp-json\/wp\/v2\/comments?post=6626"}],"version-history":[{"count":3,"href":"http:\/\/www.slovenci-zagreb.hr\/si\/wp-json\/wp\/v2\/posts\/6626\/revisions"}],"predecessor-version":[{"id":6630,"href":"http:\/\/www.slovenci-zagreb.hr\/si\/wp-json\/wp\/v2\/posts\/6626\/revisions\/6630"}],"wp:attachment":[{"href":"http:\/\/www.slovenci-zagreb.hr\/si\/wp-json\/wp\/v2\/media?parent=6626"}],"wp:term":[{"taxonomy":"category","embeddable":true,"href":"http:\/\/www.slovenci-zagreb.hr\/si\/wp-json\/wp\/v2\/categories?post=6626"},{"taxonomy":"post_tag","embeddable":true,"href":"http:\/\/www.slovenci-zagreb.hr\/si\/wp-json\/wp\/v2\/tags?post=6626"}],"curies":[{"name":"wp","href":"https:\/\/api.w.org\/{rel}","templated":true}]}}