{"id":673,"date":"2014-02-20T08:00:09","date_gmt":"2014-02-20T07:00:09","guid":{"rendered":"http:\/\/www.slovenci-zagreb.hr\/si\/?p=673"},"modified":"2014-04-02T00:59:52","modified_gmt":"2014-04-01T22:59:52","slug":"predstavljena-knjiga-zgodovina-slovenskega-alpinizma","status":"publish","type":"post","link":"http:\/\/www.slovenci-zagreb.hr\/si\/predstavljena-knjiga-zgodovina-slovenskega-alpinizma\/","title":{"rendered":"Predstavljena knjiga Zgodovina slovenskega alpinizma"},"content":{"rendered":"<p>Zagreb \u2013 Na dobro obiskanem alpinisti\u010dnem \u010detrtku v Slovenskem domu, sta avtorja in zalo\u017enika knjige ter urednika slovenskega plezalnega portala <a title=\"Slovenski plezalni portal\" href=\"http:\/\/www.friko.si\" target=\"_blank\">Friko<\/a> <strong>Urban Golob<\/strong> in <strong>Peter Mik\u0161a<\/strong> predstavila svojo monografijo, prvo tak\u0161ne vrste, ki kronolo\u0161ko in jedrnato opisuje zgodovino slovenskega alpinizma, ki ima dolgo in bogato tradicijo.<\/p>\n<p>Impresivna knjiga na 240 barvnih straneh z ve\u010d kot 230 fotografij, je napisana v poljudno strokovnem jeziku, z mnogimi zanimivimi in neznanimi zgodbami, med njimi je opisana tudi &#8211; po <strong>Marjanu Manfredu \u2013 Marjonu<\/strong>, legendarnemu slovenskemu alpinistu, najve\u010dja zgodba slovenskega alpinizma: zgodba o herojskem postopku <strong>Janeza Dov\u017eana<\/strong> po njegovem uspe\u0161nem vzponu na Makalu, ko je po\u017ertvovalno iskal izgubljenega <strong>Zorana Be\u0161lina<\/strong>. Knjiga je bila v Sloveniji predstavljena decembra 2013, danes pa prvi\u010d na Hrva\u0161kem. (akm)<\/p>\n<div id=\"attachment_676\" style=\"width: 628px\" class=\"wp-caption aligncenter\"><img decoding=\"async\" aria-describedby=\"caption-attachment-676\" class=\"size-full wp-image-676\" alt=\"Peter Mik\u0161a, Urban Golob, \u017deljko \u017darak (z leve). Foto: Penjati se mora\" src=\"http:\/\/www.slovenci-zagreb.hr\/si\/wp-content\/uploads\/sites\/2\/2014\/02\/Peter_Miksa_Urban_Golob_Zarak.jpg\" width=\"618\" height=\"412\" srcset=\"http:\/\/www.slovenci-zagreb.hr\/si\/wp-content\/uploads\/sites\/2\/2014\/02\/Peter_Miksa_Urban_Golob_Zarak-300x200.jpg 300w, http:\/\/www.slovenci-zagreb.hr\/si\/wp-content\/uploads\/sites\/2\/2014\/02\/Peter_Miksa_Urban_Golob_Zarak.jpg 618w\" sizes=\"(max-width: 618px) 100vw, 618px\" \/><p id=\"caption-attachment-676\" class=\"wp-caption-text\">Peter Mik\u0161a, Urban Golob, \u017deljko \u017darak (z leve). Foto: Penjati se mora<\/p><\/div>\n","protected":false},"excerpt":{"rendered":"<p>Zagreb \u2013 Na dobro obiskanem alpinisti\u010dnem \u010detrtku v Slovenskem domu, sta avtorja in zalo\u017enika knjige ter urednika slovenskega plezalnega portala Friko Urban Golob in Peter Mik\u0161a predstavila svojo monografijo, prvo tak\u0161ne vrste, ki kronolo\u0161ko in jedrnato opisuje zgodovino slovenskega alpinizma, ki ima dolgo in bogato tradicijo. Impresivna knjiga na 240 barvnih straneh z ve\u010d kot [&hellip;]<\/p>\n","protected":false},"author":1,"featured_media":674,"comment_status":"closed","ping_status":"open","sticky":false,"template":"","format":"standard","meta":{"footnotes":""},"categories":[5],"tags":[],"yoast_head":"<!-- This site is optimized with the Yoast SEO plugin v22.0 - https:\/\/yoast.com\/wordpress\/plugins\/seo\/ -->\n<title>Predstavljena knjiga Zgodovina slovenskega alpinizma | Slovenski dom in Svet slovenske nacionalne manj\u0161ine Mesta Zagreb<\/title>\n<meta name=\"robots\" content=\"index, follow, max-snippet:-1, max-image-preview:large, max-video-preview:-1\" \/>\n<link rel=\"canonical\" href=\"http:\/\/www.slovenci-zagreb.hr\/si\/predstavljena-knjiga-zgodovina-slovenskega-alpinizma\/\" \/>\n<meta property=\"og:locale\" content=\"sl_SI\" \/>\n<meta property=\"og:type\" content=\"article\" \/>\n<meta property=\"og:title\" content=\"Predstavljena knjiga Zgodovina slovenskega alpinizma | Slovenski dom in Svet slovenske nacionalne manj\u0161ine Mesta Zagreb\" \/>\n<meta property=\"og:description\" content=\"Zagreb \u2013 Na dobro obiskanem alpinisti\u010dnem \u010detrtku v Slovenskem domu, sta avtorja in zalo\u017enika knjige ter urednika slovenskega plezalnega portala Friko Urban Golob in Peter Mik\u0161a predstavila svojo monografijo, prvo tak\u0161ne vrste, ki kronolo\u0161ko in jedrnato opisuje zgodovino slovenskega alpinizma, ki ima dolgo in bogato tradicijo. Impresivna knjiga na 240 barvnih straneh z ve\u010d kot [&hellip;]\" \/>\n<meta property=\"og:url\" content=\"http:\/\/www.slovenci-zagreb.hr\/si\/predstavljena-knjiga-zgodovina-slovenskega-alpinizma\/\" \/>\n<meta property=\"og:site_name\" content=\"Slovenski dom in Svet slovenske nacionalne manj\u0161ine Mesta Zagreb\" \/>\n<meta property=\"article:published_time\" content=\"2014-02-20T07:00:09+00:00\" \/>\n<meta property=\"article:modified_time\" content=\"2014-04-01T22:59:52+00:00\" \/>\n<meta property=\"og:image\" content=\"http:\/\/www.slovenci-zagreb.hr\/si\/wp-content\/uploads\/sites\/2\/2014\/04\/zgodovina-slovenskega-alpinizma.jpg\" \/>\n\t<meta property=\"og:image:width\" content=\"500\" \/>\n\t<meta property=\"og:image:height\" content=\"596\" \/>\n\t<meta property=\"og:image:type\" content=\"image\/jpeg\" \/>\n<meta name=\"author\" content=\"edin.dji\" \/>\n<meta name=\"twitter:label1\" content=\"Written by\" \/>\n\t<meta name=\"twitter:data1\" content=\"edin.dji\" \/>\n\t<meta name=\"twitter:label2\" content=\"Est. reading time\" \/>\n\t<meta name=\"twitter:data2\" content=\"1 minuta\" \/>\n<script type=\"application\/ld+json\" class=\"yoast-schema-graph\">{\"@context\":\"https:\/\/schema.org\",\"@graph\":[{\"@type\":\"WebPage\",\"@id\":\"http:\/\/www.slovenci-zagreb.hr\/si\/predstavljena-knjiga-zgodovina-slovenskega-alpinizma\/\",\"url\":\"http:\/\/www.slovenci-zagreb.hr\/si\/predstavljena-knjiga-zgodovina-slovenskega-alpinizma\/\",\"name\":\"Predstavljena knjiga Zgodovina slovenskega alpinizma | Slovenski dom in Svet slovenske nacionalne manj\u0161ine Mesta Zagreb\",\"isPartOf\":{\"@id\":\"http:\/\/www.slovenci-zagreb.hr\/si\/#website\"},\"datePublished\":\"2014-02-20T07:00:09+00:00\",\"dateModified\":\"2014-04-01T22:59:52+00:00\",\"author\":{\"@id\":\"http:\/\/www.slovenci-zagreb.hr\/si\/#\/schema\/person\/6676f710a91979474558fea82bc41a0a\"},\"breadcrumb\":{\"@id\":\"http:\/\/www.slovenci-zagreb.hr\/si\/predstavljena-knjiga-zgodovina-slovenskega-alpinizma\/#breadcrumb\"},\"inLanguage\":\"sl-SI\",\"potentialAction\":[{\"@type\":\"ReadAction\",\"target\":[\"http:\/\/www.slovenci-zagreb.hr\/si\/predstavljena-knjiga-zgodovina-slovenskega-alpinizma\/\"]}]},{\"@type\":\"BreadcrumbList\",\"@id\":\"http:\/\/www.slovenci-zagreb.hr\/si\/predstavljena-knjiga-zgodovina-slovenskega-alpinizma\/#breadcrumb\",\"itemListElement\":[{\"@type\":\"ListItem\",\"position\":1,\"name\":\"Home\",\"item\":\"http:\/\/www.slovenci-zagreb.hr\/si\/\"},{\"@type\":\"ListItem\",\"position\":2,\"name\":\"Predstavljena knjiga Zgodovina slovenskega alpinizma\"}]},{\"@type\":\"WebSite\",\"@id\":\"http:\/\/www.slovenci-zagreb.hr\/si\/#website\",\"url\":\"http:\/\/www.slovenci-zagreb.hr\/si\/\",\"name\":\"Slovenski dom in Svet slovenske nacionalne manj\u0161ine Mesta Zagreb\",\"description\":\"\",\"potentialAction\":[{\"@type\":\"SearchAction\",\"target\":{\"@type\":\"EntryPoint\",\"urlTemplate\":\"http:\/\/www.slovenci-zagreb.hr\/si\/?s={search_term_string}\"},\"query-input\":\"required name=search_term_string\"}],\"inLanguage\":\"sl-SI\"},{\"@type\":\"Person\",\"@id\":\"http:\/\/www.slovenci-zagreb.hr\/si\/#\/schema\/person\/6676f710a91979474558fea82bc41a0a\",\"name\":\"edin.dji\",\"image\":{\"@type\":\"ImageObject\",\"inLanguage\":\"sl-SI\",\"@id\":\"http:\/\/www.slovenci-zagreb.hr\/si\/#\/schema\/person\/image\/\",\"url\":\"http:\/\/0.gravatar.com\/avatar\/6136fa88afb87b83090822617871c230?s=96&d=mm&r=g\",\"contentUrl\":\"http:\/\/0.gravatar.com\/avatar\/6136fa88afb87b83090822617871c230?s=96&d=mm&r=g\",\"caption\":\"edin.dji\"},\"url\":\"http:\/\/www.slovenci-zagreb.hr\/si\/author\/edin-dji\/\"}]}<\/script>\n<!-- \/ Yoast SEO plugin. -->","yoast_head_json":{"title":"Predstavljena knjiga Zgodovina slovenskega alpinizma | Slovenski dom in Svet slovenske nacionalne manj\u0161ine Mesta Zagreb","robots":{"index":"index","follow":"follow","max-snippet":"max-snippet:-1","max-image-preview":"max-image-preview:large","max-video-preview":"max-video-preview:-1"},"canonical":"http:\/\/www.slovenci-zagreb.hr\/si\/predstavljena-knjiga-zgodovina-slovenskega-alpinizma\/","og_locale":"sl_SI","og_type":"article","og_title":"Predstavljena knjiga Zgodovina slovenskega alpinizma | Slovenski dom in Svet slovenske nacionalne manj\u0161ine Mesta Zagreb","og_description":"Zagreb \u2013 Na dobro obiskanem alpinisti\u010dnem \u010detrtku v Slovenskem domu, sta avtorja in zalo\u017enika knjige ter urednika slovenskega plezalnega portala Friko Urban Golob in Peter Mik\u0161a predstavila svojo monografijo, prvo tak\u0161ne vrste, ki kronolo\u0161ko in jedrnato opisuje zgodovino slovenskega alpinizma, ki ima dolgo in bogato tradicijo. Impresivna knjiga na 240 barvnih straneh z ve\u010d kot [&hellip;]","og_url":"http:\/\/www.slovenci-zagreb.hr\/si\/predstavljena-knjiga-zgodovina-slovenskega-alpinizma\/","og_site_name":"Slovenski dom in Svet slovenske nacionalne manj\u0161ine Mesta Zagreb","article_published_time":"2014-02-20T07:00:09+00:00","article_modified_time":"2014-04-01T22:59:52+00:00","og_image":[{"width":500,"height":596,"url":"http:\/\/www.slovenci-zagreb.hr\/si\/wp-content\/uploads\/sites\/2\/2014\/04\/zgodovina-slovenskega-alpinizma.jpg","type":"image\/jpeg"}],"author":"edin.dji","twitter_misc":{"Written by":"edin.dji","Est. reading time":"1 minuta"},"schema":{"@context":"https:\/\/schema.org","@graph":[{"@type":"WebPage","@id":"http:\/\/www.slovenci-zagreb.hr\/si\/predstavljena-knjiga-zgodovina-slovenskega-alpinizma\/","url":"http:\/\/www.slovenci-zagreb.hr\/si\/predstavljena-knjiga-zgodovina-slovenskega-alpinizma\/","name":"Predstavljena knjiga Zgodovina slovenskega alpinizma | Slovenski dom in Svet slovenske nacionalne manj\u0161ine Mesta Zagreb","isPartOf":{"@id":"http:\/\/www.slovenci-zagreb.hr\/si\/#website"},"datePublished":"2014-02-20T07:00:09+00:00","dateModified":"2014-04-01T22:59:52+00:00","author":{"@id":"http:\/\/www.slovenci-zagreb.hr\/si\/#\/schema\/person\/6676f710a91979474558fea82bc41a0a"},"breadcrumb":{"@id":"http:\/\/www.slovenci-zagreb.hr\/si\/predstavljena-knjiga-zgodovina-slovenskega-alpinizma\/#breadcrumb"},"inLanguage":"sl-SI","potentialAction":[{"@type":"ReadAction","target":["http:\/\/www.slovenci-zagreb.hr\/si\/predstavljena-knjiga-zgodovina-slovenskega-alpinizma\/"]}]},{"@type":"BreadcrumbList","@id":"http:\/\/www.slovenci-zagreb.hr\/si\/predstavljena-knjiga-zgodovina-slovenskega-alpinizma\/#breadcrumb","itemListElement":[{"@type":"ListItem","position":1,"name":"Home","item":"http:\/\/www.slovenci-zagreb.hr\/si\/"},{"@type":"ListItem","position":2,"name":"Predstavljena knjiga Zgodovina slovenskega alpinizma"}]},{"@type":"WebSite","@id":"http:\/\/www.slovenci-zagreb.hr\/si\/#website","url":"http:\/\/www.slovenci-zagreb.hr\/si\/","name":"Slovenski dom in Svet slovenske nacionalne manj\u0161ine Mesta Zagreb","description":"","potentialAction":[{"@type":"SearchAction","target":{"@type":"EntryPoint","urlTemplate":"http:\/\/www.slovenci-zagreb.hr\/si\/?s={search_term_string}"},"query-input":"required name=search_term_string"}],"inLanguage":"sl-SI"},{"@type":"Person","@id":"http:\/\/www.slovenci-zagreb.hr\/si\/#\/schema\/person\/6676f710a91979474558fea82bc41a0a","name":"edin.dji","image":{"@type":"ImageObject","inLanguage":"sl-SI","@id":"http:\/\/www.slovenci-zagreb.hr\/si\/#\/schema\/person\/image\/","url":"http:\/\/0.gravatar.com\/avatar\/6136fa88afb87b83090822617871c230?s=96&d=mm&r=g","contentUrl":"http:\/\/0.gravatar.com\/avatar\/6136fa88afb87b83090822617871c230?s=96&d=mm&r=g","caption":"edin.dji"},"url":"http:\/\/www.slovenci-zagreb.hr\/si\/author\/edin-dji\/"}]}},"_links":{"self":[{"href":"http:\/\/www.slovenci-zagreb.hr\/si\/wp-json\/wp\/v2\/posts\/673"}],"collection":[{"href":"http:\/\/www.slovenci-zagreb.hr\/si\/wp-json\/wp\/v2\/posts"}],"about":[{"href":"http:\/\/www.slovenci-zagreb.hr\/si\/wp-json\/wp\/v2\/types\/post"}],"author":[{"embeddable":true,"href":"http:\/\/www.slovenci-zagreb.hr\/si\/wp-json\/wp\/v2\/users\/1"}],"replies":[{"embeddable":true,"href":"http:\/\/www.slovenci-zagreb.hr\/si\/wp-json\/wp\/v2\/comments?post=673"}],"version-history":[{"count":3,"href":"http:\/\/www.slovenci-zagreb.hr\/si\/wp-json\/wp\/v2\/posts\/673\/revisions"}],"predecessor-version":[{"id":678,"href":"http:\/\/www.slovenci-zagreb.hr\/si\/wp-json\/wp\/v2\/posts\/673\/revisions\/678"}],"wp:featuredmedia":[{"embeddable":true,"href":"http:\/\/www.slovenci-zagreb.hr\/si\/wp-json\/wp\/v2\/media\/674"}],"wp:attachment":[{"href":"http:\/\/www.slovenci-zagreb.hr\/si\/wp-json\/wp\/v2\/media?parent=673"}],"wp:term":[{"taxonomy":"category","embeddable":true,"href":"http:\/\/www.slovenci-zagreb.hr\/si\/wp-json\/wp\/v2\/categories?post=673"},{"taxonomy":"post_tag","embeddable":true,"href":"http:\/\/www.slovenci-zagreb.hr\/si\/wp-json\/wp\/v2\/tags?post=673"}],"curies":[{"name":"wp","href":"https:\/\/api.w.org\/{rel}","templated":true}]}}