{"id":7116,"date":"2025-01-13T11:20:04","date_gmt":"2025-01-13T10:20:04","guid":{"rendered":"https:\/\/www.slovenci-zagreb.hr\/si\/?p=7116"},"modified":"2025-01-17T10:34:41","modified_gmt":"2025-01-17T09:34:41","slug":"7116-2","status":"publish","type":"post","link":"http:\/\/www.slovenci-zagreb.hr\/si\/7116-2\/","title":{"rendered":"Vabilo &#8211; predstavitev zbornika hrva\u0161kih in slovenskih aforistov &#8220;Uzvodno niz Savu&#8221;"},"content":{"rendered":"<p style=\"text-align: center\">Vljudno vabljeni na predstavitev<\/p>\n<h3 style=\"text-align: center\">zbornika hrva\u0161kih in slovenskih aforistov z naslovom<\/h3>\n<h3 style=\"text-align: center\"><em>Uzvodno niz Savu,<\/em><\/h3>\n<p style=\"text-align: center\">ki ga je uredil Ivo Mijo Andri\u0107, pri zbiranju gradiva pa sta mu pomagala Dra\u017een Jergovi\u0107 in Dimitrij \u0160krk, ki sta napisala tudi spremno besedo h knjigi v kateri je predstavljeno 112 avtorjev iz obeh dr\u017eav.<\/p>\n<h3 style=\"text-align: center\">17. januarja 2025, ob 19. uri, Slovenski dom Zagreb, Masarykova 13\/1.<\/h3>\n<p style=\"text-align: left\">Ta doslej edinstveni zbornik hrva\u0161kih in slovenskih aforistov je izdalo Dru\u0161tvo hrva\u0161kih aforistov in humoristov v sodelovanju s portalom Digitalne knjige.<\/p>\n","protected":false},"excerpt":{"rendered":"<p>Vljudno vabljeni na predstavitev zbornika hrva\u0161kih in slovenskih aforistov z naslovom Uzvodno niz Savu, ki ga je uredil Ivo Mijo Andri\u0107, pri zbiranju gradiva pa sta mu pomagala Dra\u017een Jergovi\u0107 in Dimitrij \u0160krk, ki sta napisala tudi spremno besedo h knjigi v kateri je predstavljeno 112 avtorjev iz obeh dr\u017eav. 17. januarja 2025, ob 19. [&hellip;]<\/p>\n","protected":false},"author":3,"featured_media":0,"comment_status":"closed","ping_status":"open","sticky":false,"template":"","format":"standard","meta":{"footnotes":""},"categories":[3],"tags":[],"yoast_head":"<!-- This site is optimized with the Yoast SEO plugin v22.0 - https:\/\/yoast.com\/wordpress\/plugins\/seo\/ -->\n<title>Vabilo - predstavitev zbornika hrva\u0161kih in slovenskih aforistov &quot;Uzvodno niz Savu&quot; | Slovenski dom in Svet slovenske nacionalne manj\u0161ine Mesta Zagreb<\/title>\n<meta name=\"robots\" content=\"index, follow, max-snippet:-1, max-image-preview:large, max-video-preview:-1\" \/>\n<link rel=\"canonical\" href=\"https:\/\/www.slovenci-zagreb.hr\/si\/7116-2\/\" \/>\n<meta property=\"og:locale\" content=\"sl_SI\" \/>\n<meta property=\"og:type\" content=\"article\" \/>\n<meta property=\"og:title\" content=\"Vabilo - predstavitev zbornika hrva\u0161kih in slovenskih aforistov &quot;Uzvodno niz Savu&quot; | Slovenski dom in Svet slovenske nacionalne manj\u0161ine Mesta Zagreb\" \/>\n<meta property=\"og:description\" content=\"Vljudno vabljeni na predstavitev zbornika hrva\u0161kih in slovenskih aforistov z naslovom Uzvodno niz Savu, ki ga je uredil Ivo Mijo Andri\u0107, pri zbiranju gradiva pa sta mu pomagala Dra\u017een Jergovi\u0107 in Dimitrij \u0160krk, ki sta napisala tudi spremno besedo h knjigi v kateri je predstavljeno 112 avtorjev iz obeh dr\u017eav. 17. januarja 2025, ob 19. [&hellip;]\" \/>\n<meta property=\"og:url\" content=\"https:\/\/www.slovenci-zagreb.hr\/si\/7116-2\/\" \/>\n<meta property=\"og:site_name\" content=\"Slovenski dom in Svet slovenske nacionalne manj\u0161ine Mesta Zagreb\" \/>\n<meta property=\"article:published_time\" content=\"2025-01-13T10:20:04+00:00\" \/>\n<meta property=\"article:modified_time\" content=\"2025-01-17T09:34:41+00:00\" \/>\n<meta name=\"author\" content=\"agata\" \/>\n<meta name=\"twitter:label1\" content=\"Written by\" \/>\n\t<meta name=\"twitter:data1\" content=\"agata\" \/>\n\t<meta name=\"twitter:label2\" content=\"Est. reading time\" \/>\n\t<meta name=\"twitter:data2\" content=\"1 minuta\" \/>\n<script type=\"application\/ld+json\" class=\"yoast-schema-graph\">{\"@context\":\"https:\/\/schema.org\",\"@graph\":[{\"@type\":\"WebPage\",\"@id\":\"https:\/\/www.slovenci-zagreb.hr\/si\/7116-2\/\",\"url\":\"https:\/\/www.slovenci-zagreb.hr\/si\/7116-2\/\",\"name\":\"Vabilo - predstavitev zbornika hrva\u0161kih in slovenskih aforistov \\\"Uzvodno niz Savu\\\" | Slovenski dom in Svet slovenske nacionalne manj\u0161ine Mesta Zagreb\",\"isPartOf\":{\"@id\":\"http:\/\/www.slovenci-zagreb.hr\/si\/#website\"},\"datePublished\":\"2025-01-13T10:20:04+00:00\",\"dateModified\":\"2025-01-17T09:34:41+00:00\",\"author\":{\"@id\":\"http:\/\/www.slovenci-zagreb.hr\/si\/#\/schema\/person\/a34ecc40aa73e6dd78780facef777d32\"},\"breadcrumb\":{\"@id\":\"https:\/\/www.slovenci-zagreb.hr\/si\/7116-2\/#breadcrumb\"},\"inLanguage\":\"sl-SI\",\"potentialAction\":[{\"@type\":\"ReadAction\",\"target\":[\"https:\/\/www.slovenci-zagreb.hr\/si\/7116-2\/\"]}]},{\"@type\":\"BreadcrumbList\",\"@id\":\"https:\/\/www.slovenci-zagreb.hr\/si\/7116-2\/#breadcrumb\",\"itemListElement\":[{\"@type\":\"ListItem\",\"position\":1,\"name\":\"Home\",\"item\":\"http:\/\/www.slovenci-zagreb.hr\/si\/\"},{\"@type\":\"ListItem\",\"position\":2,\"name\":\"Vabilo &#8211; predstavitev zbornika hrva\u0161kih in slovenskih aforistov &#8220;Uzvodno niz Savu&#8221;\"}]},{\"@type\":\"WebSite\",\"@id\":\"http:\/\/www.slovenci-zagreb.hr\/si\/#website\",\"url\":\"http:\/\/www.slovenci-zagreb.hr\/si\/\",\"name\":\"Slovenski dom in Svet slovenske nacionalne manj\u0161ine Mesta Zagreb\",\"description\":\"\",\"potentialAction\":[{\"@type\":\"SearchAction\",\"target\":{\"@type\":\"EntryPoint\",\"urlTemplate\":\"http:\/\/www.slovenci-zagreb.hr\/si\/?s={search_term_string}\"},\"query-input\":\"required name=search_term_string\"}],\"inLanguage\":\"sl-SI\"},{\"@type\":\"Person\",\"@id\":\"http:\/\/www.slovenci-zagreb.hr\/si\/#\/schema\/person\/a34ecc40aa73e6dd78780facef777d32\",\"name\":\"agata\",\"image\":{\"@type\":\"ImageObject\",\"inLanguage\":\"sl-SI\",\"@id\":\"http:\/\/www.slovenci-zagreb.hr\/si\/#\/schema\/person\/image\/\",\"url\":\"http:\/\/1.gravatar.com\/avatar\/42c070b2dbf14a48e0639733f946c907?s=96&d=mm&r=g\",\"contentUrl\":\"http:\/\/1.gravatar.com\/avatar\/42c070b2dbf14a48e0639733f946c907?s=96&d=mm&r=g\",\"caption\":\"agata\"},\"url\":\"http:\/\/www.slovenci-zagreb.hr\/si\/author\/agata\/\"}]}<\/script>\n<!-- \/ Yoast SEO plugin. -->","yoast_head_json":{"title":"Vabilo - predstavitev zbornika hrva\u0161kih in slovenskih aforistov \"Uzvodno niz Savu\" | Slovenski dom in Svet slovenske nacionalne manj\u0161ine Mesta Zagreb","robots":{"index":"index","follow":"follow","max-snippet":"max-snippet:-1","max-image-preview":"max-image-preview:large","max-video-preview":"max-video-preview:-1"},"canonical":"https:\/\/www.slovenci-zagreb.hr\/si\/7116-2\/","og_locale":"sl_SI","og_type":"article","og_title":"Vabilo - predstavitev zbornika hrva\u0161kih in slovenskih aforistov \"Uzvodno niz Savu\" | Slovenski dom in Svet slovenske nacionalne manj\u0161ine Mesta Zagreb","og_description":"Vljudno vabljeni na predstavitev zbornika hrva\u0161kih in slovenskih aforistov z naslovom Uzvodno niz Savu, ki ga je uredil Ivo Mijo Andri\u0107, pri zbiranju gradiva pa sta mu pomagala Dra\u017een Jergovi\u0107 in Dimitrij \u0160krk, ki sta napisala tudi spremno besedo h knjigi v kateri je predstavljeno 112 avtorjev iz obeh dr\u017eav. 17. januarja 2025, ob 19. [&hellip;]","og_url":"https:\/\/www.slovenci-zagreb.hr\/si\/7116-2\/","og_site_name":"Slovenski dom in Svet slovenske nacionalne manj\u0161ine Mesta Zagreb","article_published_time":"2025-01-13T10:20:04+00:00","article_modified_time":"2025-01-17T09:34:41+00:00","author":"agata","twitter_misc":{"Written by":"agata","Est. reading time":"1 minuta"},"schema":{"@context":"https:\/\/schema.org","@graph":[{"@type":"WebPage","@id":"https:\/\/www.slovenci-zagreb.hr\/si\/7116-2\/","url":"https:\/\/www.slovenci-zagreb.hr\/si\/7116-2\/","name":"Vabilo - predstavitev zbornika hrva\u0161kih in slovenskih aforistov \"Uzvodno niz Savu\" | Slovenski dom in Svet slovenske nacionalne manj\u0161ine Mesta Zagreb","isPartOf":{"@id":"http:\/\/www.slovenci-zagreb.hr\/si\/#website"},"datePublished":"2025-01-13T10:20:04+00:00","dateModified":"2025-01-17T09:34:41+00:00","author":{"@id":"http:\/\/www.slovenci-zagreb.hr\/si\/#\/schema\/person\/a34ecc40aa73e6dd78780facef777d32"},"breadcrumb":{"@id":"https:\/\/www.slovenci-zagreb.hr\/si\/7116-2\/#breadcrumb"},"inLanguage":"sl-SI","potentialAction":[{"@type":"ReadAction","target":["https:\/\/www.slovenci-zagreb.hr\/si\/7116-2\/"]}]},{"@type":"BreadcrumbList","@id":"https:\/\/www.slovenci-zagreb.hr\/si\/7116-2\/#breadcrumb","itemListElement":[{"@type":"ListItem","position":1,"name":"Home","item":"http:\/\/www.slovenci-zagreb.hr\/si\/"},{"@type":"ListItem","position":2,"name":"Vabilo &#8211; predstavitev zbornika hrva\u0161kih in slovenskih aforistov &#8220;Uzvodno niz Savu&#8221;"}]},{"@type":"WebSite","@id":"http:\/\/www.slovenci-zagreb.hr\/si\/#website","url":"http:\/\/www.slovenci-zagreb.hr\/si\/","name":"Slovenski dom in Svet slovenske nacionalne manj\u0161ine Mesta Zagreb","description":"","potentialAction":[{"@type":"SearchAction","target":{"@type":"EntryPoint","urlTemplate":"http:\/\/www.slovenci-zagreb.hr\/si\/?s={search_term_string}"},"query-input":"required name=search_term_string"}],"inLanguage":"sl-SI"},{"@type":"Person","@id":"http:\/\/www.slovenci-zagreb.hr\/si\/#\/schema\/person\/a34ecc40aa73e6dd78780facef777d32","name":"agata","image":{"@type":"ImageObject","inLanguage":"sl-SI","@id":"http:\/\/www.slovenci-zagreb.hr\/si\/#\/schema\/person\/image\/","url":"http:\/\/1.gravatar.com\/avatar\/42c070b2dbf14a48e0639733f946c907?s=96&d=mm&r=g","contentUrl":"http:\/\/1.gravatar.com\/avatar\/42c070b2dbf14a48e0639733f946c907?s=96&d=mm&r=g","caption":"agata"},"url":"http:\/\/www.slovenci-zagreb.hr\/si\/author\/agata\/"}]}},"_links":{"self":[{"href":"http:\/\/www.slovenci-zagreb.hr\/si\/wp-json\/wp\/v2\/posts\/7116"}],"collection":[{"href":"http:\/\/www.slovenci-zagreb.hr\/si\/wp-json\/wp\/v2\/posts"}],"about":[{"href":"http:\/\/www.slovenci-zagreb.hr\/si\/wp-json\/wp\/v2\/types\/post"}],"author":[{"embeddable":true,"href":"http:\/\/www.slovenci-zagreb.hr\/si\/wp-json\/wp\/v2\/users\/3"}],"replies":[{"embeddable":true,"href":"http:\/\/www.slovenci-zagreb.hr\/si\/wp-json\/wp\/v2\/comments?post=7116"}],"version-history":[{"count":3,"href":"http:\/\/www.slovenci-zagreb.hr\/si\/wp-json\/wp\/v2\/posts\/7116\/revisions"}],"predecessor-version":[{"id":7122,"href":"http:\/\/www.slovenci-zagreb.hr\/si\/wp-json\/wp\/v2\/posts\/7116\/revisions\/7122"}],"wp:attachment":[{"href":"http:\/\/www.slovenci-zagreb.hr\/si\/wp-json\/wp\/v2\/media?parent=7116"}],"wp:term":[{"taxonomy":"category","embeddable":true,"href":"http:\/\/www.slovenci-zagreb.hr\/si\/wp-json\/wp\/v2\/categories?post=7116"},{"taxonomy":"post_tag","embeddable":true,"href":"http:\/\/www.slovenci-zagreb.hr\/si\/wp-json\/wp\/v2\/tags?post=7116"}],"curies":[{"name":"wp","href":"https:\/\/api.w.org\/{rel}","templated":true}]}}