{"id":7458,"date":"2025-09-28T14:59:27","date_gmt":"2025-09-28T12:59:27","guid":{"rendered":"https:\/\/www.slovenci-zagreb.hr\/si\/?p=7458"},"modified":"2025-10-01T15:12:04","modified_gmt":"2025-10-01T13:12:04","slug":"dan-narodnih-manjsin-mesta-zagreb-8","status":"publish","type":"post","link":"http:\/\/www.slovenci-zagreb.hr\/si\/dan-narodnih-manjsin-mesta-zagreb-8\/","title":{"rendered":"Dan narodnih manj\u0161in Mesta Zagreb"},"content":{"rendered":"<p>V nedeljo, 28. septembra 2025, je pri glasbenem paviljonu v zagreb\u0161kem parku Zrinjevac potekal dan narodnih manj\u0161in Mesta Zagreb. Na tej tradicionalni manifestaciji, ki jo pod pokriveteljstvom \u017eupana Tomislava Toma\u0161evi\u0107a organizira Koordinacija svetov in predstavnikov narodnih manj\u0161in Mesta Zagreb, je sodelovalo 16 narodnih skupnosti: albanska, bolgarska, bo\u0161nja\u0161ka, \u010drnogorska, \u010de\u0161ka, italijanska, mad\u017earska, makedonska, romska, slovenska, srbska, poljska, rusinska, slova\u0161ka, tur\u0161ka in ukrajinska, ki so predstavile svoje tradicionalne obi\u010daje, narodne no\u0161e, folklorno in glasbeno ustvarjanje, zalo\u017eni\u0161tvo, tiskovine in avtohtone jedi.<\/p>\n<p>Slovenska skupnost se je predstavila z zalo\u017eni\u0161ko dejavnostjo, nedavno izdanimi knjigami in \u010dasopisom Novi odmev ter neizogibno potico, cvi\u010dkom in viljamovko. V mimohodu narodnih no\u0161 pa sta \u010dlanici Slovenskega doma Zagreb &#8211; Stanka Herak in Cvijeta Pandol Udiljak predstavili gorenjsko narodno no\u0161o. (akm)<\/p>\n<p>Ve\u010d v Novem odmevu 88<\/p>\n<p>Foto: Antun Bukovec, akm<\/p>\n\n\t\t<style type=\"text\/css\">\n\t\t\t#gallery-1 {\n\t\t\t\tmargin: auto;\n\t\t\t}\n\t\t\t#gallery-1 .gallery-item {\n\t\t\t\tfloat: left;\n\t\t\t\tmargin-top: 10px;\n\t\t\t\ttext-align: center;\n\t\t\t\twidth: 33%;\n\t\t\t}\n\t\t\t#gallery-1 img {\n\t\t\t\tborder: 2px solid #cfcfcf;\n\t\t\t}\n\t\t\t#gallery-1 .gallery-caption {\n\t\t\t\tmargin-left: 0;\n\t\t\t}\n\t\t\t\/* see gallery_shortcode() in wp-includes\/media.php *\/\n\t\t<\/style>\n\t\t<div id='gallery-1' class='gallery galleryid-7458 gallery-columns-3 gallery-size-medium'><dl class='gallery-item'>\n\t\t\t<dt class='gallery-icon landscape'>\n\t\t\t\t<a href='http:\/\/www.slovenci-zagreb.hr\/si\/wp-content\/uploads\/sites\/2\/2025\/10\/Z2.jpg'><img decoding=\"async\" width=\"300\" height=\"157\" src=\"http:\/\/www.slovenci-zagreb.hr\/si\/wp-content\/uploads\/sites\/2\/2025\/10\/Z2-300x157.jpg\" class=\"attachment-medium size-medium\" alt=\"\" srcset=\"http:\/\/www.slovenci-zagreb.hr\/si\/wp-content\/uploads\/sites\/2\/2025\/10\/Z2-200x105.jpg 200w, http:\/\/www.slovenci-zagreb.hr\/si\/wp-content\/uploads\/sites\/2\/2025\/10\/Z2-300x157.jpg 300w, http:\/\/www.slovenci-zagreb.hr\/si\/wp-content\/uploads\/sites\/2\/2025\/10\/Z2-400x210.jpg 400w, http:\/\/www.slovenci-zagreb.hr\/si\/wp-content\/uploads\/sites\/2\/2025\/10\/Z2-600x315.jpg 600w, http:\/\/www.slovenci-zagreb.hr\/si\/wp-content\/uploads\/sites\/2\/2025\/10\/Z2.jpg 700w\" sizes=\"(max-width: 300px) 100vw, 300px\" \/><\/a>\n\t\t\t<\/dt><\/dl><dl class='gallery-item'>\n\t\t\t<dt class='gallery-icon landscape'>\n\t\t\t\t<a href='http:\/\/www.slovenci-zagreb.hr\/si\/wp-content\/uploads\/sites\/2\/2025\/10\/D.jpg'><img decoding=\"async\" width=\"300\" height=\"215\" src=\"http:\/\/www.slovenci-zagreb.hr\/si\/wp-content\/uploads\/sites\/2\/2025\/10\/D-300x215.jpg\" class=\"attachment-medium size-medium\" alt=\"\" srcset=\"http:\/\/www.slovenci-zagreb.hr\/si\/wp-content\/uploads\/sites\/2\/2025\/10\/D-200x143.jpg 200w, http:\/\/www.slovenci-zagreb.hr\/si\/wp-content\/uploads\/sites\/2\/2025\/10\/D-300x214.jpg 300w, http:\/\/www.slovenci-zagreb.hr\/si\/wp-content\/uploads\/sites\/2\/2025\/10\/D-400x286.jpg 400w, http:\/\/www.slovenci-zagreb.hr\/si\/wp-content\/uploads\/sites\/2\/2025\/10\/D-600x429.jpg 600w, http:\/\/www.slovenci-zagreb.hr\/si\/wp-content\/uploads\/sites\/2\/2025\/10\/D.jpg 700w\" sizes=\"(max-width: 300px) 100vw, 300px\" \/><\/a>\n\t\t\t<\/dt><\/dl><dl class='gallery-item'>\n\t\t\t<dt class='gallery-icon portrait'>\n\t\t\t\t<a href='http:\/\/www.slovenci-zagreb.hr\/si\/wp-content\/uploads\/sites\/2\/2025\/10\/Z3.jpg'><img decoding=\"async\" width=\"169\" height=\"300\" src=\"http:\/\/www.slovenci-zagreb.hr\/si\/wp-content\/uploads\/sites\/2\/2025\/10\/Z3-169x300.jpg\" class=\"attachment-medium size-medium\" alt=\"\" srcset=\"http:\/\/www.slovenci-zagreb.hr\/si\/wp-content\/uploads\/sites\/2\/2025\/10\/Z3-169x300.jpg 169w, http:\/\/www.slovenci-zagreb.hr\/si\/wp-content\/uploads\/sites\/2\/2025\/10\/Z3-200x355.jpg 200w, http:\/\/www.slovenci-zagreb.hr\/si\/wp-content\/uploads\/sites\/2\/2025\/10\/Z3-400x710.jpg 400w, http:\/\/www.slovenci-zagreb.hr\/si\/wp-content\/uploads\/sites\/2\/2025\/10\/Z3-577x1024.jpg 577w, http:\/\/www.slovenci-zagreb.hr\/si\/wp-content\/uploads\/sites\/2\/2025\/10\/Z3-600x1065.jpg 600w, http:\/\/www.slovenci-zagreb.hr\/si\/wp-content\/uploads\/sites\/2\/2025\/10\/Z3.jpg 700w\" sizes=\"(max-width: 169px) 100vw, 169px\" \/><\/a>\n\t\t\t<\/dt><\/dl><br style=\"clear: both\" \/><dl class='gallery-item'>\n\t\t\t<dt class='gallery-icon landscape'>\n\t\t\t\t<a href='http:\/\/www.slovenci-zagreb.hr\/si\/wp-content\/uploads\/sites\/2\/2025\/10\/DD.jpg'><img decoding=\"async\" width=\"300\" height=\"169\" src=\"http:\/\/www.slovenci-zagreb.hr\/si\/wp-content\/uploads\/sites\/2\/2025\/10\/DD-300x169.jpg\" class=\"attachment-medium size-medium\" alt=\"\" srcset=\"http:\/\/www.slovenci-zagreb.hr\/si\/wp-content\/uploads\/sites\/2\/2025\/10\/DD-200x113.jpg 200w, http:\/\/www.slovenci-zagreb.hr\/si\/wp-content\/uploads\/sites\/2\/2025\/10\/DD-300x169.jpg 300w, http:\/\/www.slovenci-zagreb.hr\/si\/wp-content\/uploads\/sites\/2\/2025\/10\/DD-400x225.jpg 400w, http:\/\/www.slovenci-zagreb.hr\/si\/wp-content\/uploads\/sites\/2\/2025\/10\/DD-600x338.jpg 600w, http:\/\/www.slovenci-zagreb.hr\/si\/wp-content\/uploads\/sites\/2\/2025\/10\/DD.jpg 700w\" sizes=\"(max-width: 300px) 100vw, 300px\" \/><\/a>\n\t\t\t<\/dt><\/dl><dl class='gallery-item'>\n\t\t\t<dt class='gallery-icon landscape'>\n\t\t\t\t<a href='http:\/\/www.slovenci-zagreb.hr\/si\/wp-content\/uploads\/sites\/2\/2025\/10\/Stanka-Herak_Cvijeta-Pandol-Udiljak.jpg'><img decoding=\"async\" width=\"300\" height=\"225\" src=\"http:\/\/www.slovenci-zagreb.hr\/si\/wp-content\/uploads\/sites\/2\/2025\/10\/Stanka-Herak_Cvijeta-Pandol-Udiljak-300x225.jpg\" class=\"attachment-medium size-medium\" alt=\"\" srcset=\"http:\/\/www.slovenci-zagreb.hr\/si\/wp-content\/uploads\/sites\/2\/2025\/10\/Stanka-Herak_Cvijeta-Pandol-Udiljak-200x150.jpg 200w, http:\/\/www.slovenci-zagreb.hr\/si\/wp-content\/uploads\/sites\/2\/2025\/10\/Stanka-Herak_Cvijeta-Pandol-Udiljak-300x225.jpg 300w, http:\/\/www.slovenci-zagreb.hr\/si\/wp-content\/uploads\/sites\/2\/2025\/10\/Stanka-Herak_Cvijeta-Pandol-Udiljak-400x300.jpg 400w, http:\/\/www.slovenci-zagreb.hr\/si\/wp-content\/uploads\/sites\/2\/2025\/10\/Stanka-Herak_Cvijeta-Pandol-Udiljak-600x450.jpg 600w, http:\/\/www.slovenci-zagreb.hr\/si\/wp-content\/uploads\/sites\/2\/2025\/10\/Stanka-Herak_Cvijeta-Pandol-Udiljak.jpg 700w\" sizes=\"(max-width: 300px) 100vw, 300px\" \/><\/a>\n\t\t\t<\/dt><\/dl><dl class='gallery-item'>\n\t\t\t<dt class='gallery-icon landscape'>\n\t\t\t\t<a href='http:\/\/www.slovenci-zagreb.hr\/si\/wp-content\/uploads\/sites\/2\/2025\/10\/Ana-Bakulic_Darko-Sonc_Stanka-Herak_Cvijeta-Pandol-Udiljak.jpg'><img decoding=\"async\" width=\"300\" height=\"225\" src=\"http:\/\/www.slovenci-zagreb.hr\/si\/wp-content\/uploads\/sites\/2\/2025\/10\/Ana-Bakulic_Darko-Sonc_Stanka-Herak_Cvijeta-Pandol-Udiljak-300x225.jpg\" class=\"attachment-medium size-medium\" alt=\"\" srcset=\"http:\/\/www.slovenci-zagreb.hr\/si\/wp-content\/uploads\/sites\/2\/2025\/10\/Ana-Bakulic_Darko-Sonc_Stanka-Herak_Cvijeta-Pandol-Udiljak-200x150.jpg 200w, http:\/\/www.slovenci-zagreb.hr\/si\/wp-content\/uploads\/sites\/2\/2025\/10\/Ana-Bakulic_Darko-Sonc_Stanka-Herak_Cvijeta-Pandol-Udiljak-300x225.jpg 300w, http:\/\/www.slovenci-zagreb.hr\/si\/wp-content\/uploads\/sites\/2\/2025\/10\/Ana-Bakulic_Darko-Sonc_Stanka-Herak_Cvijeta-Pandol-Udiljak-400x300.jpg 400w, http:\/\/www.slovenci-zagreb.hr\/si\/wp-content\/uploads\/sites\/2\/2025\/10\/Ana-Bakulic_Darko-Sonc_Stanka-Herak_Cvijeta-Pandol-Udiljak-600x450.jpg 600w, http:\/\/www.slovenci-zagreb.hr\/si\/wp-content\/uploads\/sites\/2\/2025\/10\/Ana-Bakulic_Darko-Sonc_Stanka-Herak_Cvijeta-Pandol-Udiljak.jpg 700w\" sizes=\"(max-width: 300px) 100vw, 300px\" \/><\/a>\n\t\t\t<\/dt><\/dl><br style=\"clear: both\" \/><dl class='gallery-item'>\n\t\t\t<dt class='gallery-icon landscape'>\n\t\t\t\t<a href='http:\/\/www.slovenci-zagreb.hr\/si\/wp-content\/uploads\/sites\/2\/2025\/10\/Z5.jpg'><img decoding=\"async\" width=\"300\" height=\"177\" src=\"http:\/\/www.slovenci-zagreb.hr\/si\/wp-content\/uploads\/sites\/2\/2025\/10\/Z5-300x177.jpg\" class=\"attachment-medium size-medium\" alt=\"\" srcset=\"http:\/\/www.slovenci-zagreb.hr\/si\/wp-content\/uploads\/sites\/2\/2025\/10\/Z5-200x118.jpg 200w, http:\/\/www.slovenci-zagreb.hr\/si\/wp-content\/uploads\/sites\/2\/2025\/10\/Z5-300x177.jpg 300w, http:\/\/www.slovenci-zagreb.hr\/si\/wp-content\/uploads\/sites\/2\/2025\/10\/Z5-400x237.jpg 400w, http:\/\/www.slovenci-zagreb.hr\/si\/wp-content\/uploads\/sites\/2\/2025\/10\/Z5-600x355.jpg 600w, http:\/\/www.slovenci-zagreb.hr\/si\/wp-content\/uploads\/sites\/2\/2025\/10\/Z5.jpg 700w\" sizes=\"(max-width: 300px) 100vw, 300px\" \/><\/a>\n\t\t\t<\/dt><\/dl><dl class='gallery-item'>\n\t\t\t<dt class='gallery-icon landscape'>\n\t\t\t\t<a href='http:\/\/www.slovenci-zagreb.hr\/si\/wp-content\/uploads\/sites\/2\/2025\/10\/Armin-Hodzic_Marta-Kiss_Emina-Visnic_Jana-Radic_Stanka-Herak_Cvijeta-Pandol-Udiljak.jpg'><img decoding=\"async\" width=\"300\" height=\"225\" src=\"http:\/\/www.slovenci-zagreb.hr\/si\/wp-content\/uploads\/sites\/2\/2025\/10\/Armin-Hodzic_Marta-Kiss_Emina-Visnic_Jana-Radic_Stanka-Herak_Cvijeta-Pandol-Udiljak-300x225.jpg\" class=\"attachment-medium size-medium\" alt=\"\" srcset=\"http:\/\/www.slovenci-zagreb.hr\/si\/wp-content\/uploads\/sites\/2\/2025\/10\/Armin-Hodzic_Marta-Kiss_Emina-Visnic_Jana-Radic_Stanka-Herak_Cvijeta-Pandol-Udiljak-200x150.jpg 200w, http:\/\/www.slovenci-zagreb.hr\/si\/wp-content\/uploads\/sites\/2\/2025\/10\/Armin-Hodzic_Marta-Kiss_Emina-Visnic_Jana-Radic_Stanka-Herak_Cvijeta-Pandol-Udiljak-300x225.jpg 300w, http:\/\/www.slovenci-zagreb.hr\/si\/wp-content\/uploads\/sites\/2\/2025\/10\/Armin-Hodzic_Marta-Kiss_Emina-Visnic_Jana-Radic_Stanka-Herak_Cvijeta-Pandol-Udiljak-400x300.jpg 400w, http:\/\/www.slovenci-zagreb.hr\/si\/wp-content\/uploads\/sites\/2\/2025\/10\/Armin-Hodzic_Marta-Kiss_Emina-Visnic_Jana-Radic_Stanka-Herak_Cvijeta-Pandol-Udiljak-600x450.jpg 600w, http:\/\/www.slovenci-zagreb.hr\/si\/wp-content\/uploads\/sites\/2\/2025\/10\/Armin-Hodzic_Marta-Kiss_Emina-Visnic_Jana-Radic_Stanka-Herak_Cvijeta-Pandol-Udiljak.jpg 700w\" sizes=\"(max-width: 300px) 100vw, 300px\" \/><\/a>\n\t\t\t<\/dt><\/dl><dl class='gallery-item'>\n\t\t\t<dt class='gallery-icon landscape'>\n\t\t\t\t<a href='http:\/\/www.slovenci-zagreb.hr\/si\/wp-content\/uploads\/sites\/2\/2025\/10\/A.jpg'><img decoding=\"async\" width=\"300\" height=\"189\" src=\"http:\/\/www.slovenci-zagreb.hr\/si\/wp-content\/uploads\/sites\/2\/2025\/10\/A-300x189.jpg\" class=\"attachment-medium size-medium\" alt=\"\" srcset=\"http:\/\/www.slovenci-zagreb.hr\/si\/wp-content\/uploads\/sites\/2\/2025\/10\/A-200x126.jpg 200w, http:\/\/www.slovenci-zagreb.hr\/si\/wp-content\/uploads\/sites\/2\/2025\/10\/A-300x189.jpg 300w, http:\/\/www.slovenci-zagreb.hr\/si\/wp-content\/uploads\/sites\/2\/2025\/10\/A-320x202.jpg 320w, http:\/\/www.slovenci-zagreb.hr\/si\/wp-content\/uploads\/sites\/2\/2025\/10\/A-400x253.jpg 400w, http:\/\/www.slovenci-zagreb.hr\/si\/wp-content\/uploads\/sites\/2\/2025\/10\/A-600x379.jpg 600w, http:\/\/www.slovenci-zagreb.hr\/si\/wp-content\/uploads\/sites\/2\/2025\/10\/A.jpg 700w\" sizes=\"(max-width: 300px) 100vw, 300px\" \/><\/a>\n\t\t\t<\/dt><\/dl><br style=\"clear: both\" \/>\n\t\t<\/div>\n\n","protected":false},"excerpt":{"rendered":"<p>V nedeljo, 28. septembra 2025, je pri glasbenem paviljonu v zagreb\u0161kem parku Zrinjevac potekal dan narodnih manj\u0161in Mesta Zagreb. Na tej tradicionalni manifestaciji, ki jo pod pokriveteljstvom \u017eupana Tomislava Toma\u0161evi\u0107a organizira Koordinacija svetov in predstavnikov narodnih manj\u0161in Mesta Zagreb, je sodelovalo 16 narodnih skupnosti: albanska, bolgarska, bo\u0161nja\u0161ka, \u010drnogorska, \u010de\u0161ka, italijanska, mad\u017earska, makedonska, romska, slovenska, srbska, [&hellip;]<\/p>\n","protected":false},"author":3,"featured_media":7463,"comment_status":"closed","ping_status":"open","sticky":false,"template":"","format":"standard","meta":{"footnotes":""},"categories":[5],"tags":[],"yoast_head":"<!-- This site is optimized with the Yoast SEO plugin v22.0 - https:\/\/yoast.com\/wordpress\/plugins\/seo\/ -->\n<title>Dan narodnih manj\u0161in Mesta Zagreb | Slovenski dom in Svet slovenske nacionalne manj\u0161ine Mesta Zagreb<\/title>\n<meta name=\"robots\" content=\"index, follow, max-snippet:-1, max-image-preview:large, max-video-preview:-1\" \/>\n<link rel=\"canonical\" href=\"https:\/\/www.slovenci-zagreb.hr\/si\/dan-narodnih-manjsin-mesta-zagreb-8\/\" \/>\n<meta property=\"og:locale\" content=\"sl_SI\" \/>\n<meta property=\"og:type\" content=\"article\" \/>\n<meta property=\"og:title\" content=\"Dan narodnih manj\u0161in Mesta Zagreb | Slovenski dom in Svet slovenske nacionalne manj\u0161ine Mesta Zagreb\" \/>\n<meta property=\"og:description\" content=\"V nedeljo, 28. septembra 2025, je pri glasbenem paviljonu v zagreb\u0161kem parku Zrinjevac potekal dan narodnih manj\u0161in Mesta Zagreb. Na tej tradicionalni manifestaciji, ki jo pod pokriveteljstvom \u017eupana Tomislava Toma\u0161evi\u0107a organizira Koordinacija svetov in predstavnikov narodnih manj\u0161in Mesta Zagreb, je sodelovalo 16 narodnih skupnosti: albanska, bolgarska, bo\u0161nja\u0161ka, \u010drnogorska, \u010de\u0161ka, italijanska, mad\u017earska, makedonska, romska, slovenska, srbska, [&hellip;]\" \/>\n<meta property=\"og:url\" content=\"https:\/\/www.slovenci-zagreb.hr\/si\/dan-narodnih-manjsin-mesta-zagreb-8\/\" \/>\n<meta property=\"og:site_name\" content=\"Slovenski dom in Svet slovenske nacionalne manj\u0161ine Mesta Zagreb\" \/>\n<meta property=\"article:published_time\" content=\"2025-09-28T12:59:27+00:00\" \/>\n<meta property=\"article:modified_time\" content=\"2025-10-01T13:12:04+00:00\" \/>\n<meta property=\"og:image\" content=\"https:\/\/www.slovenci-zagreb.hr\/si\/wp-content\/uploads\/sites\/2\/2025\/10\/D.jpg\" \/>\n\t<meta property=\"og:image:width\" content=\"700\" \/>\n\t<meta property=\"og:image:height\" content=\"501\" \/>\n\t<meta property=\"og:image:type\" content=\"image\/jpeg\" \/>\n<meta name=\"author\" content=\"agata\" \/>\n<meta name=\"twitter:label1\" content=\"Written by\" \/>\n\t<meta name=\"twitter:data1\" content=\"agata\" \/>\n\t<meta name=\"twitter:label2\" content=\"Est. reading time\" \/>\n\t<meta name=\"twitter:data2\" content=\"3 minute\" \/>\n<script type=\"application\/ld+json\" class=\"yoast-schema-graph\">{\"@context\":\"https:\/\/schema.org\",\"@graph\":[{\"@type\":\"WebPage\",\"@id\":\"https:\/\/www.slovenci-zagreb.hr\/si\/dan-narodnih-manjsin-mesta-zagreb-8\/\",\"url\":\"https:\/\/www.slovenci-zagreb.hr\/si\/dan-narodnih-manjsin-mesta-zagreb-8\/\",\"name\":\"Dan narodnih manj\u0161in Mesta Zagreb | Slovenski dom in Svet slovenske nacionalne manj\u0161ine Mesta Zagreb\",\"isPartOf\":{\"@id\":\"http:\/\/www.slovenci-zagreb.hr\/si\/#website\"},\"datePublished\":\"2025-09-28T12:59:27+00:00\",\"dateModified\":\"2025-10-01T13:12:04+00:00\",\"author\":{\"@id\":\"http:\/\/www.slovenci-zagreb.hr\/si\/#\/schema\/person\/a34ecc40aa73e6dd78780facef777d32\"},\"breadcrumb\":{\"@id\":\"https:\/\/www.slovenci-zagreb.hr\/si\/dan-narodnih-manjsin-mesta-zagreb-8\/#breadcrumb\"},\"inLanguage\":\"sl-SI\",\"potentialAction\":[{\"@type\":\"ReadAction\",\"target\":[\"https:\/\/www.slovenci-zagreb.hr\/si\/dan-narodnih-manjsin-mesta-zagreb-8\/\"]}]},{\"@type\":\"BreadcrumbList\",\"@id\":\"https:\/\/www.slovenci-zagreb.hr\/si\/dan-narodnih-manjsin-mesta-zagreb-8\/#breadcrumb\",\"itemListElement\":[{\"@type\":\"ListItem\",\"position\":1,\"name\":\"Home\",\"item\":\"http:\/\/www.slovenci-zagreb.hr\/si\/\"},{\"@type\":\"ListItem\",\"position\":2,\"name\":\"Dan narodnih manj\u0161in Mesta Zagreb\"}]},{\"@type\":\"WebSite\",\"@id\":\"http:\/\/www.slovenci-zagreb.hr\/si\/#website\",\"url\":\"http:\/\/www.slovenci-zagreb.hr\/si\/\",\"name\":\"Slovenski dom in Svet slovenske nacionalne manj\u0161ine Mesta Zagreb\",\"description\":\"\",\"potentialAction\":[{\"@type\":\"SearchAction\",\"target\":{\"@type\":\"EntryPoint\",\"urlTemplate\":\"http:\/\/www.slovenci-zagreb.hr\/si\/?s={search_term_string}\"},\"query-input\":\"required name=search_term_string\"}],\"inLanguage\":\"sl-SI\"},{\"@type\":\"Person\",\"@id\":\"http:\/\/www.slovenci-zagreb.hr\/si\/#\/schema\/person\/a34ecc40aa73e6dd78780facef777d32\",\"name\":\"agata\",\"image\":{\"@type\":\"ImageObject\",\"inLanguage\":\"sl-SI\",\"@id\":\"http:\/\/www.slovenci-zagreb.hr\/si\/#\/schema\/person\/image\/\",\"url\":\"http:\/\/1.gravatar.com\/avatar\/42c070b2dbf14a48e0639733f946c907?s=96&d=mm&r=g\",\"contentUrl\":\"http:\/\/1.gravatar.com\/avatar\/42c070b2dbf14a48e0639733f946c907?s=96&d=mm&r=g\",\"caption\":\"agata\"},\"url\":\"http:\/\/www.slovenci-zagreb.hr\/si\/author\/agata\/\"}]}<\/script>\n<!-- \/ Yoast SEO plugin. -->","yoast_head_json":{"title":"Dan narodnih manj\u0161in Mesta Zagreb | Slovenski dom in Svet slovenske nacionalne manj\u0161ine Mesta Zagreb","robots":{"index":"index","follow":"follow","max-snippet":"max-snippet:-1","max-image-preview":"max-image-preview:large","max-video-preview":"max-video-preview:-1"},"canonical":"https:\/\/www.slovenci-zagreb.hr\/si\/dan-narodnih-manjsin-mesta-zagreb-8\/","og_locale":"sl_SI","og_type":"article","og_title":"Dan narodnih manj\u0161in Mesta Zagreb | Slovenski dom in Svet slovenske nacionalne manj\u0161ine Mesta Zagreb","og_description":"V nedeljo, 28. septembra 2025, je pri glasbenem paviljonu v zagreb\u0161kem parku Zrinjevac potekal dan narodnih manj\u0161in Mesta Zagreb. Na tej tradicionalni manifestaciji, ki jo pod pokriveteljstvom \u017eupana Tomislava Toma\u0161evi\u0107a organizira Koordinacija svetov in predstavnikov narodnih manj\u0161in Mesta Zagreb, je sodelovalo 16 narodnih skupnosti: albanska, bolgarska, bo\u0161nja\u0161ka, \u010drnogorska, \u010de\u0161ka, italijanska, mad\u017earska, makedonska, romska, slovenska, srbska, [&hellip;]","og_url":"https:\/\/www.slovenci-zagreb.hr\/si\/dan-narodnih-manjsin-mesta-zagreb-8\/","og_site_name":"Slovenski dom in Svet slovenske nacionalne manj\u0161ine Mesta Zagreb","article_published_time":"2025-09-28T12:59:27+00:00","article_modified_time":"2025-10-01T13:12:04+00:00","og_image":[{"width":700,"height":501,"url":"https:\/\/www.slovenci-zagreb.hr\/si\/wp-content\/uploads\/sites\/2\/2025\/10\/D.jpg","type":"image\/jpeg"}],"author":"agata","twitter_misc":{"Written by":"agata","Est. reading time":"3 minute"},"schema":{"@context":"https:\/\/schema.org","@graph":[{"@type":"WebPage","@id":"https:\/\/www.slovenci-zagreb.hr\/si\/dan-narodnih-manjsin-mesta-zagreb-8\/","url":"https:\/\/www.slovenci-zagreb.hr\/si\/dan-narodnih-manjsin-mesta-zagreb-8\/","name":"Dan narodnih manj\u0161in Mesta Zagreb | Slovenski dom in Svet slovenske nacionalne manj\u0161ine Mesta Zagreb","isPartOf":{"@id":"http:\/\/www.slovenci-zagreb.hr\/si\/#website"},"datePublished":"2025-09-28T12:59:27+00:00","dateModified":"2025-10-01T13:12:04+00:00","author":{"@id":"http:\/\/www.slovenci-zagreb.hr\/si\/#\/schema\/person\/a34ecc40aa73e6dd78780facef777d32"},"breadcrumb":{"@id":"https:\/\/www.slovenci-zagreb.hr\/si\/dan-narodnih-manjsin-mesta-zagreb-8\/#breadcrumb"},"inLanguage":"sl-SI","potentialAction":[{"@type":"ReadAction","target":["https:\/\/www.slovenci-zagreb.hr\/si\/dan-narodnih-manjsin-mesta-zagreb-8\/"]}]},{"@type":"BreadcrumbList","@id":"https:\/\/www.slovenci-zagreb.hr\/si\/dan-narodnih-manjsin-mesta-zagreb-8\/#breadcrumb","itemListElement":[{"@type":"ListItem","position":1,"name":"Home","item":"http:\/\/www.slovenci-zagreb.hr\/si\/"},{"@type":"ListItem","position":2,"name":"Dan narodnih manj\u0161in Mesta Zagreb"}]},{"@type":"WebSite","@id":"http:\/\/www.slovenci-zagreb.hr\/si\/#website","url":"http:\/\/www.slovenci-zagreb.hr\/si\/","name":"Slovenski dom in Svet slovenske nacionalne manj\u0161ine Mesta Zagreb","description":"","potentialAction":[{"@type":"SearchAction","target":{"@type":"EntryPoint","urlTemplate":"http:\/\/www.slovenci-zagreb.hr\/si\/?s={search_term_string}"},"query-input":"required name=search_term_string"}],"inLanguage":"sl-SI"},{"@type":"Person","@id":"http:\/\/www.slovenci-zagreb.hr\/si\/#\/schema\/person\/a34ecc40aa73e6dd78780facef777d32","name":"agata","image":{"@type":"ImageObject","inLanguage":"sl-SI","@id":"http:\/\/www.slovenci-zagreb.hr\/si\/#\/schema\/person\/image\/","url":"http:\/\/1.gravatar.com\/avatar\/42c070b2dbf14a48e0639733f946c907?s=96&d=mm&r=g","contentUrl":"http:\/\/1.gravatar.com\/avatar\/42c070b2dbf14a48e0639733f946c907?s=96&d=mm&r=g","caption":"agata"},"url":"http:\/\/www.slovenci-zagreb.hr\/si\/author\/agata\/"}]}},"_links":{"self":[{"href":"http:\/\/www.slovenci-zagreb.hr\/si\/wp-json\/wp\/v2\/posts\/7458"}],"collection":[{"href":"http:\/\/www.slovenci-zagreb.hr\/si\/wp-json\/wp\/v2\/posts"}],"about":[{"href":"http:\/\/www.slovenci-zagreb.hr\/si\/wp-json\/wp\/v2\/types\/post"}],"author":[{"embeddable":true,"href":"http:\/\/www.slovenci-zagreb.hr\/si\/wp-json\/wp\/v2\/users\/3"}],"replies":[{"embeddable":true,"href":"http:\/\/www.slovenci-zagreb.hr\/si\/wp-json\/wp\/v2\/comments?post=7458"}],"version-history":[{"count":2,"href":"http:\/\/www.slovenci-zagreb.hr\/si\/wp-json\/wp\/v2\/posts\/7458\/revisions"}],"predecessor-version":[{"id":7471,"href":"http:\/\/www.slovenci-zagreb.hr\/si\/wp-json\/wp\/v2\/posts\/7458\/revisions\/7471"}],"wp:featuredmedia":[{"embeddable":true,"href":"http:\/\/www.slovenci-zagreb.hr\/si\/wp-json\/wp\/v2\/media\/7463"}],"wp:attachment":[{"href":"http:\/\/www.slovenci-zagreb.hr\/si\/wp-json\/wp\/v2\/media?parent=7458"}],"wp:term":[{"taxonomy":"category","embeddable":true,"href":"http:\/\/www.slovenci-zagreb.hr\/si\/wp-json\/wp\/v2\/categories?post=7458"},{"taxonomy":"post_tag","embeddable":true,"href":"http:\/\/www.slovenci-zagreb.hr\/si\/wp-json\/wp\/v2\/tags?post=7458"}],"curies":[{"name":"wp","href":"https:\/\/api.w.org\/{rel}","templated":true}]}}