{"id":7748,"date":"2026-04-29T13:10:36","date_gmt":"2026-04-29T11:10:36","guid":{"rendered":"https:\/\/www.slovenci-zagreb.hr\/si\/?p=7748"},"modified":"2026-04-30T13:35:49","modified_gmt":"2026-04-30T11:35:49","slug":"vabilo-skupinska-razstava-slik-srecanje-brez-pravil","status":"publish","type":"post","link":"http:\/\/www.slovenci-zagreb.hr\/si\/vabilo-skupinska-razstava-slik-srecanje-brez-pravil\/","title":{"rendered":"Vabilo &#8211; skupinska razstava slik Sre\u010danje brez pravil"},"content":{"rendered":"<p>&nbsp;<\/p>\n<p style=\"text-align: center\">Spo\u0161tovani \u010dlani in prijatelji,<\/p>\n<p style=\"text-align: center\">vljudno vas vabimo na odprtje<\/p>\n<h4 style=\"text-align: center\"><strong>skupinske razstave slik portala Ludvig dizajn<\/strong><\/h4>\n<h4 style=\"text-align: center\"><strong><em>Sre\u010danje brez pravil,<\/em><\/strong><br \/>\n<strong>ki bo v sredo, 6. maja 2026, ob 19. uri,<\/strong><br \/>\n<strong>v Slovenskem domu Zagreb, Masarykova ulica 13\/I.<\/strong><\/h4>\n<p style=\"text-align: left\">Skupinska razstava slik <em>Sre\u010danje brez pravil<\/em> bo zdru\u017eila trideset avtorjev, ki ne nastopajo v okviru vnaprej dolo\u010denega koncepta niti ne posku\u0161ajo izra\u017eati poenotenega likovnega jezika. Gre za sre\u010danje raznolikih avtorskih poetik, ki niso podrejene skupnemu vzorcu, temve\u010d ohranjajo lastno avtonomijo in notranjo logiko. Prav v tej raznolikosti se ka\u017ee mo\u010d razstave &#8211; v prostoru, kjer se figuracija, krajina in abstrakcija sre\u010dujejo brez potrebe po medsebojnem usklajevanju.<\/p>\n<p><a href=\"http:\/\/www.slovenci-zagreb.hr\/si\/wp-content\/uploads\/sites\/2\/2026\/04\/Za-medije.jpg_w.jpg\"><img decoding=\"async\" class=\"aligncenter size-full wp-image-7749\" src=\"http:\/\/www.slovenci-zagreb.hr\/si\/wp-content\/uploads\/sites\/2\/2026\/04\/Za-medije.jpg_w.jpg\" alt=\"\" width=\"700\" height=\"467\" srcset=\"http:\/\/www.slovenci-zagreb.hr\/si\/wp-content\/uploads\/sites\/2\/2026\/04\/Za-medije.jpg_w-200x133.jpg 200w, http:\/\/www.slovenci-zagreb.hr\/si\/wp-content\/uploads\/sites\/2\/2026\/04\/Za-medije.jpg_w-300x200.jpg 300w, http:\/\/www.slovenci-zagreb.hr\/si\/wp-content\/uploads\/sites\/2\/2026\/04\/Za-medije.jpg_w-400x267.jpg 400w, http:\/\/www.slovenci-zagreb.hr\/si\/wp-content\/uploads\/sites\/2\/2026\/04\/Za-medije.jpg_w-600x400.jpg 600w, http:\/\/www.slovenci-zagreb.hr\/si\/wp-content\/uploads\/sites\/2\/2026\/04\/Za-medije.jpg_w.jpg 700w\" sizes=\"(max-width: 700px) 100vw, 700px\" \/><\/a><\/p>\n","protected":false},"excerpt":{"rendered":"<p>&nbsp; Spo\u0161tovani \u010dlani in prijatelji, vljudno vas vabimo na odprtje skupinske razstave slik portala Ludvig dizajn Sre\u010danje brez pravil, ki bo v sredo, 6. maja 2026, ob 19. uri, v Slovenskem domu Zagreb, Masarykova ulica 13\/I. Skupinska razstava slik Sre\u010danje brez pravil bo zdru\u017eila trideset avtorjev, ki ne nastopajo v okviru vnaprej dolo\u010denega koncepta niti [&hellip;]<\/p>\n","protected":false},"author":3,"featured_media":0,"comment_status":"closed","ping_status":"open","sticky":false,"template":"","format":"standard","meta":{"footnotes":""},"categories":[3],"tags":[],"yoast_head":"<!-- This site is optimized with the Yoast SEO plugin v22.0 - https:\/\/yoast.com\/wordpress\/plugins\/seo\/ -->\n<title>Vabilo - skupinska razstava slik Sre\u010danje brez pravil | Slovenski dom in Svet slovenske nacionalne manj\u0161ine Mesta Zagreb<\/title>\n<meta name=\"robots\" content=\"index, follow, max-snippet:-1, max-image-preview:large, max-video-preview:-1\" \/>\n<link rel=\"canonical\" href=\"https:\/\/www.slovenci-zagreb.hr\/si\/vabilo-skupinska-razstava-slik-srecanje-brez-pravil\/\" \/>\n<meta property=\"og:locale\" content=\"sl_SI\" \/>\n<meta property=\"og:type\" content=\"article\" \/>\n<meta property=\"og:title\" content=\"Vabilo - skupinska razstava slik Sre\u010danje brez pravil | Slovenski dom in Svet slovenske nacionalne manj\u0161ine Mesta Zagreb\" \/>\n<meta property=\"og:description\" content=\"&nbsp; Spo\u0161tovani \u010dlani in prijatelji, vljudno vas vabimo na odprtje skupinske razstave slik portala Ludvig dizajn Sre\u010danje brez pravil, ki bo v sredo, 6. maja 2026, ob 19. uri, v Slovenskem domu Zagreb, Masarykova ulica 13\/I. Skupinska razstava slik Sre\u010danje brez pravil bo zdru\u017eila trideset avtorjev, ki ne nastopajo v okviru vnaprej dolo\u010denega koncepta niti [&hellip;]\" \/>\n<meta property=\"og:url\" content=\"https:\/\/www.slovenci-zagreb.hr\/si\/vabilo-skupinska-razstava-slik-srecanje-brez-pravil\/\" \/>\n<meta property=\"og:site_name\" content=\"Slovenski dom in Svet slovenske nacionalne manj\u0161ine Mesta Zagreb\" \/>\n<meta property=\"article:published_time\" content=\"2026-04-29T11:10:36+00:00\" \/>\n<meta property=\"article:modified_time\" content=\"2026-04-30T11:35:49+00:00\" \/>\n<meta property=\"og:image\" content=\"http:\/\/www.slovenci-zagreb.hr\/si\/wp-content\/uploads\/sites\/2\/2026\/04\/Za-medije.jpg_w.jpg\" \/>\n<meta name=\"author\" content=\"agata\" \/>\n<meta name=\"twitter:label1\" content=\"Written by\" \/>\n\t<meta name=\"twitter:data1\" content=\"agata\" \/>\n\t<meta name=\"twitter:label2\" content=\"Est. reading time\" \/>\n\t<meta name=\"twitter:data2\" content=\"1 minuta\" \/>\n<script type=\"application\/ld+json\" class=\"yoast-schema-graph\">{\"@context\":\"https:\/\/schema.org\",\"@graph\":[{\"@type\":\"WebPage\",\"@id\":\"https:\/\/www.slovenci-zagreb.hr\/si\/vabilo-skupinska-razstava-slik-srecanje-brez-pravil\/\",\"url\":\"https:\/\/www.slovenci-zagreb.hr\/si\/vabilo-skupinska-razstava-slik-srecanje-brez-pravil\/\",\"name\":\"Vabilo - skupinska razstava slik Sre\u010danje brez pravil | Slovenski dom in Svet slovenske nacionalne manj\u0161ine Mesta Zagreb\",\"isPartOf\":{\"@id\":\"http:\/\/www.slovenci-zagreb.hr\/si\/#website\"},\"datePublished\":\"2026-04-29T11:10:36+00:00\",\"dateModified\":\"2026-04-30T11:35:49+00:00\",\"author\":{\"@id\":\"http:\/\/www.slovenci-zagreb.hr\/si\/#\/schema\/person\/a34ecc40aa73e6dd78780facef777d32\"},\"breadcrumb\":{\"@id\":\"https:\/\/www.slovenci-zagreb.hr\/si\/vabilo-skupinska-razstava-slik-srecanje-brez-pravil\/#breadcrumb\"},\"inLanguage\":\"sl-SI\",\"potentialAction\":[{\"@type\":\"ReadAction\",\"target\":[\"https:\/\/www.slovenci-zagreb.hr\/si\/vabilo-skupinska-razstava-slik-srecanje-brez-pravil\/\"]}]},{\"@type\":\"BreadcrumbList\",\"@id\":\"https:\/\/www.slovenci-zagreb.hr\/si\/vabilo-skupinska-razstava-slik-srecanje-brez-pravil\/#breadcrumb\",\"itemListElement\":[{\"@type\":\"ListItem\",\"position\":1,\"name\":\"Home\",\"item\":\"http:\/\/www.slovenci-zagreb.hr\/si\/\"},{\"@type\":\"ListItem\",\"position\":2,\"name\":\"Vabilo &#8211; skupinska razstava slik Sre\u010danje brez pravil\"}]},{\"@type\":\"WebSite\",\"@id\":\"http:\/\/www.slovenci-zagreb.hr\/si\/#website\",\"url\":\"http:\/\/www.slovenci-zagreb.hr\/si\/\",\"name\":\"Slovenski dom in Svet slovenske nacionalne manj\u0161ine Mesta Zagreb\",\"description\":\"\",\"potentialAction\":[{\"@type\":\"SearchAction\",\"target\":{\"@type\":\"EntryPoint\",\"urlTemplate\":\"http:\/\/www.slovenci-zagreb.hr\/si\/?s={search_term_string}\"},\"query-input\":\"required name=search_term_string\"}],\"inLanguage\":\"sl-SI\"},{\"@type\":\"Person\",\"@id\":\"http:\/\/www.slovenci-zagreb.hr\/si\/#\/schema\/person\/a34ecc40aa73e6dd78780facef777d32\",\"name\":\"agata\",\"image\":{\"@type\":\"ImageObject\",\"inLanguage\":\"sl-SI\",\"@id\":\"http:\/\/www.slovenci-zagreb.hr\/si\/#\/schema\/person\/image\/\",\"url\":\"http:\/\/1.gravatar.com\/avatar\/42c070b2dbf14a48e0639733f946c907?s=96&d=mm&r=g\",\"contentUrl\":\"http:\/\/1.gravatar.com\/avatar\/42c070b2dbf14a48e0639733f946c907?s=96&d=mm&r=g\",\"caption\":\"agata\"},\"url\":\"http:\/\/www.slovenci-zagreb.hr\/si\/author\/agata\/\"}]}<\/script>\n<!-- \/ Yoast SEO plugin. -->","yoast_head_json":{"title":"Vabilo - skupinska razstava slik Sre\u010danje brez pravil | Slovenski dom in Svet slovenske nacionalne manj\u0161ine Mesta Zagreb","robots":{"index":"index","follow":"follow","max-snippet":"max-snippet:-1","max-image-preview":"max-image-preview:large","max-video-preview":"max-video-preview:-1"},"canonical":"https:\/\/www.slovenci-zagreb.hr\/si\/vabilo-skupinska-razstava-slik-srecanje-brez-pravil\/","og_locale":"sl_SI","og_type":"article","og_title":"Vabilo - skupinska razstava slik Sre\u010danje brez pravil | Slovenski dom in Svet slovenske nacionalne manj\u0161ine Mesta Zagreb","og_description":"&nbsp; Spo\u0161tovani \u010dlani in prijatelji, vljudno vas vabimo na odprtje skupinske razstave slik portala Ludvig dizajn Sre\u010danje brez pravil, ki bo v sredo, 6. maja 2026, ob 19. uri, v Slovenskem domu Zagreb, Masarykova ulica 13\/I. Skupinska razstava slik Sre\u010danje brez pravil bo zdru\u017eila trideset avtorjev, ki ne nastopajo v okviru vnaprej dolo\u010denega koncepta niti [&hellip;]","og_url":"https:\/\/www.slovenci-zagreb.hr\/si\/vabilo-skupinska-razstava-slik-srecanje-brez-pravil\/","og_site_name":"Slovenski dom in Svet slovenske nacionalne manj\u0161ine Mesta Zagreb","article_published_time":"2026-04-29T11:10:36+00:00","article_modified_time":"2026-04-30T11:35:49+00:00","og_image":[{"url":"http:\/\/www.slovenci-zagreb.hr\/si\/wp-content\/uploads\/sites\/2\/2026\/04\/Za-medije.jpg_w.jpg"}],"author":"agata","twitter_misc":{"Written by":"agata","Est. reading time":"1 minuta"},"schema":{"@context":"https:\/\/schema.org","@graph":[{"@type":"WebPage","@id":"https:\/\/www.slovenci-zagreb.hr\/si\/vabilo-skupinska-razstava-slik-srecanje-brez-pravil\/","url":"https:\/\/www.slovenci-zagreb.hr\/si\/vabilo-skupinska-razstava-slik-srecanje-brez-pravil\/","name":"Vabilo - skupinska razstava slik Sre\u010danje brez pravil | Slovenski dom in Svet slovenske nacionalne manj\u0161ine Mesta Zagreb","isPartOf":{"@id":"http:\/\/www.slovenci-zagreb.hr\/si\/#website"},"datePublished":"2026-04-29T11:10:36+00:00","dateModified":"2026-04-30T11:35:49+00:00","author":{"@id":"http:\/\/www.slovenci-zagreb.hr\/si\/#\/schema\/person\/a34ecc40aa73e6dd78780facef777d32"},"breadcrumb":{"@id":"https:\/\/www.slovenci-zagreb.hr\/si\/vabilo-skupinska-razstava-slik-srecanje-brez-pravil\/#breadcrumb"},"inLanguage":"sl-SI","potentialAction":[{"@type":"ReadAction","target":["https:\/\/www.slovenci-zagreb.hr\/si\/vabilo-skupinska-razstava-slik-srecanje-brez-pravil\/"]}]},{"@type":"BreadcrumbList","@id":"https:\/\/www.slovenci-zagreb.hr\/si\/vabilo-skupinska-razstava-slik-srecanje-brez-pravil\/#breadcrumb","itemListElement":[{"@type":"ListItem","position":1,"name":"Home","item":"http:\/\/www.slovenci-zagreb.hr\/si\/"},{"@type":"ListItem","position":2,"name":"Vabilo &#8211; skupinska razstava slik Sre\u010danje brez pravil"}]},{"@type":"WebSite","@id":"http:\/\/www.slovenci-zagreb.hr\/si\/#website","url":"http:\/\/www.slovenci-zagreb.hr\/si\/","name":"Slovenski dom in Svet slovenske nacionalne manj\u0161ine Mesta Zagreb","description":"","potentialAction":[{"@type":"SearchAction","target":{"@type":"EntryPoint","urlTemplate":"http:\/\/www.slovenci-zagreb.hr\/si\/?s={search_term_string}"},"query-input":"required name=search_term_string"}],"inLanguage":"sl-SI"},{"@type":"Person","@id":"http:\/\/www.slovenci-zagreb.hr\/si\/#\/schema\/person\/a34ecc40aa73e6dd78780facef777d32","name":"agata","image":{"@type":"ImageObject","inLanguage":"sl-SI","@id":"http:\/\/www.slovenci-zagreb.hr\/si\/#\/schema\/person\/image\/","url":"http:\/\/1.gravatar.com\/avatar\/42c070b2dbf14a48e0639733f946c907?s=96&d=mm&r=g","contentUrl":"http:\/\/1.gravatar.com\/avatar\/42c070b2dbf14a48e0639733f946c907?s=96&d=mm&r=g","caption":"agata"},"url":"http:\/\/www.slovenci-zagreb.hr\/si\/author\/agata\/"}]}},"_links":{"self":[{"href":"http:\/\/www.slovenci-zagreb.hr\/si\/wp-json\/wp\/v2\/posts\/7748"}],"collection":[{"href":"http:\/\/www.slovenci-zagreb.hr\/si\/wp-json\/wp\/v2\/posts"}],"about":[{"href":"http:\/\/www.slovenci-zagreb.hr\/si\/wp-json\/wp\/v2\/types\/post"}],"author":[{"embeddable":true,"href":"http:\/\/www.slovenci-zagreb.hr\/si\/wp-json\/wp\/v2\/users\/3"}],"replies":[{"embeddable":true,"href":"http:\/\/www.slovenci-zagreb.hr\/si\/wp-json\/wp\/v2\/comments?post=7748"}],"version-history":[{"count":5,"href":"http:\/\/www.slovenci-zagreb.hr\/si\/wp-json\/wp\/v2\/posts\/7748\/revisions"}],"predecessor-version":[{"id":7754,"href":"http:\/\/www.slovenci-zagreb.hr\/si\/wp-json\/wp\/v2\/posts\/7748\/revisions\/7754"}],"wp:attachment":[{"href":"http:\/\/www.slovenci-zagreb.hr\/si\/wp-json\/wp\/v2\/media?parent=7748"}],"wp:term":[{"taxonomy":"category","embeddable":true,"href":"http:\/\/www.slovenci-zagreb.hr\/si\/wp-json\/wp\/v2\/categories?post=7748"},{"taxonomy":"post_tag","embeddable":true,"href":"http:\/\/www.slovenci-zagreb.hr\/si\/wp-json\/wp\/v2\/tags?post=7748"}],"curies":[{"name":"wp","href":"https:\/\/api.w.org\/{rel}","templated":true}]}}