{"id":939,"date":"2014-11-24T09:00:02","date_gmt":"2014-11-24T08:00:02","guid":{"rendered":"http:\/\/www.slovenci-zagreb.hr\/si\/?p=939"},"modified":"2015-01-27T09:28:28","modified_gmt":"2015-01-27T08:28:28","slug":"dan-generala-maistra-proslavili-v-ljubljani","status":"publish","type":"post","link":"http:\/\/www.slovenci-zagreb.hr\/si\/dan-generala-maistra-proslavili-v-ljubljani\/","title":{"rendered":"Dan generala Maistra proslavili v Ljubljani"},"content":{"rendered":"<p style=\"text-align: justify\">Ljubljana \u2013 22. 11. 2014<br \/>\nOb slovenskem dr\u017eavnem prazniku, dnevu Rudolfa Maistra, so se \u010dlani Sveta slovenske nacionalne manj\u0161ine Mesta Zagreb udele\u017eili osrednje proslave v Ljubljani. Proslava ob 140. obletnici rojstva in 80. obletnici smrti velikana Rudolfa Maistra &#8211; Vojanova je potekala v Slovenski filharmoniji. Organizirala jo je Zveza dru\u0161tev Generala Maistra; to sestavlja 23 dru\u0161tev, ki delujejo po Sloveniji. Prvi slovenski general ni dovolil, da bi slovenske kraje po razpadu Avstro-Ogrske obdr\u017eali nem\u0161ki okupatorji, temve\u010d je s pogumno akcijo 23. novembra 1918 s svojo vojsko prevzel oblast v Mariboru in omogo\u010dil, da je ta del ozemlja ostal slovenski. \u0160tevilnemu ob\u010dinstvu sta pozdravne besede namenila predsednik Zveze dru\u0161tev Generala Maistra<strong> Milan Lovren\u010di\u010d<\/strong> in \u017eupan Ljubljane <strong>Zoran Jankovi\u0107<\/strong>, navdihujo\u010di govor pa je imel slavnostni govornik, obrambni minister <strong>Janko Veber<\/strong>. (KraS, akm)<\/p>\n<div id=\"attachment_927\" style=\"width: 310px\" class=\"wp-caption aligncenter\"><a href=\"http:\/\/www.slovenci-zagreb.hr\/si\/wp-content\/uploads\/sites\/2\/2015\/01\/Janko_Veber_Slo_filharmonija_22_11_2014.jpg\"><img decoding=\"async\" aria-describedby=\"caption-attachment-927\" class=\"wp-image-927 size-medium\" src=\"http:\/\/www.slovenci-zagreb.hr\/si\/wp-content\/uploads\/sites\/2\/2015\/01\/Janko_Veber_Slo_filharmonija_22_11_2014-300x225.jpg\" alt=\"Janko_Veber_Slo_filharmonija_22_11_2014\" width=\"300\" height=\"225\" srcset=\"http:\/\/www.slovenci-zagreb.hr\/si\/wp-content\/uploads\/sites\/2\/2015\/01\/Janko_Veber_Slo_filharmonija_22_11_2014-300x225.jpg 300w, http:\/\/www.slovenci-zagreb.hr\/si\/wp-content\/uploads\/sites\/2\/2015\/01\/Janko_Veber_Slo_filharmonija_22_11_2014-1024x768.jpg 1024w\" sizes=\"(max-width: 300px) 100vw, 300px\" \/><\/a><p id=\"caption-attachment-927\" class=\"wp-caption-text\">Slavnostni govornik, obrambni minister Janko Veber. Foto: akm<\/p><\/div>\n","protected":false},"excerpt":{"rendered":"<p>Ljubljana \u2013 22. 11. 2014 Ob slovenskem dr\u017eavnem prazniku, dnevu Rudolfa Maistra, so se \u010dlani Sveta slovenske nacionalne manj\u0161ine Mesta Zagreb udele\u017eili osrednje proslave v Ljubljani. Proslava ob 140. obletnici rojstva in 80. obletnici smrti velikana Rudolfa Maistra &#8211; Vojanova je potekala v Slovenski filharmoniji. Organizirala jo je Zveza dru\u0161tev Generala Maistra; to sestavlja 23 [&hellip;]<\/p>\n","protected":false},"author":3,"featured_media":928,"comment_status":"closed","ping_status":"open","sticky":false,"template":"","format":"standard","meta":{"footnotes":""},"categories":[5],"tags":[],"yoast_head":"<!-- This site is optimized with the Yoast SEO plugin v22.0 - https:\/\/yoast.com\/wordpress\/plugins\/seo\/ -->\n<title>Dan generala Maistra proslavili v Ljubljani | Slovenski dom in Svet slovenske nacionalne manj\u0161ine Mesta Zagreb<\/title>\n<meta name=\"robots\" content=\"index, follow, max-snippet:-1, max-image-preview:large, max-video-preview:-1\" \/>\n<link rel=\"canonical\" href=\"https:\/\/www.slovenci-zagreb.hr\/si\/dan-generala-maistra-proslavili-v-ljubljani\/\" \/>\n<meta property=\"og:locale\" content=\"sl_SI\" \/>\n<meta property=\"og:type\" content=\"article\" \/>\n<meta property=\"og:title\" content=\"Dan generala Maistra proslavili v Ljubljani | Slovenski dom in Svet slovenske nacionalne manj\u0161ine Mesta Zagreb\" \/>\n<meta property=\"og:description\" content=\"Ljubljana \u2013 22. 11. 2014 Ob slovenskem dr\u017eavnem prazniku, dnevu Rudolfa Maistra, so se \u010dlani Sveta slovenske nacionalne manj\u0161ine Mesta Zagreb udele\u017eili osrednje proslave v Ljubljani. Proslava ob 140. obletnici rojstva in 80. obletnici smrti velikana Rudolfa Maistra &#8211; Vojanova je potekala v Slovenski filharmoniji. Organizirala jo je Zveza dru\u0161tev Generala Maistra; to sestavlja 23 [&hellip;]\" \/>\n<meta property=\"og:url\" content=\"https:\/\/www.slovenci-zagreb.hr\/si\/dan-generala-maistra-proslavili-v-ljubljani\/\" \/>\n<meta property=\"og:site_name\" content=\"Slovenski dom in Svet slovenske nacionalne manj\u0161ine Mesta Zagreb\" \/>\n<meta property=\"article:published_time\" content=\"2014-11-24T08:00:02+00:00\" \/>\n<meta property=\"article:modified_time\" content=\"2015-01-27T08:28:28+00:00\" \/>\n<meta property=\"og:image\" content=\"https:\/\/www.slovenci-zagreb.hr\/si\/wp-content\/uploads\/sites\/2\/2015\/01\/Maister_Slo_filharmonija_22_11_2014.jpg\" \/>\n\t<meta property=\"og:image:width\" content=\"3456\" \/>\n\t<meta property=\"og:image:height\" content=\"4608\" \/>\n\t<meta property=\"og:image:type\" content=\"image\/jpeg\" \/>\n<meta name=\"author\" content=\"agata\" \/>\n<meta name=\"twitter:label1\" content=\"Written by\" \/>\n\t<meta name=\"twitter:data1\" content=\"agata\" \/>\n\t<meta name=\"twitter:label2\" content=\"Est. reading time\" \/>\n\t<meta name=\"twitter:data2\" content=\"1 minuta\" \/>\n<script type=\"application\/ld+json\" class=\"yoast-schema-graph\">{\"@context\":\"https:\/\/schema.org\",\"@graph\":[{\"@type\":\"WebPage\",\"@id\":\"https:\/\/www.slovenci-zagreb.hr\/si\/dan-generala-maistra-proslavili-v-ljubljani\/\",\"url\":\"https:\/\/www.slovenci-zagreb.hr\/si\/dan-generala-maistra-proslavili-v-ljubljani\/\",\"name\":\"Dan generala Maistra proslavili v Ljubljani | Slovenski dom in Svet slovenske nacionalne manj\u0161ine Mesta Zagreb\",\"isPartOf\":{\"@id\":\"http:\/\/www.slovenci-zagreb.hr\/si\/#website\"},\"datePublished\":\"2014-11-24T08:00:02+00:00\",\"dateModified\":\"2015-01-27T08:28:28+00:00\",\"author\":{\"@id\":\"http:\/\/www.slovenci-zagreb.hr\/si\/#\/schema\/person\/a34ecc40aa73e6dd78780facef777d32\"},\"breadcrumb\":{\"@id\":\"https:\/\/www.slovenci-zagreb.hr\/si\/dan-generala-maistra-proslavili-v-ljubljani\/#breadcrumb\"},\"inLanguage\":\"sl-SI\",\"potentialAction\":[{\"@type\":\"ReadAction\",\"target\":[\"https:\/\/www.slovenci-zagreb.hr\/si\/dan-generala-maistra-proslavili-v-ljubljani\/\"]}]},{\"@type\":\"BreadcrumbList\",\"@id\":\"https:\/\/www.slovenci-zagreb.hr\/si\/dan-generala-maistra-proslavili-v-ljubljani\/#breadcrumb\",\"itemListElement\":[{\"@type\":\"ListItem\",\"position\":1,\"name\":\"Home\",\"item\":\"http:\/\/www.slovenci-zagreb.hr\/si\/\"},{\"@type\":\"ListItem\",\"position\":2,\"name\":\"Dan generala Maistra proslavili v Ljubljani\"}]},{\"@type\":\"WebSite\",\"@id\":\"http:\/\/www.slovenci-zagreb.hr\/si\/#website\",\"url\":\"http:\/\/www.slovenci-zagreb.hr\/si\/\",\"name\":\"Slovenski dom in Svet slovenske nacionalne manj\u0161ine Mesta Zagreb\",\"description\":\"\",\"potentialAction\":[{\"@type\":\"SearchAction\",\"target\":{\"@type\":\"EntryPoint\",\"urlTemplate\":\"http:\/\/www.slovenci-zagreb.hr\/si\/?s={search_term_string}\"},\"query-input\":\"required name=search_term_string\"}],\"inLanguage\":\"sl-SI\"},{\"@type\":\"Person\",\"@id\":\"http:\/\/www.slovenci-zagreb.hr\/si\/#\/schema\/person\/a34ecc40aa73e6dd78780facef777d32\",\"name\":\"agata\",\"image\":{\"@type\":\"ImageObject\",\"inLanguage\":\"sl-SI\",\"@id\":\"http:\/\/www.slovenci-zagreb.hr\/si\/#\/schema\/person\/image\/\",\"url\":\"http:\/\/1.gravatar.com\/avatar\/42c070b2dbf14a48e0639733f946c907?s=96&d=mm&r=g\",\"contentUrl\":\"http:\/\/1.gravatar.com\/avatar\/42c070b2dbf14a48e0639733f946c907?s=96&d=mm&r=g\",\"caption\":\"agata\"},\"url\":\"http:\/\/www.slovenci-zagreb.hr\/si\/author\/agata\/\"}]}<\/script>\n<!-- \/ Yoast SEO plugin. -->","yoast_head_json":{"title":"Dan generala Maistra proslavili v Ljubljani | Slovenski dom in Svet slovenske nacionalne manj\u0161ine Mesta Zagreb","robots":{"index":"index","follow":"follow","max-snippet":"max-snippet:-1","max-image-preview":"max-image-preview:large","max-video-preview":"max-video-preview:-1"},"canonical":"https:\/\/www.slovenci-zagreb.hr\/si\/dan-generala-maistra-proslavili-v-ljubljani\/","og_locale":"sl_SI","og_type":"article","og_title":"Dan generala Maistra proslavili v Ljubljani | Slovenski dom in Svet slovenske nacionalne manj\u0161ine Mesta Zagreb","og_description":"Ljubljana \u2013 22. 11. 2014 Ob slovenskem dr\u017eavnem prazniku, dnevu Rudolfa Maistra, so se \u010dlani Sveta slovenske nacionalne manj\u0161ine Mesta Zagreb udele\u017eili osrednje proslave v Ljubljani. Proslava ob 140. obletnici rojstva in 80. obletnici smrti velikana Rudolfa Maistra &#8211; Vojanova je potekala v Slovenski filharmoniji. Organizirala jo je Zveza dru\u0161tev Generala Maistra; to sestavlja 23 [&hellip;]","og_url":"https:\/\/www.slovenci-zagreb.hr\/si\/dan-generala-maistra-proslavili-v-ljubljani\/","og_site_name":"Slovenski dom in Svet slovenske nacionalne manj\u0161ine Mesta Zagreb","article_published_time":"2014-11-24T08:00:02+00:00","article_modified_time":"2015-01-27T08:28:28+00:00","og_image":[{"width":3456,"height":4608,"url":"https:\/\/www.slovenci-zagreb.hr\/si\/wp-content\/uploads\/sites\/2\/2015\/01\/Maister_Slo_filharmonija_22_11_2014.jpg","type":"image\/jpeg"}],"author":"agata","twitter_misc":{"Written by":"agata","Est. reading time":"1 minuta"},"schema":{"@context":"https:\/\/schema.org","@graph":[{"@type":"WebPage","@id":"https:\/\/www.slovenci-zagreb.hr\/si\/dan-generala-maistra-proslavili-v-ljubljani\/","url":"https:\/\/www.slovenci-zagreb.hr\/si\/dan-generala-maistra-proslavili-v-ljubljani\/","name":"Dan generala Maistra proslavili v Ljubljani | Slovenski dom in Svet slovenske nacionalne manj\u0161ine Mesta Zagreb","isPartOf":{"@id":"http:\/\/www.slovenci-zagreb.hr\/si\/#website"},"datePublished":"2014-11-24T08:00:02+00:00","dateModified":"2015-01-27T08:28:28+00:00","author":{"@id":"http:\/\/www.slovenci-zagreb.hr\/si\/#\/schema\/person\/a34ecc40aa73e6dd78780facef777d32"},"breadcrumb":{"@id":"https:\/\/www.slovenci-zagreb.hr\/si\/dan-generala-maistra-proslavili-v-ljubljani\/#breadcrumb"},"inLanguage":"sl-SI","potentialAction":[{"@type":"ReadAction","target":["https:\/\/www.slovenci-zagreb.hr\/si\/dan-generala-maistra-proslavili-v-ljubljani\/"]}]},{"@type":"BreadcrumbList","@id":"https:\/\/www.slovenci-zagreb.hr\/si\/dan-generala-maistra-proslavili-v-ljubljani\/#breadcrumb","itemListElement":[{"@type":"ListItem","position":1,"name":"Home","item":"http:\/\/www.slovenci-zagreb.hr\/si\/"},{"@type":"ListItem","position":2,"name":"Dan generala Maistra proslavili v Ljubljani"}]},{"@type":"WebSite","@id":"http:\/\/www.slovenci-zagreb.hr\/si\/#website","url":"http:\/\/www.slovenci-zagreb.hr\/si\/","name":"Slovenski dom in Svet slovenske nacionalne manj\u0161ine Mesta Zagreb","description":"","potentialAction":[{"@type":"SearchAction","target":{"@type":"EntryPoint","urlTemplate":"http:\/\/www.slovenci-zagreb.hr\/si\/?s={search_term_string}"},"query-input":"required name=search_term_string"}],"inLanguage":"sl-SI"},{"@type":"Person","@id":"http:\/\/www.slovenci-zagreb.hr\/si\/#\/schema\/person\/a34ecc40aa73e6dd78780facef777d32","name":"agata","image":{"@type":"ImageObject","inLanguage":"sl-SI","@id":"http:\/\/www.slovenci-zagreb.hr\/si\/#\/schema\/person\/image\/","url":"http:\/\/1.gravatar.com\/avatar\/42c070b2dbf14a48e0639733f946c907?s=96&d=mm&r=g","contentUrl":"http:\/\/1.gravatar.com\/avatar\/42c070b2dbf14a48e0639733f946c907?s=96&d=mm&r=g","caption":"agata"},"url":"http:\/\/www.slovenci-zagreb.hr\/si\/author\/agata\/"}]}},"_links":{"self":[{"href":"http:\/\/www.slovenci-zagreb.hr\/si\/wp-json\/wp\/v2\/posts\/939"}],"collection":[{"href":"http:\/\/www.slovenci-zagreb.hr\/si\/wp-json\/wp\/v2\/posts"}],"about":[{"href":"http:\/\/www.slovenci-zagreb.hr\/si\/wp-json\/wp\/v2\/types\/post"}],"author":[{"embeddable":true,"href":"http:\/\/www.slovenci-zagreb.hr\/si\/wp-json\/wp\/v2\/users\/3"}],"replies":[{"embeddable":true,"href":"http:\/\/www.slovenci-zagreb.hr\/si\/wp-json\/wp\/v2\/comments?post=939"}],"version-history":[{"count":2,"href":"http:\/\/www.slovenci-zagreb.hr\/si\/wp-json\/wp\/v2\/posts\/939\/revisions"}],"predecessor-version":[{"id":948,"href":"http:\/\/www.slovenci-zagreb.hr\/si\/wp-json\/wp\/v2\/posts\/939\/revisions\/948"}],"wp:featuredmedia":[{"embeddable":true,"href":"http:\/\/www.slovenci-zagreb.hr\/si\/wp-json\/wp\/v2\/media\/928"}],"wp:attachment":[{"href":"http:\/\/www.slovenci-zagreb.hr\/si\/wp-json\/wp\/v2\/media?parent=939"}],"wp:term":[{"taxonomy":"category","embeddable":true,"href":"http:\/\/www.slovenci-zagreb.hr\/si\/wp-json\/wp\/v2\/categories?post=939"},{"taxonomy":"post_tag","embeddable":true,"href":"http:\/\/www.slovenci-zagreb.hr\/si\/wp-json\/wp\/v2\/tags?post=939"}],"curies":[{"name":"wp","href":"https:\/\/api.w.org\/{rel}","templated":true}]}}