{"id":6297,"date":"2023-06-16T11:11:09","date_gmt":"2023-06-16T09:11:09","guid":{"rendered":"http:\/\/www.slovenci-zagreb.hr\/si\/?p=6297"},"modified":"2023-06-30T11:18:31","modified_gmt":"2023-06-30T09:18:31","slug":"ustanovna-seja-sveta-slovenske-nacionalne-manjsine-mesta-zagreb","status":"publish","type":"post","link":"https:\/\/www.slovenci-zagreb.hr\/si\/ustanovna-seja-sveta-slovenske-nacionalne-manjsine-mesta-zagreb\/","title":{"rendered":"Ustanovna seja Sveta slovenske nacionalne manj\u0161ine Mesta Zagreb"},"content":{"rendered":"<p>V mestni vladi je potekala ustanovna seja Sveta slovenske nacionalne manj\u0161ine Mesta Zagreb (SSNM MZ) za mandatno obdobje 2023-2027, ki so se je udele\u017eili \u010dlani, izvoljeni na volitvah 7. maja.<\/p>\n<p>Sejo je odprl namestnik zagreb\u0161kega \u017eupana Luka Korlaet, pozdravil vse navzo\u010de ter med drugim izpostavil: \u201eZ dana\u0161njim konstituiranjem Sveta slovenske nacionalne manj\u0161ine Mesta Zagreb v 6. mandatu se nadaljuje proces sodelovanja slovenske narodne manj\u0161ine pri upravljanju lokalnih zadev Mesta Zagreba in medsebojnega sodelovanja pri uresni\u010devanju manj\u0161inskih pravic, ki so sestavni del \u010dlovekovih pravic in so v Zagrebu visoko na seznamu prioritet.\u201d<\/p>\n<p>Tudi v tem mandatu bo Svetu slovenske narodne manj\u0161ine predsedoval Darko \u0160onc, njegov namestnik pa bo tako kot v prej\u0161njem mandatu Silvester Kmeti\u0107. V imenu Mesta Zagreba in Oddelka za narodne manj\u0161ine in sektorja za medkrajevno in mednarodno sodelovanje ter civilno dru\u017ebo je vsem novim \u010dlanom za nov mandat \u010destitala in jim za\u017eelela veliko uspeha v delu, Tanja Horvatin. (akm)<\/p>\n<p>Ve\u010d v Novem odmevu 82<\/p>\n<p style=\"text-align: center\"><a href=\"http:\/\/www.slovenci-zagreb.hr\/si\/wp-content\/uploads\/sites\/2\/2023\/06\/USTANOVNA-SEJA-SSNM-MZ.jpg\"><img decoding=\"async\" class=\"aligncenter size-full wp-image-6298\" src=\"http:\/\/www.slovenci-zagreb.hr\/si\/wp-content\/uploads\/sites\/2\/2023\/06\/USTANOVNA-SEJA-SSNM-MZ.jpg\" alt=\"\" width=\"1600\" height=\"1066\" srcset=\"https:\/\/www.slovenci-zagreb.hr\/si\/wp-content\/uploads\/sites\/2\/2023\/06\/USTANOVNA-SEJA-SSNM-MZ-200x133.jpg 200w, https:\/\/www.slovenci-zagreb.hr\/si\/wp-content\/uploads\/sites\/2\/2023\/06\/USTANOVNA-SEJA-SSNM-MZ-300x200.jpg 300w, https:\/\/www.slovenci-zagreb.hr\/si\/wp-content\/uploads\/sites\/2\/2023\/06\/USTANOVNA-SEJA-SSNM-MZ-400x267.jpg 400w, https:\/\/www.slovenci-zagreb.hr\/si\/wp-content\/uploads\/sites\/2\/2023\/06\/USTANOVNA-SEJA-SSNM-MZ-600x400.jpg 600w, https:\/\/www.slovenci-zagreb.hr\/si\/wp-content\/uploads\/sites\/2\/2023\/06\/USTANOVNA-SEJA-SSNM-MZ-768x512.jpg 768w, https:\/\/www.slovenci-zagreb.hr\/si\/wp-content\/uploads\/sites\/2\/2023\/06\/USTANOVNA-SEJA-SSNM-MZ-800x533.jpg 800w, https:\/\/www.slovenci-zagreb.hr\/si\/wp-content\/uploads\/sites\/2\/2023\/06\/USTANOVNA-SEJA-SSNM-MZ-1024x682.jpg 1024w, https:\/\/www.slovenci-zagreb.hr\/si\/wp-content\/uploads\/sites\/2\/2023\/06\/USTANOVNA-SEJA-SSNM-MZ-1200x800.jpg 1200w, https:\/\/www.slovenci-zagreb.hr\/si\/wp-content\/uploads\/sites\/2\/2023\/06\/USTANOVNA-SEJA-SSNM-MZ.jpg 1600w\" sizes=\"(max-width: 1600px) 100vw, 1600px\" \/><\/a>\u010clani SSNM MZ na ustanovni seji v mestni upravi. Foto: Denk \/ MZ<\/p>\n","protected":false},"excerpt":{"rendered":"<p>V mestni vladi je potekala ustanovna seja Sveta slovenske nacionalne manj\u0161ine Mesta Zagreb (SSNM MZ) za mandatno obdobje 2023-2027, ki so se je udele\u017eili \u010dlani, izvoljeni na volitvah 7. maja. Sejo je odprl namestnik zagreb\u0161kega \u017eupana Luka Korlaet, pozdravil vse navzo\u010de ter med drugim izpostavil: \u201eZ dana\u0161njim konstituiranjem Sveta slovenske nacionalne manj\u0161ine Mesta Zagreb v [&hellip;]<\/p>\n","protected":false},"author":3,"featured_media":6298,"comment_status":"closed","ping_status":"open","sticky":false,"template":"","format":"standard","meta":{"footnotes":""},"categories":[5],"tags":[],"yoast_head":"<!-- This site is optimized with the Yoast SEO plugin v22.0 - https:\/\/yoast.com\/wordpress\/plugins\/seo\/ -->\n<title>Ustanovna seja Sveta slovenske nacionalne manj\u0161ine Mesta Zagreb | Slovenski dom in Svet slovenske nacionalne manj\u0161ine Mesta Zagreb<\/title>\n<meta name=\"robots\" content=\"index, follow, max-snippet:-1, max-image-preview:large, max-video-preview:-1\" \/>\n<link rel=\"canonical\" href=\"https:\/\/www.slovenci-zagreb.hr\/si\/ustanovna-seja-sveta-slovenske-nacionalne-manjsine-mesta-zagreb\/\" \/>\n<meta property=\"og:locale\" content=\"sl_SI\" \/>\n<meta property=\"og:type\" content=\"article\" \/>\n<meta property=\"og:title\" content=\"Ustanovna seja Sveta slovenske nacionalne manj\u0161ine Mesta Zagreb | Slovenski dom in Svet slovenske nacionalne manj\u0161ine Mesta Zagreb\" \/>\n<meta property=\"og:description\" content=\"V mestni vladi je potekala ustanovna seja Sveta slovenske nacionalne manj\u0161ine Mesta Zagreb (SSNM MZ) za mandatno obdobje 2023-2027, ki so se je udele\u017eili \u010dlani, izvoljeni na volitvah 7. maja. Sejo je odprl namestnik zagreb\u0161kega \u017eupana Luka Korlaet, pozdravil vse navzo\u010de ter med drugim izpostavil: \u201eZ dana\u0161njim konstituiranjem Sveta slovenske nacionalne manj\u0161ine Mesta Zagreb v [&hellip;]\" \/>\n<meta property=\"og:url\" content=\"https:\/\/www.slovenci-zagreb.hr\/si\/ustanovna-seja-sveta-slovenske-nacionalne-manjsine-mesta-zagreb\/\" \/>\n<meta property=\"og:site_name\" content=\"Slovenski dom in Svet slovenske nacionalne manj\u0161ine Mesta Zagreb\" \/>\n<meta property=\"article:published_time\" content=\"2023-06-16T09:11:09+00:00\" \/>\n<meta property=\"article:modified_time\" content=\"2023-06-30T09:18:31+00:00\" \/>\n<meta property=\"og:image\" content=\"https:\/\/www.slovenci-zagreb.hr\/si\/wp-content\/uploads\/sites\/2\/2023\/06\/USTANOVNA-SEJA-SSNM-MZ.jpg\" \/>\n\t<meta property=\"og:image:width\" content=\"1600\" \/>\n\t<meta property=\"og:image:height\" content=\"1066\" \/>\n\t<meta property=\"og:image:type\" content=\"image\/jpeg\" \/>\n<meta name=\"author\" content=\"agata\" \/>\n<meta name=\"twitter:label1\" content=\"Written by\" \/>\n\t<meta name=\"twitter:data1\" content=\"agata\" \/>\n\t<meta name=\"twitter:label2\" content=\"Est. reading time\" \/>\n\t<meta name=\"twitter:data2\" content=\"1 minuta\" \/>\n<script type=\"application\/ld+json\" class=\"yoast-schema-graph\">{\"@context\":\"https:\/\/schema.org\",\"@graph\":[{\"@type\":\"WebPage\",\"@id\":\"https:\/\/www.slovenci-zagreb.hr\/si\/ustanovna-seja-sveta-slovenske-nacionalne-manjsine-mesta-zagreb\/\",\"url\":\"https:\/\/www.slovenci-zagreb.hr\/si\/ustanovna-seja-sveta-slovenske-nacionalne-manjsine-mesta-zagreb\/\",\"name\":\"Ustanovna seja Sveta slovenske nacionalne manj\u0161ine Mesta Zagreb | Slovenski dom in Svet slovenske nacionalne manj\u0161ine Mesta Zagreb\",\"isPartOf\":{\"@id\":\"http:\/\/www.slovenci-zagreb.hr\/si\/#website\"},\"datePublished\":\"2023-06-16T09:11:09+00:00\",\"dateModified\":\"2023-06-30T09:18:31+00:00\",\"author\":{\"@id\":\"http:\/\/www.slovenci-zagreb.hr\/si\/#\/schema\/person\/a34ecc40aa73e6dd78780facef777d32\"},\"breadcrumb\":{\"@id\":\"https:\/\/www.slovenci-zagreb.hr\/si\/ustanovna-seja-sveta-slovenske-nacionalne-manjsine-mesta-zagreb\/#breadcrumb\"},\"inLanguage\":\"sl-SI\",\"potentialAction\":[{\"@type\":\"ReadAction\",\"target\":[\"https:\/\/www.slovenci-zagreb.hr\/si\/ustanovna-seja-sveta-slovenske-nacionalne-manjsine-mesta-zagreb\/\"]}]},{\"@type\":\"BreadcrumbList\",\"@id\":\"https:\/\/www.slovenci-zagreb.hr\/si\/ustanovna-seja-sveta-slovenske-nacionalne-manjsine-mesta-zagreb\/#breadcrumb\",\"itemListElement\":[{\"@type\":\"ListItem\",\"position\":1,\"name\":\"Home\",\"item\":\"http:\/\/www.slovenci-zagreb.hr\/si\/\"},{\"@type\":\"ListItem\",\"position\":2,\"name\":\"Ustanovna seja Sveta slovenske nacionalne manj\u0161ine Mesta Zagreb\"}]},{\"@type\":\"WebSite\",\"@id\":\"http:\/\/www.slovenci-zagreb.hr\/si\/#website\",\"url\":\"http:\/\/www.slovenci-zagreb.hr\/si\/\",\"name\":\"Slovenski dom in Svet slovenske nacionalne manj\u0161ine Mesta Zagreb\",\"description\":\"\",\"potentialAction\":[{\"@type\":\"SearchAction\",\"target\":{\"@type\":\"EntryPoint\",\"urlTemplate\":\"http:\/\/www.slovenci-zagreb.hr\/si\/?s={search_term_string}\"},\"query-input\":\"required name=search_term_string\"}],\"inLanguage\":\"sl-SI\"},{\"@type\":\"Person\",\"@id\":\"http:\/\/www.slovenci-zagreb.hr\/si\/#\/schema\/person\/a34ecc40aa73e6dd78780facef777d32\",\"name\":\"agata\",\"image\":{\"@type\":\"ImageObject\",\"inLanguage\":\"sl-SI\",\"@id\":\"http:\/\/www.slovenci-zagreb.hr\/si\/#\/schema\/person\/image\/\",\"url\":\"https:\/\/secure.gravatar.com\/avatar\/42c070b2dbf14a48e0639733f946c907?s=96&d=mm&r=g\",\"contentUrl\":\"https:\/\/secure.gravatar.com\/avatar\/42c070b2dbf14a48e0639733f946c907?s=96&d=mm&r=g\",\"caption\":\"agata\"},\"url\":\"https:\/\/www.slovenci-zagreb.hr\/si\/author\/agata\/\"}]}<\/script>\n<!-- \/ Yoast SEO plugin. -->","yoast_head_json":{"title":"Ustanovna seja Sveta slovenske nacionalne manj\u0161ine Mesta Zagreb | Slovenski dom in Svet slovenske nacionalne manj\u0161ine Mesta Zagreb","robots":{"index":"index","follow":"follow","max-snippet":"max-snippet:-1","max-image-preview":"max-image-preview:large","max-video-preview":"max-video-preview:-1"},"canonical":"https:\/\/www.slovenci-zagreb.hr\/si\/ustanovna-seja-sveta-slovenske-nacionalne-manjsine-mesta-zagreb\/","og_locale":"sl_SI","og_type":"article","og_title":"Ustanovna seja Sveta slovenske nacionalne manj\u0161ine Mesta Zagreb | Slovenski dom in Svet slovenske nacionalne manj\u0161ine Mesta Zagreb","og_description":"V mestni vladi je potekala ustanovna seja Sveta slovenske nacionalne manj\u0161ine Mesta Zagreb (SSNM MZ) za mandatno obdobje 2023-2027, ki so se je udele\u017eili \u010dlani, izvoljeni na volitvah 7. maja. Sejo je odprl namestnik zagreb\u0161kega \u017eupana Luka Korlaet, pozdravil vse navzo\u010de ter med drugim izpostavil: \u201eZ dana\u0161njim konstituiranjem Sveta slovenske nacionalne manj\u0161ine Mesta Zagreb v [&hellip;]","og_url":"https:\/\/www.slovenci-zagreb.hr\/si\/ustanovna-seja-sveta-slovenske-nacionalne-manjsine-mesta-zagreb\/","og_site_name":"Slovenski dom in Svet slovenske nacionalne manj\u0161ine Mesta Zagreb","article_published_time":"2023-06-16T09:11:09+00:00","article_modified_time":"2023-06-30T09:18:31+00:00","og_image":[{"width":1600,"height":1066,"url":"https:\/\/www.slovenci-zagreb.hr\/si\/wp-content\/uploads\/sites\/2\/2023\/06\/USTANOVNA-SEJA-SSNM-MZ.jpg","type":"image\/jpeg"}],"author":"agata","twitter_misc":{"Written by":"agata","Est. reading time":"1 minuta"},"schema":{"@context":"https:\/\/schema.org","@graph":[{"@type":"WebPage","@id":"https:\/\/www.slovenci-zagreb.hr\/si\/ustanovna-seja-sveta-slovenske-nacionalne-manjsine-mesta-zagreb\/","url":"https:\/\/www.slovenci-zagreb.hr\/si\/ustanovna-seja-sveta-slovenske-nacionalne-manjsine-mesta-zagreb\/","name":"Ustanovna seja Sveta slovenske nacionalne manj\u0161ine Mesta Zagreb | Slovenski dom in Svet slovenske nacionalne manj\u0161ine Mesta Zagreb","isPartOf":{"@id":"http:\/\/www.slovenci-zagreb.hr\/si\/#website"},"datePublished":"2023-06-16T09:11:09+00:00","dateModified":"2023-06-30T09:18:31+00:00","author":{"@id":"http:\/\/www.slovenci-zagreb.hr\/si\/#\/schema\/person\/a34ecc40aa73e6dd78780facef777d32"},"breadcrumb":{"@id":"https:\/\/www.slovenci-zagreb.hr\/si\/ustanovna-seja-sveta-slovenske-nacionalne-manjsine-mesta-zagreb\/#breadcrumb"},"inLanguage":"sl-SI","potentialAction":[{"@type":"ReadAction","target":["https:\/\/www.slovenci-zagreb.hr\/si\/ustanovna-seja-sveta-slovenske-nacionalne-manjsine-mesta-zagreb\/"]}]},{"@type":"BreadcrumbList","@id":"https:\/\/www.slovenci-zagreb.hr\/si\/ustanovna-seja-sveta-slovenske-nacionalne-manjsine-mesta-zagreb\/#breadcrumb","itemListElement":[{"@type":"ListItem","position":1,"name":"Home","item":"http:\/\/www.slovenci-zagreb.hr\/si\/"},{"@type":"ListItem","position":2,"name":"Ustanovna seja Sveta slovenske nacionalne manj\u0161ine Mesta Zagreb"}]},{"@type":"WebSite","@id":"http:\/\/www.slovenci-zagreb.hr\/si\/#website","url":"http:\/\/www.slovenci-zagreb.hr\/si\/","name":"Slovenski dom in Svet slovenske nacionalne manj\u0161ine Mesta Zagreb","description":"","potentialAction":[{"@type":"SearchAction","target":{"@type":"EntryPoint","urlTemplate":"http:\/\/www.slovenci-zagreb.hr\/si\/?s={search_term_string}"},"query-input":"required name=search_term_string"}],"inLanguage":"sl-SI"},{"@type":"Person","@id":"http:\/\/www.slovenci-zagreb.hr\/si\/#\/schema\/person\/a34ecc40aa73e6dd78780facef777d32","name":"agata","image":{"@type":"ImageObject","inLanguage":"sl-SI","@id":"http:\/\/www.slovenci-zagreb.hr\/si\/#\/schema\/person\/image\/","url":"https:\/\/secure.gravatar.com\/avatar\/42c070b2dbf14a48e0639733f946c907?s=96&d=mm&r=g","contentUrl":"https:\/\/secure.gravatar.com\/avatar\/42c070b2dbf14a48e0639733f946c907?s=96&d=mm&r=g","caption":"agata"},"url":"https:\/\/www.slovenci-zagreb.hr\/si\/author\/agata\/"}]}},"_links":{"self":[{"href":"https:\/\/www.slovenci-zagreb.hr\/si\/wp-json\/wp\/v2\/posts\/6297"}],"collection":[{"href":"https:\/\/www.slovenci-zagreb.hr\/si\/wp-json\/wp\/v2\/posts"}],"about":[{"href":"https:\/\/www.slovenci-zagreb.hr\/si\/wp-json\/wp\/v2\/types\/post"}],"author":[{"embeddable":true,"href":"https:\/\/www.slovenci-zagreb.hr\/si\/wp-json\/wp\/v2\/users\/3"}],"replies":[{"embeddable":true,"href":"https:\/\/www.slovenci-zagreb.hr\/si\/wp-json\/wp\/v2\/comments?post=6297"}],"version-history":[{"count":1,"href":"https:\/\/www.slovenci-zagreb.hr\/si\/wp-json\/wp\/v2\/posts\/6297\/revisions"}],"predecessor-version":[{"id":6299,"href":"https:\/\/www.slovenci-zagreb.hr\/si\/wp-json\/wp\/v2\/posts\/6297\/revisions\/6299"}],"wp:featuredmedia":[{"embeddable":true,"href":"https:\/\/www.slovenci-zagreb.hr\/si\/wp-json\/wp\/v2\/media\/6298"}],"wp:attachment":[{"href":"https:\/\/www.slovenci-zagreb.hr\/si\/wp-json\/wp\/v2\/media?parent=6297"}],"wp:term":[{"taxonomy":"category","embeddable":true,"href":"https:\/\/www.slovenci-zagreb.hr\/si\/wp-json\/wp\/v2\/categories?post=6297"},{"taxonomy":"post_tag","embeddable":true,"href":"https:\/\/www.slovenci-zagreb.hr\/si\/wp-json\/wp\/v2\/tags?post=6297"}],"curies":[{"name":"wp","href":"https:\/\/api.w.org\/{rel}","templated":true}]}}