{"id":6300,"date":"2023-06-17T11:24:05","date_gmt":"2023-06-17T09:24:05","guid":{"rendered":"http:\/\/www.slovenci-zagreb.hr\/si\/?p=6300"},"modified":"2023-06-30T11:40:44","modified_gmt":"2023-06-30T09:40:44","slug":"slovenska-poezija-na-festivalu-vrazova-ljubica-2","status":"publish","type":"post","link":"https:\/\/www.slovenci-zagreb.hr\/si\/slovenska-poezija-na-festivalu-vrazova-ljubica-2\/","title":{"rendered":"Slovenska poezija na festivalu Vrazova Ljubica"},"content":{"rendered":"<p>Na festivalu ljubezenske poezije <em>Vrazova Ljubica<\/em>, ki od leta 1990 poteka v Samoboru v spomin na Julijano Cantilly (1812-1842) znamenito samoborsko Ljubico in ve\u010dno ljubezen slovensko-hrva\u0161kega pesnika, Ilirca Stanka Vraza (1810- 1851) se je tudi letos sli\u0161ala slovenska poezija. Sre\u010danje pesnikov se je za\u010delo pri Ljubi\u010dinem grobu in nadaljevalo s slovesnim odkritjem plo\u0161\u010de z verzi pesnice Sonje Manojlovi\u0107: <em>pozdrav telesu krhki \u017elici<\/em>.<\/p>\n<p>V galeriji Prica so nato verze recitirali eminentni hrva\u0161ki pesniki ob glasbeni spremljavi skupine <em>At Ease<\/em>. Slovenski pesnik Miroslav Ti\u010dar iz Velikega Mra\u0161eva pri Kr\u0161kem je recitiral svojo pesem <em>Del mojega sveta<\/em>, ki jo je napisal prav za ta festival. Ob tej prilo\u017enosti je bila promovirana Zbirka hrva\u0161ke ljubezenske poezije iz leta 2022, v kateri je objavljena pesem Mojce Florjani\u010d iz Bre\u017eic, prispela na povabilo dolgoletnega partnerja festivala, Sveta slovenske narodne manj\u0161ine Mesta Zagreb. (akm)<\/p>\n<p>Ve\u010d v Novem odmevu 82<\/p>\n<p>Foto: akm<\/p>\n<p style=\"text-align: center\"><em><strong>Del mojega sveta<\/strong><\/em><\/p>\n<p style=\"text-align: center\"><em>V mojem svetu je veliko navlake,<\/em><\/p>\n<p style=\"text-align: center\"><em>veliko starih, rabljenih stvari.<\/em><\/p>\n<p style=\"text-align: center\"><em>V mojem svetu je tudi dosti sonca,<\/em><\/p>\n<p style=\"text-align: center\"><em>veliko tihega veselja in miru,<\/em><\/p>\n<p style=\"text-align: center\"><em>trepeta sr\u010dnih valovanj,<\/em><\/p>\n<p style=\"text-align: center\"><em>poleti makovih poljan,<\/em><\/p>\n<p style=\"text-align: center\"><em>spomladi veliko sanj in brbotanja.<\/em><\/p>\n<p style=\"text-align: center\"><em>Ni\u010d ne ostaja v okvirih,<\/em><\/p>\n<p style=\"text-align: center\"><em>tudi zrele \u010de\u0161nje ne.<\/em><\/p>\n<p style=\"text-align: center\"><em>Vse to na\u0161tevam, da bi<\/em><\/p>\n<p style=\"text-align: center\"><em>napravil prostor zate,<\/em><\/p>\n<p style=\"text-align: center\"><em>ki mojem svetu daje\u0161<\/em><\/p>\n<p style=\"text-align: center\"><em>zvedavi nemir<\/em><\/p>\n<p style=\"text-align: center\"><em>in svojo gravitacijsko silo,<\/em><\/p>\n<p style=\"text-align: center\"><em>ki nase pripenja moje<\/em><\/p>\n<p style=\"text-align: center\"><em>misli in pesmi.<\/em><\/p>\n<p style=\"text-align: center\"><em>Smetarski voz odva\u017ea vse<\/em><\/p>\n<p style=\"text-align: center\"><em>kar omejuje to \u010disto,<\/em><\/p>\n<p style=\"text-align: center\"><em>silovito,<\/em><\/p>\n<p style=\"text-align: center\"><em>nenehno,<\/em><\/p>\n<p style=\"text-align: center\"><em>nepozabno<\/em><\/p>\n<p style=\"text-align: center\"><em>Ljubezen.<\/em><\/p>\n<p style=\"text-align: center\">Miroslav Ti\u010dar<\/p>\n\n\t\t<style type=\"text\/css\">\n\t\t\t#gallery-1 {\n\t\t\t\tmargin: auto;\n\t\t\t}\n\t\t\t#gallery-1 .gallery-item {\n\t\t\t\tfloat: left;\n\t\t\t\tmargin-top: 10px;\n\t\t\t\ttext-align: center;\n\t\t\t\twidth: 33%;\n\t\t\t}\n\t\t\t#gallery-1 img {\n\t\t\t\tborder: 2px solid #cfcfcf;\n\t\t\t}\n\t\t\t#gallery-1 .gallery-caption {\n\t\t\t\tmargin-left: 0;\n\t\t\t}\n\t\t\t\/* see gallery_shortcode() in wp-includes\/media.php *\/\n\t\t<\/style>\n\t\t<div id='gallery-1' class='gallery galleryid-6300 gallery-columns-3 gallery-size-medium'><dl class='gallery-item'>\n\t\t\t<dt class='gallery-icon landscape'>\n\t\t\t\t<a href='https:\/\/www.slovenci-zagreb.hr\/si\/slovenska-poezija-na-festivalu-vrazova-ljubica-2\/34-ljubica_foto-radio-samobor\/'><img decoding=\"async\" width=\"300\" height=\"150\" src=\"https:\/\/www.slovenci-zagreb.hr\/si\/wp-content\/uploads\/sites\/2\/2023\/06\/34-Ljubica_foto-Radio-Samobor-300x150.jpg\" class=\"attachment-medium size-medium\" alt=\"\" aria-describedby=\"gallery-1-6301\" srcset=\"https:\/\/www.slovenci-zagreb.hr\/si\/wp-content\/uploads\/sites\/2\/2023\/06\/34-Ljubica_foto-Radio-Samobor-200x100.jpg 200w, https:\/\/www.slovenci-zagreb.hr\/si\/wp-content\/uploads\/sites\/2\/2023\/06\/34-Ljubica_foto-Radio-Samobor-300x150.jpg 300w, https:\/\/www.slovenci-zagreb.hr\/si\/wp-content\/uploads\/sites\/2\/2023\/06\/34-Ljubica_foto-Radio-Samobor-400x200.jpg 400w, https:\/\/www.slovenci-zagreb.hr\/si\/wp-content\/uploads\/sites\/2\/2023\/06\/34-Ljubica_foto-Radio-Samobor-540x272.jpg 540w, https:\/\/www.slovenci-zagreb.hr\/si\/wp-content\/uploads\/sites\/2\/2023\/06\/34-Ljubica_foto-Radio-Samobor-600x300.jpg 600w, https:\/\/www.slovenci-zagreb.hr\/si\/wp-content\/uploads\/sites\/2\/2023\/06\/34-Ljubica_foto-Radio-Samobor.jpg 700w\" sizes=\"(max-width: 300px) 100vw, 300px\" \/><\/a>\n\t\t\t<\/dt>\n\t\t\t\t<dd class='wp-caption-text gallery-caption' id='gallery-1-6301'>\n\t\t\t\tFoto: Radio Samobor\n\t\t\t\t<\/dd><\/dl><dl class='gallery-item'>\n\t\t\t<dt class='gallery-icon landscape'>\n\t\t\t\t<a href='https:\/\/www.slovenci-zagreb.hr\/si\/slovenska-poezija-na-festivalu-vrazova-ljubica-2\/sonja-manojlovic\/'><img decoding=\"async\" width=\"300\" height=\"225\" src=\"https:\/\/www.slovenci-zagreb.hr\/si\/wp-content\/uploads\/sites\/2\/2023\/06\/Sonja-Manojlovic-300x225.jpg\" class=\"attachment-medium size-medium\" alt=\"\" aria-describedby=\"gallery-1-6303\" srcset=\"https:\/\/www.slovenci-zagreb.hr\/si\/wp-content\/uploads\/sites\/2\/2023\/06\/Sonja-Manojlovic-200x150.jpg 200w, https:\/\/www.slovenci-zagreb.hr\/si\/wp-content\/uploads\/sites\/2\/2023\/06\/Sonja-Manojlovic-300x225.jpg 300w, https:\/\/www.slovenci-zagreb.hr\/si\/wp-content\/uploads\/sites\/2\/2023\/06\/Sonja-Manojlovic-400x300.jpg 400w, https:\/\/www.slovenci-zagreb.hr\/si\/wp-content\/uploads\/sites\/2\/2023\/06\/Sonja-Manojlovic-600x450.jpg 600w, https:\/\/www.slovenci-zagreb.hr\/si\/wp-content\/uploads\/sites\/2\/2023\/06\/Sonja-Manojlovic.jpg 700w\" sizes=\"(max-width: 300px) 100vw, 300px\" \/><\/a>\n\t\t\t<\/dt>\n\t\t\t\t<dd class='wp-caption-text gallery-caption' id='gallery-1-6303'>\n\t\t\t\tSonja Manojlovi\u0107 (levo).\n\t\t\t\t<\/dd><\/dl><dl class='gallery-item'>\n\t\t\t<dt class='gallery-icon landscape'>\n\t\t\t\t<a href='https:\/\/www.slovenci-zagreb.hr\/si\/slovenska-poezija-na-festivalu-vrazova-ljubica-2\/v2-2\/'><img decoding=\"async\" width=\"300\" height=\"225\" src=\"https:\/\/www.slovenci-zagreb.hr\/si\/wp-content\/uploads\/sites\/2\/2023\/06\/V2-300x225.jpg\" class=\"attachment-medium size-medium\" alt=\"\" aria-describedby=\"gallery-1-6304\" srcset=\"https:\/\/www.slovenci-zagreb.hr\/si\/wp-content\/uploads\/sites\/2\/2023\/06\/V2-200x150.jpg 200w, https:\/\/www.slovenci-zagreb.hr\/si\/wp-content\/uploads\/sites\/2\/2023\/06\/V2-300x225.jpg 300w, https:\/\/www.slovenci-zagreb.hr\/si\/wp-content\/uploads\/sites\/2\/2023\/06\/V2-400x300.jpg 400w, https:\/\/www.slovenci-zagreb.hr\/si\/wp-content\/uploads\/sites\/2\/2023\/06\/V2-600x450.jpg 600w, https:\/\/www.slovenci-zagreb.hr\/si\/wp-content\/uploads\/sites\/2\/2023\/06\/V2.jpg 700w\" sizes=\"(max-width: 300px) 100vw, 300px\" \/><\/a>\n\t\t\t<\/dt>\n\t\t\t\t<dd class='wp-caption-text gallery-caption' id='gallery-1-6304'>\n\t\t\t\tPesniki in \u010dlani slovenske skupnosti pri spomeniku Stanka Vraza pri Samoborskem muzeju.\n\t\t\t\t<\/dd><\/dl><br style=\"clear: both\" \/><dl class='gallery-item'>\n\t\t\t<dt class='gallery-icon landscape'>\n\t\t\t\t<a href='https:\/\/www.slovenci-zagreb.hr\/si\/slovenska-poezija-na-festivalu-vrazova-ljubica-2\/v4-2\/'><img decoding=\"async\" width=\"300\" height=\"225\" src=\"https:\/\/www.slovenci-zagreb.hr\/si\/wp-content\/uploads\/sites\/2\/2023\/06\/V4-300x225.jpg\" class=\"attachment-medium size-medium\" alt=\"\" aria-describedby=\"gallery-1-6306\" srcset=\"https:\/\/www.slovenci-zagreb.hr\/si\/wp-content\/uploads\/sites\/2\/2023\/06\/V4-200x150.jpg 200w, https:\/\/www.slovenci-zagreb.hr\/si\/wp-content\/uploads\/sites\/2\/2023\/06\/V4-300x225.jpg 300w, https:\/\/www.slovenci-zagreb.hr\/si\/wp-content\/uploads\/sites\/2\/2023\/06\/V4-400x300.jpg 400w, https:\/\/www.slovenci-zagreb.hr\/si\/wp-content\/uploads\/sites\/2\/2023\/06\/V4-600x450.jpg 600w, https:\/\/www.slovenci-zagreb.hr\/si\/wp-content\/uploads\/sites\/2\/2023\/06\/V4.jpg 700w\" sizes=\"(max-width: 300px) 100vw, 300px\" \/><\/a>\n\t\t\t<\/dt>\n\t\t\t\t<dd class='wp-caption-text gallery-caption' id='gallery-1-6306'>\n\t\t\t\tSlovenski pesnik Miroslav Ti\u010dar\n\t\t\t\t<\/dd><\/dl><dl class='gallery-item'>\n\t\t\t<dt class='gallery-icon landscape'>\n\t\t\t\t<a href='https:\/\/www.slovenci-zagreb.hr\/si\/slovenska-poezija-na-festivalu-vrazova-ljubica-2\/v5-2\/'><img decoding=\"async\" width=\"300\" height=\"225\" src=\"https:\/\/www.slovenci-zagreb.hr\/si\/wp-content\/uploads\/sites\/2\/2023\/06\/V5-300x225.jpg\" class=\"attachment-medium size-medium\" alt=\"\" srcset=\"https:\/\/www.slovenci-zagreb.hr\/si\/wp-content\/uploads\/sites\/2\/2023\/06\/V5-200x150.jpg 200w, https:\/\/www.slovenci-zagreb.hr\/si\/wp-content\/uploads\/sites\/2\/2023\/06\/V5-300x225.jpg 300w, https:\/\/www.slovenci-zagreb.hr\/si\/wp-content\/uploads\/sites\/2\/2023\/06\/V5-400x300.jpg 400w, https:\/\/www.slovenci-zagreb.hr\/si\/wp-content\/uploads\/sites\/2\/2023\/06\/V5-600x450.jpg 600w, https:\/\/www.slovenci-zagreb.hr\/si\/wp-content\/uploads\/sites\/2\/2023\/06\/V5.jpg 700w\" sizes=\"(max-width: 300px) 100vw, 300px\" \/><\/a>\n\t\t\t<\/dt><\/dl><dl class='gallery-item'>\n\t\t\t<dt class='gallery-icon landscape'>\n\t\t\t\t<a href='https:\/\/www.slovenci-zagreb.hr\/si\/slovenska-poezija-na-festivalu-vrazova-ljubica-2\/v3-2\/'><img decoding=\"async\" width=\"300\" height=\"225\" src=\"https:\/\/www.slovenci-zagreb.hr\/si\/wp-content\/uploads\/sites\/2\/2023\/06\/V3-300x225.jpg\" class=\"attachment-medium size-medium\" alt=\"\" srcset=\"https:\/\/www.slovenci-zagreb.hr\/si\/wp-content\/uploads\/sites\/2\/2023\/06\/V3-200x150.jpg 200w, https:\/\/www.slovenci-zagreb.hr\/si\/wp-content\/uploads\/sites\/2\/2023\/06\/V3-300x225.jpg 300w, https:\/\/www.slovenci-zagreb.hr\/si\/wp-content\/uploads\/sites\/2\/2023\/06\/V3-400x300.jpg 400w, https:\/\/www.slovenci-zagreb.hr\/si\/wp-content\/uploads\/sites\/2\/2023\/06\/V3-600x450.jpg 600w, https:\/\/www.slovenci-zagreb.hr\/si\/wp-content\/uploads\/sites\/2\/2023\/06\/V3.jpg 700w\" sizes=\"(max-width: 300px) 100vw, 300px\" \/><\/a>\n\t\t\t<\/dt><\/dl><br style=\"clear: both\" \/>\n\t\t<\/div>\n\n","protected":false},"excerpt":{"rendered":"<p>Na festivalu ljubezenske poezije Vrazova Ljubica, ki od leta 1990 poteka v Samoboru v spomin na Julijano Cantilly (1812-1842) znamenito samoborsko Ljubico in ve\u010dno ljubezen slovensko-hrva\u0161kega pesnika, Ilirca Stanka Vraza (1810- 1851) se je tudi letos sli\u0161ala slovenska poezija. Sre\u010danje pesnikov se je za\u010delo pri Ljubi\u010dinem grobu in nadaljevalo s slovesnim odkritjem plo\u0161\u010de z verzi [&hellip;]<\/p>\n","protected":false},"author":3,"featured_media":6308,"comment_status":"closed","ping_status":"open","sticky":false,"template":"","format":"standard","meta":{"footnotes":""},"categories":[5],"tags":[],"yoast_head":"<!-- This site is optimized with the Yoast SEO plugin v22.0 - https:\/\/yoast.com\/wordpress\/plugins\/seo\/ -->\n<title>Slovenska poezija na festivalu Vrazova Ljubica | Slovenski dom in Svet slovenske nacionalne manj\u0161ine Mesta Zagreb<\/title>\n<meta name=\"robots\" content=\"index, follow, max-snippet:-1, max-image-preview:large, max-video-preview:-1\" \/>\n<link rel=\"canonical\" href=\"http:\/\/www.slovenci-zagreb.hr\/si\/slovenska-poezija-na-festivalu-vrazova-ljubica-2\/\" \/>\n<meta property=\"og:locale\" content=\"sl_SI\" \/>\n<meta property=\"og:type\" content=\"article\" \/>\n<meta property=\"og:title\" content=\"Slovenska poezija na festivalu Vrazova Ljubica | Slovenski dom in Svet slovenske nacionalne manj\u0161ine Mesta Zagreb\" \/>\n<meta property=\"og:description\" content=\"Na festivalu ljubezenske poezije Vrazova Ljubica, ki od leta 1990 poteka v Samoboru v spomin na Julijano Cantilly (1812-1842) znamenito samoborsko Ljubico in ve\u010dno ljubezen slovensko-hrva\u0161kega pesnika, Ilirca Stanka Vraza (1810- 1851) se je tudi letos sli\u0161ala slovenska poezija. Sre\u010danje pesnikov se je za\u010delo pri Ljubi\u010dinem grobu in nadaljevalo s slovesnim odkritjem plo\u0161\u010de z verzi [&hellip;]\" \/>\n<meta property=\"og:url\" content=\"http:\/\/www.slovenci-zagreb.hr\/si\/slovenska-poezija-na-festivalu-vrazova-ljubica-2\/\" \/>\n<meta property=\"og:site_name\" content=\"Slovenski dom in Svet slovenske nacionalne manj\u0161ine Mesta Zagreb\" \/>\n<meta property=\"article:published_time\" content=\"2023-06-17T09:24:05+00:00\" \/>\n<meta property=\"article:modified_time\" content=\"2023-06-30T09:40:44+00:00\" \/>\n<meta property=\"og:image\" content=\"http:\/\/www.slovenci-zagreb.hr\/si\/wp-content\/uploads\/sites\/2\/2023\/06\/34-Vrazova-Ljubica.jpg\" \/>\n\t<meta property=\"og:image:width\" content=\"700\" \/>\n\t<meta property=\"og:image:height\" content=\"307\" \/>\n\t<meta property=\"og:image:type\" content=\"image\/jpeg\" \/>\n<meta name=\"author\" content=\"agata\" \/>\n<meta name=\"twitter:label1\" content=\"Written by\" \/>\n\t<meta name=\"twitter:data1\" content=\"agata\" \/>\n\t<meta name=\"twitter:label2\" content=\"Est. reading time\" \/>\n\t<meta name=\"twitter:data2\" content=\"1 minuta\" \/>\n<script type=\"application\/ld+json\" class=\"yoast-schema-graph\">{\"@context\":\"https:\/\/schema.org\",\"@graph\":[{\"@type\":\"WebPage\",\"@id\":\"http:\/\/www.slovenci-zagreb.hr\/si\/slovenska-poezija-na-festivalu-vrazova-ljubica-2\/\",\"url\":\"http:\/\/www.slovenci-zagreb.hr\/si\/slovenska-poezija-na-festivalu-vrazova-ljubica-2\/\",\"name\":\"Slovenska poezija na festivalu Vrazova Ljubica | Slovenski dom in Svet slovenske nacionalne manj\u0161ine Mesta Zagreb\",\"isPartOf\":{\"@id\":\"http:\/\/www.slovenci-zagreb.hr\/si\/#website\"},\"datePublished\":\"2023-06-17T09:24:05+00:00\",\"dateModified\":\"2023-06-30T09:40:44+00:00\",\"author\":{\"@id\":\"http:\/\/www.slovenci-zagreb.hr\/si\/#\/schema\/person\/a34ecc40aa73e6dd78780facef777d32\"},\"breadcrumb\":{\"@id\":\"http:\/\/www.slovenci-zagreb.hr\/si\/slovenska-poezija-na-festivalu-vrazova-ljubica-2\/#breadcrumb\"},\"inLanguage\":\"sl-SI\",\"potentialAction\":[{\"@type\":\"ReadAction\",\"target\":[\"http:\/\/www.slovenci-zagreb.hr\/si\/slovenska-poezija-na-festivalu-vrazova-ljubica-2\/\"]}]},{\"@type\":\"BreadcrumbList\",\"@id\":\"http:\/\/www.slovenci-zagreb.hr\/si\/slovenska-poezija-na-festivalu-vrazova-ljubica-2\/#breadcrumb\",\"itemListElement\":[{\"@type\":\"ListItem\",\"position\":1,\"name\":\"Home\",\"item\":\"http:\/\/www.slovenci-zagreb.hr\/si\/\"},{\"@type\":\"ListItem\",\"position\":2,\"name\":\"Slovenska poezija na festivalu Vrazova Ljubica\"}]},{\"@type\":\"WebSite\",\"@id\":\"http:\/\/www.slovenci-zagreb.hr\/si\/#website\",\"url\":\"http:\/\/www.slovenci-zagreb.hr\/si\/\",\"name\":\"Slovenski dom in Svet slovenske nacionalne manj\u0161ine Mesta Zagreb\",\"description\":\"\",\"potentialAction\":[{\"@type\":\"SearchAction\",\"target\":{\"@type\":\"EntryPoint\",\"urlTemplate\":\"http:\/\/www.slovenci-zagreb.hr\/si\/?s={search_term_string}\"},\"query-input\":\"required name=search_term_string\"}],\"inLanguage\":\"sl-SI\"},{\"@type\":\"Person\",\"@id\":\"http:\/\/www.slovenci-zagreb.hr\/si\/#\/schema\/person\/a34ecc40aa73e6dd78780facef777d32\",\"name\":\"agata\",\"image\":{\"@type\":\"ImageObject\",\"inLanguage\":\"sl-SI\",\"@id\":\"http:\/\/www.slovenci-zagreb.hr\/si\/#\/schema\/person\/image\/\",\"url\":\"https:\/\/secure.gravatar.com\/avatar\/42c070b2dbf14a48e0639733f946c907?s=96&d=mm&r=g\",\"contentUrl\":\"https:\/\/secure.gravatar.com\/avatar\/42c070b2dbf14a48e0639733f946c907?s=96&d=mm&r=g\",\"caption\":\"agata\"},\"url\":\"https:\/\/www.slovenci-zagreb.hr\/si\/author\/agata\/\"}]}<\/script>\n<!-- \/ Yoast SEO plugin. -->","yoast_head_json":{"title":"Slovenska poezija na festivalu Vrazova Ljubica | Slovenski dom in Svet slovenske nacionalne manj\u0161ine Mesta Zagreb","robots":{"index":"index","follow":"follow","max-snippet":"max-snippet:-1","max-image-preview":"max-image-preview:large","max-video-preview":"max-video-preview:-1"},"canonical":"http:\/\/www.slovenci-zagreb.hr\/si\/slovenska-poezija-na-festivalu-vrazova-ljubica-2\/","og_locale":"sl_SI","og_type":"article","og_title":"Slovenska poezija na festivalu Vrazova Ljubica | Slovenski dom in Svet slovenske nacionalne manj\u0161ine Mesta Zagreb","og_description":"Na festivalu ljubezenske poezije Vrazova Ljubica, ki od leta 1990 poteka v Samoboru v spomin na Julijano Cantilly (1812-1842) znamenito samoborsko Ljubico in ve\u010dno ljubezen slovensko-hrva\u0161kega pesnika, Ilirca Stanka Vraza (1810- 1851) se je tudi letos sli\u0161ala slovenska poezija. Sre\u010danje pesnikov se je za\u010delo pri Ljubi\u010dinem grobu in nadaljevalo s slovesnim odkritjem plo\u0161\u010de z verzi [&hellip;]","og_url":"http:\/\/www.slovenci-zagreb.hr\/si\/slovenska-poezija-na-festivalu-vrazova-ljubica-2\/","og_site_name":"Slovenski dom in Svet slovenske nacionalne manj\u0161ine Mesta Zagreb","article_published_time":"2023-06-17T09:24:05+00:00","article_modified_time":"2023-06-30T09:40:44+00:00","og_image":[{"width":700,"height":307,"url":"http:\/\/www.slovenci-zagreb.hr\/si\/wp-content\/uploads\/sites\/2\/2023\/06\/34-Vrazova-Ljubica.jpg","type":"image\/jpeg"}],"author":"agata","twitter_misc":{"Written by":"agata","Est. reading time":"1 minuta"},"schema":{"@context":"https:\/\/schema.org","@graph":[{"@type":"WebPage","@id":"http:\/\/www.slovenci-zagreb.hr\/si\/slovenska-poezija-na-festivalu-vrazova-ljubica-2\/","url":"http:\/\/www.slovenci-zagreb.hr\/si\/slovenska-poezija-na-festivalu-vrazova-ljubica-2\/","name":"Slovenska poezija na festivalu Vrazova Ljubica | Slovenski dom in Svet slovenske nacionalne manj\u0161ine Mesta Zagreb","isPartOf":{"@id":"http:\/\/www.slovenci-zagreb.hr\/si\/#website"},"datePublished":"2023-06-17T09:24:05+00:00","dateModified":"2023-06-30T09:40:44+00:00","author":{"@id":"http:\/\/www.slovenci-zagreb.hr\/si\/#\/schema\/person\/a34ecc40aa73e6dd78780facef777d32"},"breadcrumb":{"@id":"http:\/\/www.slovenci-zagreb.hr\/si\/slovenska-poezija-na-festivalu-vrazova-ljubica-2\/#breadcrumb"},"inLanguage":"sl-SI","potentialAction":[{"@type":"ReadAction","target":["http:\/\/www.slovenci-zagreb.hr\/si\/slovenska-poezija-na-festivalu-vrazova-ljubica-2\/"]}]},{"@type":"BreadcrumbList","@id":"http:\/\/www.slovenci-zagreb.hr\/si\/slovenska-poezija-na-festivalu-vrazova-ljubica-2\/#breadcrumb","itemListElement":[{"@type":"ListItem","position":1,"name":"Home","item":"http:\/\/www.slovenci-zagreb.hr\/si\/"},{"@type":"ListItem","position":2,"name":"Slovenska poezija na festivalu Vrazova Ljubica"}]},{"@type":"WebSite","@id":"http:\/\/www.slovenci-zagreb.hr\/si\/#website","url":"http:\/\/www.slovenci-zagreb.hr\/si\/","name":"Slovenski dom in Svet slovenske nacionalne manj\u0161ine Mesta Zagreb","description":"","potentialAction":[{"@type":"SearchAction","target":{"@type":"EntryPoint","urlTemplate":"http:\/\/www.slovenci-zagreb.hr\/si\/?s={search_term_string}"},"query-input":"required name=search_term_string"}],"inLanguage":"sl-SI"},{"@type":"Person","@id":"http:\/\/www.slovenci-zagreb.hr\/si\/#\/schema\/person\/a34ecc40aa73e6dd78780facef777d32","name":"agata","image":{"@type":"ImageObject","inLanguage":"sl-SI","@id":"http:\/\/www.slovenci-zagreb.hr\/si\/#\/schema\/person\/image\/","url":"https:\/\/secure.gravatar.com\/avatar\/42c070b2dbf14a48e0639733f946c907?s=96&d=mm&r=g","contentUrl":"https:\/\/secure.gravatar.com\/avatar\/42c070b2dbf14a48e0639733f946c907?s=96&d=mm&r=g","caption":"agata"},"url":"https:\/\/www.slovenci-zagreb.hr\/si\/author\/agata\/"}]}},"_links":{"self":[{"href":"https:\/\/www.slovenci-zagreb.hr\/si\/wp-json\/wp\/v2\/posts\/6300"}],"collection":[{"href":"https:\/\/www.slovenci-zagreb.hr\/si\/wp-json\/wp\/v2\/posts"}],"about":[{"href":"https:\/\/www.slovenci-zagreb.hr\/si\/wp-json\/wp\/v2\/types\/post"}],"author":[{"embeddable":true,"href":"https:\/\/www.slovenci-zagreb.hr\/si\/wp-json\/wp\/v2\/users\/3"}],"replies":[{"embeddable":true,"href":"https:\/\/www.slovenci-zagreb.hr\/si\/wp-json\/wp\/v2\/comments?post=6300"}],"version-history":[{"count":1,"href":"https:\/\/www.slovenci-zagreb.hr\/si\/wp-json\/wp\/v2\/posts\/6300\/revisions"}],"predecessor-version":[{"id":6309,"href":"https:\/\/www.slovenci-zagreb.hr\/si\/wp-json\/wp\/v2\/posts\/6300\/revisions\/6309"}],"wp:featuredmedia":[{"embeddable":true,"href":"https:\/\/www.slovenci-zagreb.hr\/si\/wp-json\/wp\/v2\/media\/6308"}],"wp:attachment":[{"href":"https:\/\/www.slovenci-zagreb.hr\/si\/wp-json\/wp\/v2\/media?parent=6300"}],"wp:term":[{"taxonomy":"category","embeddable":true,"href":"https:\/\/www.slovenci-zagreb.hr\/si\/wp-json\/wp\/v2\/categories?post=6300"},{"taxonomy":"post_tag","embeddable":true,"href":"https:\/\/www.slovenci-zagreb.hr\/si\/wp-json\/wp\/v2\/tags?post=6300"}],"curies":[{"name":"wp","href":"https:\/\/api.w.org\/{rel}","templated":true}]}}