{"id":6311,"date":"2023-06-20T11:43:39","date_gmt":"2023-06-20T09:43:39","guid":{"rendered":"http:\/\/www.slovenci-zagreb.hr\/si\/?p=6311"},"modified":"2023-06-30T11:52:33","modified_gmt":"2023-06-30T09:52:33","slug":"dan-drzavnosti-republike-slovenije-2","status":"publish","type":"post","link":"https:\/\/www.slovenci-zagreb.hr\/si\/dan-drzavnosti-republike-slovenije-2\/","title":{"rendered":"Dan dr\u017eavnosti Republike Slovenije"},"content":{"rendered":"<p>Na Evropskem trgu v Zagrebu je potekal slavnostni koncert Orkestra slovenske policije z glasbenimi gosti: hrva\u0161ko policijsko klapo Sveti Mihovil in violon\u010delistko Ano Rucner, zve\u010der pa je bil v Muzeju sodobne umetnosti koncert slovenske punk rock skupine Pankrti. \u00a0(akm)<\/p>\n<p>Ve\u010d v Novem odmevu 82<\/p>\n<p>Foto: akm<\/p>\n\n\t\t<style type=\"text\/css\">\n\t\t\t#gallery-1 {\n\t\t\t\tmargin: auto;\n\t\t\t}\n\t\t\t#gallery-1 .gallery-item {\n\t\t\t\tfloat: left;\n\t\t\t\tmargin-top: 10px;\n\t\t\t\ttext-align: center;\n\t\t\t\twidth: 50%;\n\t\t\t}\n\t\t\t#gallery-1 img {\n\t\t\t\tborder: 2px solid #cfcfcf;\n\t\t\t}\n\t\t\t#gallery-1 .gallery-caption {\n\t\t\t\tmargin-left: 0;\n\t\t\t}\n\t\t\t\/* see gallery_shortcode() in wp-includes\/media.php *\/\n\t\t<\/style>\n\t\t<div id='gallery-1' class='gallery galleryid-6311 gallery-columns-2 gallery-size-medium'><dl class='gallery-item'>\n\t\t\t<dt class='gallery-icon landscape'>\n\t\t\t\t<a href='https:\/\/www.slovenci-zagreb.hr\/si\/wp-content\/uploads\/sites\/2\/2023\/06\/K1.jpg'><img decoding=\"async\" width=\"300\" height=\"225\" src=\"https:\/\/www.slovenci-zagreb.hr\/si\/wp-content\/uploads\/sites\/2\/2023\/06\/K1-300x225.jpg\" class=\"attachment-medium size-medium\" alt=\"\" srcset=\"https:\/\/www.slovenci-zagreb.hr\/si\/wp-content\/uploads\/sites\/2\/2023\/06\/K1-200x150.jpg 200w, https:\/\/www.slovenci-zagreb.hr\/si\/wp-content\/uploads\/sites\/2\/2023\/06\/K1-300x225.jpg 300w, https:\/\/www.slovenci-zagreb.hr\/si\/wp-content\/uploads\/sites\/2\/2023\/06\/K1-400x300.jpg 400w, https:\/\/www.slovenci-zagreb.hr\/si\/wp-content\/uploads\/sites\/2\/2023\/06\/K1-600x450.jpg 600w, https:\/\/www.slovenci-zagreb.hr\/si\/wp-content\/uploads\/sites\/2\/2023\/06\/K1.jpg 700w\" sizes=\"(max-width: 300px) 100vw, 300px\" \/><\/a>\n\t\t\t<\/dt><\/dl><dl class='gallery-item'>\n\t\t\t<dt class='gallery-icon landscape'>\n\t\t\t\t<a href='https:\/\/www.slovenci-zagreb.hr\/si\/wp-content\/uploads\/sites\/2\/2023\/06\/K2.jpg'><img decoding=\"async\" width=\"300\" height=\"225\" src=\"https:\/\/www.slovenci-zagreb.hr\/si\/wp-content\/uploads\/sites\/2\/2023\/06\/K2-300x225.jpg\" class=\"attachment-medium size-medium\" alt=\"\" srcset=\"https:\/\/www.slovenci-zagreb.hr\/si\/wp-content\/uploads\/sites\/2\/2023\/06\/K2-200x150.jpg 200w, https:\/\/www.slovenci-zagreb.hr\/si\/wp-content\/uploads\/sites\/2\/2023\/06\/K2-300x225.jpg 300w, https:\/\/www.slovenci-zagreb.hr\/si\/wp-content\/uploads\/sites\/2\/2023\/06\/K2-400x300.jpg 400w, https:\/\/www.slovenci-zagreb.hr\/si\/wp-content\/uploads\/sites\/2\/2023\/06\/K2-600x450.jpg 600w, https:\/\/www.slovenci-zagreb.hr\/si\/wp-content\/uploads\/sites\/2\/2023\/06\/K2.jpg 700w\" sizes=\"(max-width: 300px) 100vw, 300px\" \/><\/a>\n\t\t\t<\/dt><\/dl><br style=\"clear: both\" \/><dl class='gallery-item'>\n\t\t\t<dt class='gallery-icon landscape'>\n\t\t\t\t<a href='https:\/\/www.slovenci-zagreb.hr\/si\/wp-content\/uploads\/sites\/2\/2023\/06\/K3.jpg'><img decoding=\"async\" width=\"300\" height=\"225\" src=\"https:\/\/www.slovenci-zagreb.hr\/si\/wp-content\/uploads\/sites\/2\/2023\/06\/K3-300x225.jpg\" class=\"attachment-medium size-medium\" alt=\"\" srcset=\"https:\/\/www.slovenci-zagreb.hr\/si\/wp-content\/uploads\/sites\/2\/2023\/06\/K3-200x150.jpg 200w, https:\/\/www.slovenci-zagreb.hr\/si\/wp-content\/uploads\/sites\/2\/2023\/06\/K3-300x225.jpg 300w, https:\/\/www.slovenci-zagreb.hr\/si\/wp-content\/uploads\/sites\/2\/2023\/06\/K3-400x300.jpg 400w, https:\/\/www.slovenci-zagreb.hr\/si\/wp-content\/uploads\/sites\/2\/2023\/06\/K3-600x450.jpg 600w, https:\/\/www.slovenci-zagreb.hr\/si\/wp-content\/uploads\/sites\/2\/2023\/06\/K3.jpg 700w\" sizes=\"(max-width: 300px) 100vw, 300px\" \/><\/a>\n\t\t\t<\/dt><\/dl><dl class='gallery-item'>\n\t\t\t<dt class='gallery-icon landscape'>\n\t\t\t\t<a href='https:\/\/www.slovenci-zagreb.hr\/si\/wp-content\/uploads\/sites\/2\/2023\/06\/Pankrti_MSU-20-6-2023.jpg'><img decoding=\"async\" width=\"300\" height=\"225\" src=\"https:\/\/www.slovenci-zagreb.hr\/si\/wp-content\/uploads\/sites\/2\/2023\/06\/Pankrti_MSU-20-6-2023-300x225.jpg\" class=\"attachment-medium size-medium\" alt=\"\" srcset=\"https:\/\/www.slovenci-zagreb.hr\/si\/wp-content\/uploads\/sites\/2\/2023\/06\/Pankrti_MSU-20-6-2023-200x150.jpg 200w, https:\/\/www.slovenci-zagreb.hr\/si\/wp-content\/uploads\/sites\/2\/2023\/06\/Pankrti_MSU-20-6-2023-300x225.jpg 300w, https:\/\/www.slovenci-zagreb.hr\/si\/wp-content\/uploads\/sites\/2\/2023\/06\/Pankrti_MSU-20-6-2023-400x300.jpg 400w, https:\/\/www.slovenci-zagreb.hr\/si\/wp-content\/uploads\/sites\/2\/2023\/06\/Pankrti_MSU-20-6-2023-600x450.jpg 600w, https:\/\/www.slovenci-zagreb.hr\/si\/wp-content\/uploads\/sites\/2\/2023\/06\/Pankrti_MSU-20-6-2023.jpg 700w\" sizes=\"(max-width: 300px) 100vw, 300px\" \/><\/a>\n\t\t\t<\/dt><\/dl><br style=\"clear: both\" \/>\n\t\t<\/div>\n\n","protected":false},"excerpt":{"rendered":"<p>Na Evropskem trgu v Zagrebu je potekal slavnostni koncert Orkestra slovenske policije z glasbenimi gosti: hrva\u0161ko policijsko klapo Sveti Mihovil in violon\u010delistko Ano Rucner, zve\u010der pa je bil v Muzeju sodobne umetnosti koncert slovenske punk rock skupine Pankrti. \u00a0(akm) Ve\u010d v Novem odmevu 82 Foto: akm<\/p>\n","protected":false},"author":3,"featured_media":6312,"comment_status":"closed","ping_status":"open","sticky":false,"template":"","format":"standard","meta":{"footnotes":""},"categories":[5],"tags":[],"yoast_head":"<!-- This site is optimized with the Yoast SEO plugin v22.0 - https:\/\/yoast.com\/wordpress\/plugins\/seo\/ -->\n<title>Dan dr\u017eavnosti Republike Slovenije | Slovenski dom in Svet slovenske nacionalne manj\u0161ine Mesta Zagreb<\/title>\n<meta name=\"robots\" content=\"index, follow, max-snippet:-1, max-image-preview:large, max-video-preview:-1\" \/>\n<link rel=\"canonical\" href=\"https:\/\/www.slovenci-zagreb.hr\/si\/dan-drzavnosti-republike-slovenije-2\/\" \/>\n<meta property=\"og:locale\" content=\"sl_SI\" \/>\n<meta property=\"og:type\" content=\"article\" \/>\n<meta property=\"og:title\" content=\"Dan dr\u017eavnosti Republike Slovenije | Slovenski dom in Svet slovenske nacionalne manj\u0161ine Mesta Zagreb\" \/>\n<meta property=\"og:description\" content=\"Na Evropskem trgu v Zagrebu je potekal slavnostni koncert Orkestra slovenske policije z glasbenimi gosti: hrva\u0161ko policijsko klapo Sveti Mihovil in violon\u010delistko Ano Rucner, zve\u010der pa je bil v Muzeju sodobne umetnosti koncert slovenske punk rock skupine Pankrti. \u00a0(akm) Ve\u010d v Novem odmevu 82 Foto: akm\" \/>\n<meta property=\"og:url\" content=\"https:\/\/www.slovenci-zagreb.hr\/si\/dan-drzavnosti-republike-slovenije-2\/\" \/>\n<meta property=\"og:site_name\" content=\"Slovenski dom in Svet slovenske nacionalne manj\u0161ine Mesta Zagreb\" \/>\n<meta property=\"article:published_time\" content=\"2023-06-20T09:43:39+00:00\" \/>\n<meta property=\"article:modified_time\" content=\"2023-06-30T09:52:33+00:00\" \/>\n<meta property=\"og:image\" content=\"https:\/\/www.slovenci-zagreb.hr\/si\/wp-content\/uploads\/sites\/2\/2023\/06\/K1.jpg\" \/>\n\t<meta property=\"og:image:width\" content=\"700\" \/>\n\t<meta property=\"og:image:height\" content=\"525\" \/>\n\t<meta property=\"og:image:type\" content=\"image\/jpeg\" \/>\n<meta name=\"author\" content=\"agata\" \/>\n<meta name=\"twitter:label1\" content=\"Written by\" \/>\n\t<meta name=\"twitter:data1\" content=\"agata\" \/>\n<script type=\"application\/ld+json\" class=\"yoast-schema-graph\">{\"@context\":\"https:\/\/schema.org\",\"@graph\":[{\"@type\":\"WebPage\",\"@id\":\"https:\/\/www.slovenci-zagreb.hr\/si\/dan-drzavnosti-republike-slovenije-2\/\",\"url\":\"https:\/\/www.slovenci-zagreb.hr\/si\/dan-drzavnosti-republike-slovenije-2\/\",\"name\":\"Dan dr\u017eavnosti Republike Slovenije | Slovenski dom in Svet slovenske nacionalne manj\u0161ine Mesta Zagreb\",\"isPartOf\":{\"@id\":\"http:\/\/www.slovenci-zagreb.hr\/si\/#website\"},\"datePublished\":\"2023-06-20T09:43:39+00:00\",\"dateModified\":\"2023-06-30T09:52:33+00:00\",\"author\":{\"@id\":\"http:\/\/www.slovenci-zagreb.hr\/si\/#\/schema\/person\/a34ecc40aa73e6dd78780facef777d32\"},\"breadcrumb\":{\"@id\":\"https:\/\/www.slovenci-zagreb.hr\/si\/dan-drzavnosti-republike-slovenije-2\/#breadcrumb\"},\"inLanguage\":\"sl-SI\",\"potentialAction\":[{\"@type\":\"ReadAction\",\"target\":[\"https:\/\/www.slovenci-zagreb.hr\/si\/dan-drzavnosti-republike-slovenije-2\/\"]}]},{\"@type\":\"BreadcrumbList\",\"@id\":\"https:\/\/www.slovenci-zagreb.hr\/si\/dan-drzavnosti-republike-slovenije-2\/#breadcrumb\",\"itemListElement\":[{\"@type\":\"ListItem\",\"position\":1,\"name\":\"Home\",\"item\":\"http:\/\/www.slovenci-zagreb.hr\/si\/\"},{\"@type\":\"ListItem\",\"position\":2,\"name\":\"Dan dr\u017eavnosti Republike Slovenije\"}]},{\"@type\":\"WebSite\",\"@id\":\"http:\/\/www.slovenci-zagreb.hr\/si\/#website\",\"url\":\"http:\/\/www.slovenci-zagreb.hr\/si\/\",\"name\":\"Slovenski dom in Svet slovenske nacionalne manj\u0161ine Mesta Zagreb\",\"description\":\"\",\"potentialAction\":[{\"@type\":\"SearchAction\",\"target\":{\"@type\":\"EntryPoint\",\"urlTemplate\":\"http:\/\/www.slovenci-zagreb.hr\/si\/?s={search_term_string}\"},\"query-input\":\"required name=search_term_string\"}],\"inLanguage\":\"sl-SI\"},{\"@type\":\"Person\",\"@id\":\"http:\/\/www.slovenci-zagreb.hr\/si\/#\/schema\/person\/a34ecc40aa73e6dd78780facef777d32\",\"name\":\"agata\",\"image\":{\"@type\":\"ImageObject\",\"inLanguage\":\"sl-SI\",\"@id\":\"http:\/\/www.slovenci-zagreb.hr\/si\/#\/schema\/person\/image\/\",\"url\":\"https:\/\/secure.gravatar.com\/avatar\/42c070b2dbf14a48e0639733f946c907?s=96&d=mm&r=g\",\"contentUrl\":\"https:\/\/secure.gravatar.com\/avatar\/42c070b2dbf14a48e0639733f946c907?s=96&d=mm&r=g\",\"caption\":\"agata\"},\"url\":\"https:\/\/www.slovenci-zagreb.hr\/si\/author\/agata\/\"}]}<\/script>\n<!-- \/ Yoast SEO plugin. -->","yoast_head_json":{"title":"Dan dr\u017eavnosti Republike Slovenije | Slovenski dom in Svet slovenske nacionalne manj\u0161ine Mesta Zagreb","robots":{"index":"index","follow":"follow","max-snippet":"max-snippet:-1","max-image-preview":"max-image-preview:large","max-video-preview":"max-video-preview:-1"},"canonical":"https:\/\/www.slovenci-zagreb.hr\/si\/dan-drzavnosti-republike-slovenije-2\/","og_locale":"sl_SI","og_type":"article","og_title":"Dan dr\u017eavnosti Republike Slovenije | Slovenski dom in Svet slovenske nacionalne manj\u0161ine Mesta Zagreb","og_description":"Na Evropskem trgu v Zagrebu je potekal slavnostni koncert Orkestra slovenske policije z glasbenimi gosti: hrva\u0161ko policijsko klapo Sveti Mihovil in violon\u010delistko Ano Rucner, zve\u010der pa je bil v Muzeju sodobne umetnosti koncert slovenske punk rock skupine Pankrti. \u00a0(akm) Ve\u010d v Novem odmevu 82 Foto: akm","og_url":"https:\/\/www.slovenci-zagreb.hr\/si\/dan-drzavnosti-republike-slovenije-2\/","og_site_name":"Slovenski dom in Svet slovenske nacionalne manj\u0161ine Mesta Zagreb","article_published_time":"2023-06-20T09:43:39+00:00","article_modified_time":"2023-06-30T09:52:33+00:00","og_image":[{"width":700,"height":525,"url":"https:\/\/www.slovenci-zagreb.hr\/si\/wp-content\/uploads\/sites\/2\/2023\/06\/K1.jpg","type":"image\/jpeg"}],"author":"agata","twitter_misc":{"Written by":"agata"},"schema":{"@context":"https:\/\/schema.org","@graph":[{"@type":"WebPage","@id":"https:\/\/www.slovenci-zagreb.hr\/si\/dan-drzavnosti-republike-slovenije-2\/","url":"https:\/\/www.slovenci-zagreb.hr\/si\/dan-drzavnosti-republike-slovenije-2\/","name":"Dan dr\u017eavnosti Republike Slovenije | Slovenski dom in Svet slovenske nacionalne manj\u0161ine Mesta Zagreb","isPartOf":{"@id":"http:\/\/www.slovenci-zagreb.hr\/si\/#website"},"datePublished":"2023-06-20T09:43:39+00:00","dateModified":"2023-06-30T09:52:33+00:00","author":{"@id":"http:\/\/www.slovenci-zagreb.hr\/si\/#\/schema\/person\/a34ecc40aa73e6dd78780facef777d32"},"breadcrumb":{"@id":"https:\/\/www.slovenci-zagreb.hr\/si\/dan-drzavnosti-republike-slovenije-2\/#breadcrumb"},"inLanguage":"sl-SI","potentialAction":[{"@type":"ReadAction","target":["https:\/\/www.slovenci-zagreb.hr\/si\/dan-drzavnosti-republike-slovenije-2\/"]}]},{"@type":"BreadcrumbList","@id":"https:\/\/www.slovenci-zagreb.hr\/si\/dan-drzavnosti-republike-slovenije-2\/#breadcrumb","itemListElement":[{"@type":"ListItem","position":1,"name":"Home","item":"http:\/\/www.slovenci-zagreb.hr\/si\/"},{"@type":"ListItem","position":2,"name":"Dan dr\u017eavnosti Republike Slovenije"}]},{"@type":"WebSite","@id":"http:\/\/www.slovenci-zagreb.hr\/si\/#website","url":"http:\/\/www.slovenci-zagreb.hr\/si\/","name":"Slovenski dom in Svet slovenske nacionalne manj\u0161ine Mesta Zagreb","description":"","potentialAction":[{"@type":"SearchAction","target":{"@type":"EntryPoint","urlTemplate":"http:\/\/www.slovenci-zagreb.hr\/si\/?s={search_term_string}"},"query-input":"required name=search_term_string"}],"inLanguage":"sl-SI"},{"@type":"Person","@id":"http:\/\/www.slovenci-zagreb.hr\/si\/#\/schema\/person\/a34ecc40aa73e6dd78780facef777d32","name":"agata","image":{"@type":"ImageObject","inLanguage":"sl-SI","@id":"http:\/\/www.slovenci-zagreb.hr\/si\/#\/schema\/person\/image\/","url":"https:\/\/secure.gravatar.com\/avatar\/42c070b2dbf14a48e0639733f946c907?s=96&d=mm&r=g","contentUrl":"https:\/\/secure.gravatar.com\/avatar\/42c070b2dbf14a48e0639733f946c907?s=96&d=mm&r=g","caption":"agata"},"url":"https:\/\/www.slovenci-zagreb.hr\/si\/author\/agata\/"}]}},"_links":{"self":[{"href":"https:\/\/www.slovenci-zagreb.hr\/si\/wp-json\/wp\/v2\/posts\/6311"}],"collection":[{"href":"https:\/\/www.slovenci-zagreb.hr\/si\/wp-json\/wp\/v2\/posts"}],"about":[{"href":"https:\/\/www.slovenci-zagreb.hr\/si\/wp-json\/wp\/v2\/types\/post"}],"author":[{"embeddable":true,"href":"https:\/\/www.slovenci-zagreb.hr\/si\/wp-json\/wp\/v2\/users\/3"}],"replies":[{"embeddable":true,"href":"https:\/\/www.slovenci-zagreb.hr\/si\/wp-json\/wp\/v2\/comments?post=6311"}],"version-history":[{"count":1,"href":"https:\/\/www.slovenci-zagreb.hr\/si\/wp-json\/wp\/v2\/posts\/6311\/revisions"}],"predecessor-version":[{"id":6316,"href":"https:\/\/www.slovenci-zagreb.hr\/si\/wp-json\/wp\/v2\/posts\/6311\/revisions\/6316"}],"wp:featuredmedia":[{"embeddable":true,"href":"https:\/\/www.slovenci-zagreb.hr\/si\/wp-json\/wp\/v2\/media\/6312"}],"wp:attachment":[{"href":"https:\/\/www.slovenci-zagreb.hr\/si\/wp-json\/wp\/v2\/media?parent=6311"}],"wp:term":[{"taxonomy":"category","embeddable":true,"href":"https:\/\/www.slovenci-zagreb.hr\/si\/wp-json\/wp\/v2\/categories?post=6311"},{"taxonomy":"post_tag","embeddable":true,"href":"https:\/\/www.slovenci-zagreb.hr\/si\/wp-json\/wp\/v2\/tags?post=6311"}],"curies":[{"name":"wp","href":"https:\/\/api.w.org\/{rel}","templated":true}]}}