{"id":7594,"date":"2025-12-03T12:00:57","date_gmt":"2025-12-03T11:00:57","guid":{"rendered":"https:\/\/www.slovenci-zagreb.hr\/si\/?p=7594"},"modified":"2025-12-12T18:37:51","modified_gmt":"2025-12-12T17:37:51","slug":"vabilo-bozicna-razstava-retrospektiva-kreativne-delavnice-sopek","status":"publish","type":"post","link":"https:\/\/www.slovenci-zagreb.hr\/si\/vabilo-bozicna-razstava-retrospektiva-kreativne-delavnice-sopek\/","title":{"rendered":"Vabilo &#8211; bo\u017ei\u010dna razstava, retrospektiva kreativne delavnice \u0160opek"},"content":{"rendered":"<p><a href=\"http:\/\/www.slovenci-zagreb.hr\/si\/wp-content\/uploads\/sites\/2\/2025\/12\/Sopek-retrospektiva-slo_zadnje-2.jpg\"><img decoding=\"async\" class=\"aligncenter size-full wp-image-7602\" src=\"http:\/\/www.slovenci-zagreb.hr\/si\/wp-content\/uploads\/sites\/2\/2025\/12\/Sopek-retrospektiva-slo_zadnje-2.jpg\" alt=\"\" width=\"700\" height=\"990\" srcset=\"https:\/\/www.slovenci-zagreb.hr\/si\/wp-content\/uploads\/sites\/2\/2025\/12\/Sopek-retrospektiva-slo_zadnje-2-100x141.jpg 100w, https:\/\/www.slovenci-zagreb.hr\/si\/wp-content\/uploads\/sites\/2\/2025\/12\/Sopek-retrospektiva-slo_zadnje-2-150x212.jpg 150w, https:\/\/www.slovenci-zagreb.hr\/si\/wp-content\/uploads\/sites\/2\/2025\/12\/Sopek-retrospektiva-slo_zadnje-2-200x283.jpg 200w, https:\/\/www.slovenci-zagreb.hr\/si\/wp-content\/uploads\/sites\/2\/2025\/12\/Sopek-retrospektiva-slo_zadnje-2-212x300.jpg 212w, https:\/\/www.slovenci-zagreb.hr\/si\/wp-content\/uploads\/sites\/2\/2025\/12\/Sopek-retrospektiva-slo_zadnje-2-400x566.jpg 400w, https:\/\/www.slovenci-zagreb.hr\/si\/wp-content\/uploads\/sites\/2\/2025\/12\/Sopek-retrospektiva-slo_zadnje-2-600x849.jpg 600w, https:\/\/www.slovenci-zagreb.hr\/si\/wp-content\/uploads\/sites\/2\/2025\/12\/Sopek-retrospektiva-slo_zadnje-2.jpg 700w\" sizes=\"(max-width: 700px) 100vw, 700px\" \/><\/a><\/p>\n","protected":false},"excerpt":{"rendered":"","protected":false},"author":3,"featured_media":0,"comment_status":"closed","ping_status":"open","sticky":false,"template":"","format":"standard","meta":{"footnotes":""},"categories":[3],"tags":[],"yoast_head":"<!-- This site is optimized with the Yoast SEO plugin v22.0 - https:\/\/yoast.com\/wordpress\/plugins\/seo\/ -->\n<title>Vabilo - bo\u017ei\u010dna razstava, retrospektiva kreativne delavnice \u0160opek | Slovenski dom in Svet slovenske nacionalne manj\u0161ine Mesta Zagreb<\/title>\n<meta name=\"robots\" content=\"index, follow, max-snippet:-1, max-image-preview:large, max-video-preview:-1\" \/>\n<link rel=\"canonical\" href=\"https:\/\/www.slovenci-zagreb.hr\/si\/vabilo-bozicna-razstava-retrospektiva-kreativne-delavnice-sopek\/\" \/>\n<meta property=\"og:locale\" content=\"sl_SI\" \/>\n<meta property=\"og:type\" content=\"article\" \/>\n<meta property=\"og:title\" content=\"Vabilo - bo\u017ei\u010dna razstava, retrospektiva kreativne delavnice \u0160opek | Slovenski dom in Svet slovenske nacionalne manj\u0161ine Mesta Zagreb\" \/>\n<meta property=\"og:url\" content=\"https:\/\/www.slovenci-zagreb.hr\/si\/vabilo-bozicna-razstava-retrospektiva-kreativne-delavnice-sopek\/\" \/>\n<meta property=\"og:site_name\" content=\"Slovenski dom in Svet slovenske nacionalne manj\u0161ine Mesta Zagreb\" \/>\n<meta property=\"article:published_time\" content=\"2025-12-03T11:00:57+00:00\" \/>\n<meta property=\"article:modified_time\" content=\"2025-12-12T17:37:51+00:00\" \/>\n<meta property=\"og:image\" content=\"http:\/\/www.slovenci-zagreb.hr\/si\/wp-content\/uploads\/sites\/2\/2025\/12\/Sopek-retrospektiva-slo_zadnje-2.jpg\" \/>\n<meta name=\"author\" content=\"agata\" \/>\n<meta name=\"twitter:label1\" content=\"Written by\" \/>\n\t<meta name=\"twitter:data1\" content=\"agata\" \/>\n\t<meta name=\"twitter:label2\" content=\"Est. reading time\" \/>\n\t<meta name=\"twitter:data2\" content=\"1 minuta\" \/>\n<script type=\"application\/ld+json\" class=\"yoast-schema-graph\">{\"@context\":\"https:\/\/schema.org\",\"@graph\":[{\"@type\":\"WebPage\",\"@id\":\"https:\/\/www.slovenci-zagreb.hr\/si\/vabilo-bozicna-razstava-retrospektiva-kreativne-delavnice-sopek\/\",\"url\":\"https:\/\/www.slovenci-zagreb.hr\/si\/vabilo-bozicna-razstava-retrospektiva-kreativne-delavnice-sopek\/\",\"name\":\"Vabilo - bo\u017ei\u010dna razstava, retrospektiva kreativne delavnice \u0160opek | Slovenski dom in Svet slovenske nacionalne manj\u0161ine Mesta Zagreb\",\"isPartOf\":{\"@id\":\"http:\/\/www.slovenci-zagreb.hr\/si\/#website\"},\"datePublished\":\"2025-12-03T11:00:57+00:00\",\"dateModified\":\"2025-12-12T17:37:51+00:00\",\"author\":{\"@id\":\"http:\/\/www.slovenci-zagreb.hr\/si\/#\/schema\/person\/a34ecc40aa73e6dd78780facef777d32\"},\"breadcrumb\":{\"@id\":\"https:\/\/www.slovenci-zagreb.hr\/si\/vabilo-bozicna-razstava-retrospektiva-kreativne-delavnice-sopek\/#breadcrumb\"},\"inLanguage\":\"sl-SI\",\"potentialAction\":[{\"@type\":\"ReadAction\",\"target\":[\"https:\/\/www.slovenci-zagreb.hr\/si\/vabilo-bozicna-razstava-retrospektiva-kreativne-delavnice-sopek\/\"]}]},{\"@type\":\"BreadcrumbList\",\"@id\":\"https:\/\/www.slovenci-zagreb.hr\/si\/vabilo-bozicna-razstava-retrospektiva-kreativne-delavnice-sopek\/#breadcrumb\",\"itemListElement\":[{\"@type\":\"ListItem\",\"position\":1,\"name\":\"Home\",\"item\":\"http:\/\/www.slovenci-zagreb.hr\/si\/\"},{\"@type\":\"ListItem\",\"position\":2,\"name\":\"Vabilo &#8211; bo\u017ei\u010dna razstava, retrospektiva kreativne delavnice \u0160opek\"}]},{\"@type\":\"WebSite\",\"@id\":\"http:\/\/www.slovenci-zagreb.hr\/si\/#website\",\"url\":\"http:\/\/www.slovenci-zagreb.hr\/si\/\",\"name\":\"Slovenski dom in Svet slovenske nacionalne manj\u0161ine Mesta Zagreb\",\"description\":\"\",\"potentialAction\":[{\"@type\":\"SearchAction\",\"target\":{\"@type\":\"EntryPoint\",\"urlTemplate\":\"http:\/\/www.slovenci-zagreb.hr\/si\/?s={search_term_string}\"},\"query-input\":\"required name=search_term_string\"}],\"inLanguage\":\"sl-SI\"},{\"@type\":\"Person\",\"@id\":\"http:\/\/www.slovenci-zagreb.hr\/si\/#\/schema\/person\/a34ecc40aa73e6dd78780facef777d32\",\"name\":\"agata\",\"image\":{\"@type\":\"ImageObject\",\"inLanguage\":\"sl-SI\",\"@id\":\"http:\/\/www.slovenci-zagreb.hr\/si\/#\/schema\/person\/image\/\",\"url\":\"https:\/\/secure.gravatar.com\/avatar\/42c070b2dbf14a48e0639733f946c907?s=96&d=mm&r=g\",\"contentUrl\":\"https:\/\/secure.gravatar.com\/avatar\/42c070b2dbf14a48e0639733f946c907?s=96&d=mm&r=g\",\"caption\":\"agata\"},\"url\":\"https:\/\/www.slovenci-zagreb.hr\/si\/author\/agata\/\"}]}<\/script>\n<!-- \/ Yoast SEO plugin. -->","yoast_head_json":{"title":"Vabilo - bo\u017ei\u010dna razstava, retrospektiva kreativne delavnice \u0160opek | Slovenski dom in Svet slovenske nacionalne manj\u0161ine Mesta Zagreb","robots":{"index":"index","follow":"follow","max-snippet":"max-snippet:-1","max-image-preview":"max-image-preview:large","max-video-preview":"max-video-preview:-1"},"canonical":"https:\/\/www.slovenci-zagreb.hr\/si\/vabilo-bozicna-razstava-retrospektiva-kreativne-delavnice-sopek\/","og_locale":"sl_SI","og_type":"article","og_title":"Vabilo - bo\u017ei\u010dna razstava, retrospektiva kreativne delavnice \u0160opek | Slovenski dom in Svet slovenske nacionalne manj\u0161ine Mesta Zagreb","og_url":"https:\/\/www.slovenci-zagreb.hr\/si\/vabilo-bozicna-razstava-retrospektiva-kreativne-delavnice-sopek\/","og_site_name":"Slovenski dom in Svet slovenske nacionalne manj\u0161ine Mesta Zagreb","article_published_time":"2025-12-03T11:00:57+00:00","article_modified_time":"2025-12-12T17:37:51+00:00","og_image":[{"url":"http:\/\/www.slovenci-zagreb.hr\/si\/wp-content\/uploads\/sites\/2\/2025\/12\/Sopek-retrospektiva-slo_zadnje-2.jpg"}],"author":"agata","twitter_misc":{"Written by":"agata","Est. reading time":"1 minuta"},"schema":{"@context":"https:\/\/schema.org","@graph":[{"@type":"WebPage","@id":"https:\/\/www.slovenci-zagreb.hr\/si\/vabilo-bozicna-razstava-retrospektiva-kreativne-delavnice-sopek\/","url":"https:\/\/www.slovenci-zagreb.hr\/si\/vabilo-bozicna-razstava-retrospektiva-kreativne-delavnice-sopek\/","name":"Vabilo - bo\u017ei\u010dna razstava, retrospektiva kreativne delavnice \u0160opek | Slovenski dom in Svet slovenske nacionalne manj\u0161ine Mesta Zagreb","isPartOf":{"@id":"http:\/\/www.slovenci-zagreb.hr\/si\/#website"},"datePublished":"2025-12-03T11:00:57+00:00","dateModified":"2025-12-12T17:37:51+00:00","author":{"@id":"http:\/\/www.slovenci-zagreb.hr\/si\/#\/schema\/person\/a34ecc40aa73e6dd78780facef777d32"},"breadcrumb":{"@id":"https:\/\/www.slovenci-zagreb.hr\/si\/vabilo-bozicna-razstava-retrospektiva-kreativne-delavnice-sopek\/#breadcrumb"},"inLanguage":"sl-SI","potentialAction":[{"@type":"ReadAction","target":["https:\/\/www.slovenci-zagreb.hr\/si\/vabilo-bozicna-razstava-retrospektiva-kreativne-delavnice-sopek\/"]}]},{"@type":"BreadcrumbList","@id":"https:\/\/www.slovenci-zagreb.hr\/si\/vabilo-bozicna-razstava-retrospektiva-kreativne-delavnice-sopek\/#breadcrumb","itemListElement":[{"@type":"ListItem","position":1,"name":"Home","item":"http:\/\/www.slovenci-zagreb.hr\/si\/"},{"@type":"ListItem","position":2,"name":"Vabilo &#8211; bo\u017ei\u010dna razstava, retrospektiva kreativne delavnice \u0160opek"}]},{"@type":"WebSite","@id":"http:\/\/www.slovenci-zagreb.hr\/si\/#website","url":"http:\/\/www.slovenci-zagreb.hr\/si\/","name":"Slovenski dom in Svet slovenske nacionalne manj\u0161ine Mesta Zagreb","description":"","potentialAction":[{"@type":"SearchAction","target":{"@type":"EntryPoint","urlTemplate":"http:\/\/www.slovenci-zagreb.hr\/si\/?s={search_term_string}"},"query-input":"required name=search_term_string"}],"inLanguage":"sl-SI"},{"@type":"Person","@id":"http:\/\/www.slovenci-zagreb.hr\/si\/#\/schema\/person\/a34ecc40aa73e6dd78780facef777d32","name":"agata","image":{"@type":"ImageObject","inLanguage":"sl-SI","@id":"http:\/\/www.slovenci-zagreb.hr\/si\/#\/schema\/person\/image\/","url":"https:\/\/secure.gravatar.com\/avatar\/42c070b2dbf14a48e0639733f946c907?s=96&d=mm&r=g","contentUrl":"https:\/\/secure.gravatar.com\/avatar\/42c070b2dbf14a48e0639733f946c907?s=96&d=mm&r=g","caption":"agata"},"url":"https:\/\/www.slovenci-zagreb.hr\/si\/author\/agata\/"}]}},"_links":{"self":[{"href":"https:\/\/www.slovenci-zagreb.hr\/si\/wp-json\/wp\/v2\/posts\/7594"}],"collection":[{"href":"https:\/\/www.slovenci-zagreb.hr\/si\/wp-json\/wp\/v2\/posts"}],"about":[{"href":"https:\/\/www.slovenci-zagreb.hr\/si\/wp-json\/wp\/v2\/types\/post"}],"author":[{"embeddable":true,"href":"https:\/\/www.slovenci-zagreb.hr\/si\/wp-json\/wp\/v2\/users\/3"}],"replies":[{"embeddable":true,"href":"https:\/\/www.slovenci-zagreb.hr\/si\/wp-json\/wp\/v2\/comments?post=7594"}],"version-history":[{"count":3,"href":"https:\/\/www.slovenci-zagreb.hr\/si\/wp-json\/wp\/v2\/posts\/7594\/revisions"}],"predecessor-version":[{"id":7604,"href":"https:\/\/www.slovenci-zagreb.hr\/si\/wp-json\/wp\/v2\/posts\/7594\/revisions\/7604"}],"wp:attachment":[{"href":"https:\/\/www.slovenci-zagreb.hr\/si\/wp-json\/wp\/v2\/media?parent=7594"}],"wp:term":[{"taxonomy":"category","embeddable":true,"href":"https:\/\/www.slovenci-zagreb.hr\/si\/wp-json\/wp\/v2\/categories?post=7594"},{"taxonomy":"post_tag","embeddable":true,"href":"https:\/\/www.slovenci-zagreb.hr\/si\/wp-json\/wp\/v2\/tags?post=7594"}],"curies":[{"name":"wp","href":"https:\/\/api.w.org\/{rel}","templated":true}]}}