{"id":7680,"date":"2026-02-24T12:53:45","date_gmt":"2026-02-24T11:53:45","guid":{"rendered":"https:\/\/www.slovenci-zagreb.hr\/si\/?p=7680"},"modified":"2026-03-09T13:02:15","modified_gmt":"2026-03-09T12:02:15","slug":"predavanje-o-heraldicnem-umetniku-milanu-sunku","status":"publish","type":"post","link":"https:\/\/www.slovenci-zagreb.hr\/si\/predavanje-o-heraldicnem-umetniku-milanu-sunku\/","title":{"rendered":"Predavanje o heraldi\u010dnem umetniku Milanu Sunku"},"content":{"rendered":"<p>V torek, 24. februarja 2026, je v prostorih Slovenskega doma Zagreb potekalo zanimivo predavanje o skoraj pozabljenem heraldi\u010dnem umetniku Milanu Sunko. Predaval je \u017deljko Heimer, raziskovalec heraldike in avtor znanstvene monografije o tem umetniku, ki je iz\u0161la leta 2024.<\/p>\n<p>Predavatelj je predstavil \u017eivljenjsko pot Sunka, rojenega leta 1860 v Zidanem Mostu, ki je kljub kratkemu \u017eivljenju dosegel izjemen ugled na podro\u010dju heraldi\u010dne umetnosti. Izobra\u017eeval se je na Dunaju, kjer se je specializiral za risanje grbov, rodoslovnih dreves in ex librisov. Njegova dela so bila naro\u010dana v \u0161tevilnih evropskih dr\u017eavah, zaradi \u010desar je bil ob koncu 19. stoletja znan tudi izven prostora Avstro-Ogrske.<\/p>\n<p>\u010ceprav je njegova umetni\u0161ka pot obetala veliko, jo je prekinila bolezen \u2013 Sunko je leta 1891 v Zagreb umrl za tuberkulozo star komaj 31 let. Pokopan je bil na pokopali\u0161\u010du Mirogoj.<\/p>\n<p>Predavanje, ki so ga organizirali Hrva\u0161ko-slovensko dru\u0161tvo prijateljstva, <em>Hrvatsko grboslovno i zastavoslovno dru\u0161tvo<\/em> je osvetlilo tudi, kako je bil umetnik kasneje skoraj pozabljen, ter kako sodobne raziskave ponovno odkrivajo njegov pomen za razvoj heraldi\u010dne umetnosti. Dogodek je tako obiskovalcem pribli\u017eal zanimivo osebnost, ki predstavlja pomembno vez med slovenskim in hrva\u0161kim kulturnim prostorom. (ab)<\/p>\n<p>Foto: ab \/ mv<\/p>\n\n\t\t<style type=\"text\/css\">\n\t\t\t#gallery-1 {\n\t\t\t\tmargin: auto;\n\t\t\t}\n\t\t\t#gallery-1 .gallery-item {\n\t\t\t\tfloat: left;\n\t\t\t\tmargin-top: 10px;\n\t\t\t\ttext-align: center;\n\t\t\t\twidth: 50%;\n\t\t\t}\n\t\t\t#gallery-1 img {\n\t\t\t\tborder: 2px solid #cfcfcf;\n\t\t\t}\n\t\t\t#gallery-1 .gallery-caption {\n\t\t\t\tmargin-left: 0;\n\t\t\t}\n\t\t\t\/* see gallery_shortcode() in wp-includes\/media.php *\/\n\t\t<\/style>\n\t\t<div id='gallery-1' class='gallery galleryid-7680 gallery-columns-2 gallery-size-medium'><dl class='gallery-item'>\n\t\t\t<dt class='gallery-icon portrait'>\n\t\t\t\t<a href='https:\/\/www.slovenci-zagreb.hr\/si\/wp-content\/uploads\/sites\/2\/2026\/03\/MS3.jpg'><img decoding=\"async\" width=\"225\" height=\"300\" src=\"https:\/\/www.slovenci-zagreb.hr\/si\/wp-content\/uploads\/sites\/2\/2026\/03\/MS3-225x300.jpg\" class=\"attachment-medium size-medium\" alt=\"\" srcset=\"https:\/\/www.slovenci-zagreb.hr\/si\/wp-content\/uploads\/sites\/2\/2026\/03\/MS3-200x267.jpg 200w, https:\/\/www.slovenci-zagreb.hr\/si\/wp-content\/uploads\/sites\/2\/2026\/03\/MS3-225x300.jpg 225w, https:\/\/www.slovenci-zagreb.hr\/si\/wp-content\/uploads\/sites\/2\/2026\/03\/MS3-400x533.jpg 400w, https:\/\/www.slovenci-zagreb.hr\/si\/wp-content\/uploads\/sites\/2\/2026\/03\/MS3-600x800.jpg 600w, https:\/\/www.slovenci-zagreb.hr\/si\/wp-content\/uploads\/sites\/2\/2026\/03\/MS3.jpg 700w\" sizes=\"(max-width: 225px) 100vw, 225px\" \/><\/a>\n\t\t\t<\/dt><\/dl><dl class='gallery-item'>\n\t\t\t<dt class='gallery-icon landscape'>\n\t\t\t\t<a href='https:\/\/www.slovenci-zagreb.hr\/si\/wp-content\/uploads\/sites\/2\/2026\/03\/MS1.jpg'><img decoding=\"async\" width=\"300\" height=\"225\" src=\"https:\/\/www.slovenci-zagreb.hr\/si\/wp-content\/uploads\/sites\/2\/2026\/03\/MS1-300x225.jpg\" class=\"attachment-medium size-medium\" alt=\"\" srcset=\"https:\/\/www.slovenci-zagreb.hr\/si\/wp-content\/uploads\/sites\/2\/2026\/03\/MS1-200x150.jpg 200w, https:\/\/www.slovenci-zagreb.hr\/si\/wp-content\/uploads\/sites\/2\/2026\/03\/MS1-300x225.jpg 300w, https:\/\/www.slovenci-zagreb.hr\/si\/wp-content\/uploads\/sites\/2\/2026\/03\/MS1-400x300.jpg 400w, https:\/\/www.slovenci-zagreb.hr\/si\/wp-content\/uploads\/sites\/2\/2026\/03\/MS1-600x450.jpg 600w, https:\/\/www.slovenci-zagreb.hr\/si\/wp-content\/uploads\/sites\/2\/2026\/03\/MS1.jpg 700w\" sizes=\"(max-width: 300px) 100vw, 300px\" \/><\/a>\n\t\t\t<\/dt><\/dl><br style=\"clear: both\" \/><dl class='gallery-item'>\n\t\t\t<dt class='gallery-icon portrait'>\n\t\t\t\t<a href='https:\/\/www.slovenci-zagreb.hr\/si\/wp-content\/uploads\/sites\/2\/2026\/03\/MS2.jpg'><img decoding=\"async\" width=\"225\" height=\"300\" src=\"https:\/\/www.slovenci-zagreb.hr\/si\/wp-content\/uploads\/sites\/2\/2026\/03\/MS2-225x300.jpg\" class=\"attachment-medium size-medium\" alt=\"\" srcset=\"https:\/\/www.slovenci-zagreb.hr\/si\/wp-content\/uploads\/sites\/2\/2026\/03\/MS2-200x267.jpg 200w, https:\/\/www.slovenci-zagreb.hr\/si\/wp-content\/uploads\/sites\/2\/2026\/03\/MS2-225x300.jpg 225w, https:\/\/www.slovenci-zagreb.hr\/si\/wp-content\/uploads\/sites\/2\/2026\/03\/MS2-400x533.jpg 400w, https:\/\/www.slovenci-zagreb.hr\/si\/wp-content\/uploads\/sites\/2\/2026\/03\/MS2-600x800.jpg 600w, https:\/\/www.slovenci-zagreb.hr\/si\/wp-content\/uploads\/sites\/2\/2026\/03\/MS2.jpg 700w\" sizes=\"(max-width: 225px) 100vw, 225px\" \/><\/a>\n\t\t\t<\/dt><\/dl><dl class='gallery-item'>\n\t\t\t<dt class='gallery-icon landscape'>\n\t\t\t\t<a href='https:\/\/www.slovenci-zagreb.hr\/si\/wp-content\/uploads\/sites\/2\/2026\/03\/ZH_MV.jpg'><img decoding=\"async\" width=\"300\" height=\"169\" src=\"https:\/\/www.slovenci-zagreb.hr\/si\/wp-content\/uploads\/sites\/2\/2026\/03\/ZH_MV-300x169.jpg\" class=\"attachment-medium size-medium\" alt=\"\" srcset=\"https:\/\/www.slovenci-zagreb.hr\/si\/wp-content\/uploads\/sites\/2\/2026\/03\/ZH_MV-200x113.jpg 200w, https:\/\/www.slovenci-zagreb.hr\/si\/wp-content\/uploads\/sites\/2\/2026\/03\/ZH_MV-300x169.jpg 300w, https:\/\/www.slovenci-zagreb.hr\/si\/wp-content\/uploads\/sites\/2\/2026\/03\/ZH_MV-400x225.jpg 400w, https:\/\/www.slovenci-zagreb.hr\/si\/wp-content\/uploads\/sites\/2\/2026\/03\/ZH_MV-600x338.jpg 600w, https:\/\/www.slovenci-zagreb.hr\/si\/wp-content\/uploads\/sites\/2\/2026\/03\/ZH_MV.jpg 700w\" sizes=\"(max-width: 300px) 100vw, 300px\" \/><\/a>\n\t\t\t<\/dt><\/dl><br style=\"clear: both\" \/>\n\t\t<\/div>\n\n","protected":false},"excerpt":{"rendered":"<p>V torek, 24. februarja 2026, je v prostorih Slovenskega doma Zagreb potekalo zanimivo predavanje o skoraj pozabljenem heraldi\u010dnem umetniku Milanu Sunko. Predaval je \u017deljko Heimer, raziskovalec heraldike in avtor znanstvene monografije o tem umetniku, ki je iz\u0161la leta 2024. Predavatelj je predstavil \u017eivljenjsko pot Sunka, rojenega leta 1860 v Zidanem Mostu, ki je kljub kratkemu [&hellip;]<\/p>\n","protected":false},"author":3,"featured_media":7681,"comment_status":"closed","ping_status":"open","sticky":false,"template":"","format":"standard","meta":{"footnotes":""},"categories":[5],"tags":[],"yoast_head":"<!-- This site is optimized with the Yoast SEO plugin v22.0 - https:\/\/yoast.com\/wordpress\/plugins\/seo\/ -->\n<title>Predavanje o heraldi\u010dnem umetniku Milanu Sunku | Slovenski dom in Svet slovenske nacionalne manj\u0161ine Mesta Zagreb<\/title>\n<meta name=\"robots\" content=\"index, follow, max-snippet:-1, max-image-preview:large, max-video-preview:-1\" \/>\n<link rel=\"canonical\" href=\"https:\/\/www.slovenci-zagreb.hr\/si\/predavanje-o-heraldicnem-umetniku-milanu-sunku\/\" \/>\n<meta property=\"og:locale\" content=\"sl_SI\" \/>\n<meta property=\"og:type\" content=\"article\" \/>\n<meta property=\"og:title\" content=\"Predavanje o heraldi\u010dnem umetniku Milanu Sunku | Slovenski dom in Svet slovenske nacionalne manj\u0161ine Mesta Zagreb\" \/>\n<meta property=\"og:description\" content=\"V torek, 24. februarja 2026, je v prostorih Slovenskega doma Zagreb potekalo zanimivo predavanje o skoraj pozabljenem heraldi\u010dnem umetniku Milanu Sunko. Predaval je \u017deljko Heimer, raziskovalec heraldike in avtor znanstvene monografije o tem umetniku, ki je iz\u0161la leta 2024. Predavatelj je predstavil \u017eivljenjsko pot Sunka, rojenega leta 1860 v Zidanem Mostu, ki je kljub kratkemu [&hellip;]\" \/>\n<meta property=\"og:url\" content=\"https:\/\/www.slovenci-zagreb.hr\/si\/predavanje-o-heraldicnem-umetniku-milanu-sunku\/\" \/>\n<meta property=\"og:site_name\" content=\"Slovenski dom in Svet slovenske nacionalne manj\u0161ine Mesta Zagreb\" \/>\n<meta property=\"article:published_time\" content=\"2026-02-24T11:53:45+00:00\" \/>\n<meta property=\"article:modified_time\" content=\"2026-03-09T12:02:15+00:00\" \/>\n<meta property=\"og:image\" content=\"https:\/\/www.slovenci-zagreb.hr\/si\/wp-content\/uploads\/sites\/2\/2026\/03\/MS1.jpg\" \/>\n\t<meta property=\"og:image:width\" content=\"700\" \/>\n\t<meta property=\"og:image:height\" content=\"525\" \/>\n\t<meta property=\"og:image:type\" content=\"image\/jpeg\" \/>\n<meta name=\"author\" content=\"agata\" \/>\n<meta name=\"twitter:label1\" content=\"Written by\" \/>\n\t<meta name=\"twitter:data1\" content=\"agata\" \/>\n\t<meta name=\"twitter:label2\" content=\"Est. reading time\" \/>\n\t<meta name=\"twitter:data2\" content=\"1 minuta\" \/>\n<script type=\"application\/ld+json\" class=\"yoast-schema-graph\">{\"@context\":\"https:\/\/schema.org\",\"@graph\":[{\"@type\":\"WebPage\",\"@id\":\"https:\/\/www.slovenci-zagreb.hr\/si\/predavanje-o-heraldicnem-umetniku-milanu-sunku\/\",\"url\":\"https:\/\/www.slovenci-zagreb.hr\/si\/predavanje-o-heraldicnem-umetniku-milanu-sunku\/\",\"name\":\"Predavanje o heraldi\u010dnem umetniku Milanu Sunku | Slovenski dom in Svet slovenske nacionalne manj\u0161ine Mesta Zagreb\",\"isPartOf\":{\"@id\":\"http:\/\/www.slovenci-zagreb.hr\/si\/#website\"},\"datePublished\":\"2026-02-24T11:53:45+00:00\",\"dateModified\":\"2026-03-09T12:02:15+00:00\",\"author\":{\"@id\":\"http:\/\/www.slovenci-zagreb.hr\/si\/#\/schema\/person\/a34ecc40aa73e6dd78780facef777d32\"},\"breadcrumb\":{\"@id\":\"https:\/\/www.slovenci-zagreb.hr\/si\/predavanje-o-heraldicnem-umetniku-milanu-sunku\/#breadcrumb\"},\"inLanguage\":\"sl-SI\",\"potentialAction\":[{\"@type\":\"ReadAction\",\"target\":[\"https:\/\/www.slovenci-zagreb.hr\/si\/predavanje-o-heraldicnem-umetniku-milanu-sunku\/\"]}]},{\"@type\":\"BreadcrumbList\",\"@id\":\"https:\/\/www.slovenci-zagreb.hr\/si\/predavanje-o-heraldicnem-umetniku-milanu-sunku\/#breadcrumb\",\"itemListElement\":[{\"@type\":\"ListItem\",\"position\":1,\"name\":\"Home\",\"item\":\"http:\/\/www.slovenci-zagreb.hr\/si\/\"},{\"@type\":\"ListItem\",\"position\":2,\"name\":\"Predavanje o heraldi\u010dnem umetniku Milanu Sunku\"}]},{\"@type\":\"WebSite\",\"@id\":\"http:\/\/www.slovenci-zagreb.hr\/si\/#website\",\"url\":\"http:\/\/www.slovenci-zagreb.hr\/si\/\",\"name\":\"Slovenski dom in Svet slovenske nacionalne manj\u0161ine Mesta Zagreb\",\"description\":\"\",\"potentialAction\":[{\"@type\":\"SearchAction\",\"target\":{\"@type\":\"EntryPoint\",\"urlTemplate\":\"http:\/\/www.slovenci-zagreb.hr\/si\/?s={search_term_string}\"},\"query-input\":\"required name=search_term_string\"}],\"inLanguage\":\"sl-SI\"},{\"@type\":\"Person\",\"@id\":\"http:\/\/www.slovenci-zagreb.hr\/si\/#\/schema\/person\/a34ecc40aa73e6dd78780facef777d32\",\"name\":\"agata\",\"image\":{\"@type\":\"ImageObject\",\"inLanguage\":\"sl-SI\",\"@id\":\"http:\/\/www.slovenci-zagreb.hr\/si\/#\/schema\/person\/image\/\",\"url\":\"https:\/\/secure.gravatar.com\/avatar\/42c070b2dbf14a48e0639733f946c907?s=96&d=mm&r=g\",\"contentUrl\":\"https:\/\/secure.gravatar.com\/avatar\/42c070b2dbf14a48e0639733f946c907?s=96&d=mm&r=g\",\"caption\":\"agata\"},\"url\":\"https:\/\/www.slovenci-zagreb.hr\/si\/author\/agata\/\"}]}<\/script>\n<!-- \/ Yoast SEO plugin. -->","yoast_head_json":{"title":"Predavanje o heraldi\u010dnem umetniku Milanu Sunku | Slovenski dom in Svet slovenske nacionalne manj\u0161ine Mesta Zagreb","robots":{"index":"index","follow":"follow","max-snippet":"max-snippet:-1","max-image-preview":"max-image-preview:large","max-video-preview":"max-video-preview:-1"},"canonical":"https:\/\/www.slovenci-zagreb.hr\/si\/predavanje-o-heraldicnem-umetniku-milanu-sunku\/","og_locale":"sl_SI","og_type":"article","og_title":"Predavanje o heraldi\u010dnem umetniku Milanu Sunku | Slovenski dom in Svet slovenske nacionalne manj\u0161ine Mesta Zagreb","og_description":"V torek, 24. februarja 2026, je v prostorih Slovenskega doma Zagreb potekalo zanimivo predavanje o skoraj pozabljenem heraldi\u010dnem umetniku Milanu Sunko. Predaval je \u017deljko Heimer, raziskovalec heraldike in avtor znanstvene monografije o tem umetniku, ki je iz\u0161la leta 2024. Predavatelj je predstavil \u017eivljenjsko pot Sunka, rojenega leta 1860 v Zidanem Mostu, ki je kljub kratkemu [&hellip;]","og_url":"https:\/\/www.slovenci-zagreb.hr\/si\/predavanje-o-heraldicnem-umetniku-milanu-sunku\/","og_site_name":"Slovenski dom in Svet slovenske nacionalne manj\u0161ine Mesta Zagreb","article_published_time":"2026-02-24T11:53:45+00:00","article_modified_time":"2026-03-09T12:02:15+00:00","og_image":[{"width":700,"height":525,"url":"https:\/\/www.slovenci-zagreb.hr\/si\/wp-content\/uploads\/sites\/2\/2026\/03\/MS1.jpg","type":"image\/jpeg"}],"author":"agata","twitter_misc":{"Written by":"agata","Est. reading time":"1 minuta"},"schema":{"@context":"https:\/\/schema.org","@graph":[{"@type":"WebPage","@id":"https:\/\/www.slovenci-zagreb.hr\/si\/predavanje-o-heraldicnem-umetniku-milanu-sunku\/","url":"https:\/\/www.slovenci-zagreb.hr\/si\/predavanje-o-heraldicnem-umetniku-milanu-sunku\/","name":"Predavanje o heraldi\u010dnem umetniku Milanu Sunku | Slovenski dom in Svet slovenske nacionalne manj\u0161ine Mesta Zagreb","isPartOf":{"@id":"http:\/\/www.slovenci-zagreb.hr\/si\/#website"},"datePublished":"2026-02-24T11:53:45+00:00","dateModified":"2026-03-09T12:02:15+00:00","author":{"@id":"http:\/\/www.slovenci-zagreb.hr\/si\/#\/schema\/person\/a34ecc40aa73e6dd78780facef777d32"},"breadcrumb":{"@id":"https:\/\/www.slovenci-zagreb.hr\/si\/predavanje-o-heraldicnem-umetniku-milanu-sunku\/#breadcrumb"},"inLanguage":"sl-SI","potentialAction":[{"@type":"ReadAction","target":["https:\/\/www.slovenci-zagreb.hr\/si\/predavanje-o-heraldicnem-umetniku-milanu-sunku\/"]}]},{"@type":"BreadcrumbList","@id":"https:\/\/www.slovenci-zagreb.hr\/si\/predavanje-o-heraldicnem-umetniku-milanu-sunku\/#breadcrumb","itemListElement":[{"@type":"ListItem","position":1,"name":"Home","item":"http:\/\/www.slovenci-zagreb.hr\/si\/"},{"@type":"ListItem","position":2,"name":"Predavanje o heraldi\u010dnem umetniku Milanu Sunku"}]},{"@type":"WebSite","@id":"http:\/\/www.slovenci-zagreb.hr\/si\/#website","url":"http:\/\/www.slovenci-zagreb.hr\/si\/","name":"Slovenski dom in Svet slovenske nacionalne manj\u0161ine Mesta Zagreb","description":"","potentialAction":[{"@type":"SearchAction","target":{"@type":"EntryPoint","urlTemplate":"http:\/\/www.slovenci-zagreb.hr\/si\/?s={search_term_string}"},"query-input":"required name=search_term_string"}],"inLanguage":"sl-SI"},{"@type":"Person","@id":"http:\/\/www.slovenci-zagreb.hr\/si\/#\/schema\/person\/a34ecc40aa73e6dd78780facef777d32","name":"agata","image":{"@type":"ImageObject","inLanguage":"sl-SI","@id":"http:\/\/www.slovenci-zagreb.hr\/si\/#\/schema\/person\/image\/","url":"https:\/\/secure.gravatar.com\/avatar\/42c070b2dbf14a48e0639733f946c907?s=96&d=mm&r=g","contentUrl":"https:\/\/secure.gravatar.com\/avatar\/42c070b2dbf14a48e0639733f946c907?s=96&d=mm&r=g","caption":"agata"},"url":"https:\/\/www.slovenci-zagreb.hr\/si\/author\/agata\/"}]}},"_links":{"self":[{"href":"https:\/\/www.slovenci-zagreb.hr\/si\/wp-json\/wp\/v2\/posts\/7680"}],"collection":[{"href":"https:\/\/www.slovenci-zagreb.hr\/si\/wp-json\/wp\/v2\/posts"}],"about":[{"href":"https:\/\/www.slovenci-zagreb.hr\/si\/wp-json\/wp\/v2\/types\/post"}],"author":[{"embeddable":true,"href":"https:\/\/www.slovenci-zagreb.hr\/si\/wp-json\/wp\/v2\/users\/3"}],"replies":[{"embeddable":true,"href":"https:\/\/www.slovenci-zagreb.hr\/si\/wp-json\/wp\/v2\/comments?post=7680"}],"version-history":[{"count":1,"href":"https:\/\/www.slovenci-zagreb.hr\/si\/wp-json\/wp\/v2\/posts\/7680\/revisions"}],"predecessor-version":[{"id":7685,"href":"https:\/\/www.slovenci-zagreb.hr\/si\/wp-json\/wp\/v2\/posts\/7680\/revisions\/7685"}],"wp:featuredmedia":[{"embeddable":true,"href":"https:\/\/www.slovenci-zagreb.hr\/si\/wp-json\/wp\/v2\/media\/7681"}],"wp:attachment":[{"href":"https:\/\/www.slovenci-zagreb.hr\/si\/wp-json\/wp\/v2\/media?parent=7680"}],"wp:term":[{"taxonomy":"category","embeddable":true,"href":"https:\/\/www.slovenci-zagreb.hr\/si\/wp-json\/wp\/v2\/categories?post=7680"},{"taxonomy":"post_tag","embeddable":true,"href":"https:\/\/www.slovenci-zagreb.hr\/si\/wp-json\/wp\/v2\/tags?post=7680"}],"curies":[{"name":"wp","href":"https:\/\/api.w.org\/{rel}","templated":true}]}}